{"id":226769,"date":"2015-07-22T00:01:07","date_gmt":"2015-07-22T05:01:07","guid":{"rendered":"http:\/\/www.diarioimagen.net\/?p=226769"},"modified":"2015-07-23T00:49:55","modified_gmt":"2015-07-23T05:49:55","slug":"grand-mision-valle-de-bravo-recibe-la-insignia-ecolideres-que-otorga-tripadvisor","status":"publish","type":"post","link":"https:\/\/www.diarioimagen.net\/?p=226769","title":{"rendered":"Grand Misi\u00f3n Valle de Bravo recibe la insignia EcoL\u00edderes, que otorga TripAdvisor"},"content":{"rendered":"<h2>De cinco estrellas<\/h2>\n<h5>Victoria Gonz\u00e1lez Prado<\/h5>\n<p>&nbsp;<\/p>\n<ul>\n<li><em><strong>La compa\u00f1\u00eda de transporte terrestre ADO crea \u201cAfiliado\u201d, programa que permite comercializar los servicios de transporte<\/strong><\/em><\/li>\n<li><em><strong>En la celebraci\u00f3n de los 17 a\u00f1os de Fiesta Americana Vacation Club, Posadas anuncia la venta de mil millones de d\u00f3lares<\/strong><\/em><\/li>\n<li><em><strong>La \u201cCarrera con Causa American Express 5 y 10 km\u201d se realizar\u00e1 el domingo 8 de noviembre y apoyar\u00e1 la cultura<\/strong><\/em><\/li>\n<li><em><strong>JetBlue inicia operaciones desde la ciudad de M\u00e9xico a Fort Lauderdale, en el sur de la Florida y Orlando<\/strong><\/em><\/li>\n<\/ul>\n<div id=\"attachment_226884\" style=\"width: 197px\" class=\"wp-caption alignleft\"><a href=\"http:\/\/www.diarioimagen.net\/?attachment_id=226884\" rel=\"attachment wp-att-226884\"><img loading=\"lazy\" decoding=\"async\" aria-describedby=\"caption-attachment-226884\" class=\"wp-image-226884\" src=\"http:\/\/www.diarioimagen.net\/wp-content\/uploads\/2015\/07\/turismo-2659-279x420.jpg\" alt=\"Vista del Grand Misi\u00f3n Valle de Bravo.\" width=\"187\" height=\"282\" srcset=\"https:\/\/www.diarioimagen.net\/wp-content\/uploads\/2015\/07\/turismo-2659-279x420.jpg 279w, https:\/\/www.diarioimagen.net\/wp-content\/uploads\/2015\/07\/turismo-2659-159x240.jpg 159w, https:\/\/www.diarioimagen.net\/wp-content\/uploads\/2015\/07\/turismo-2659.jpg 500w\" sizes=\"auto, (max-width: 187px) 100vw, 187px\" \/><\/a><p id=\"caption-attachment-226884\" class=\"wp-caption-text\">Vista del Grand Misi\u00f3n Valle de Bravo.<\/p><\/div>\n<p>Desde hace dos a\u00f1os se implement\u00f3 en el Hotel Misi\u00f3n Grand Valle de Bravo el programa corporativo Misi\u00f3n Sustentable, cuyo principal objetivo es reducir, reutilizar y reciclar, as\u00ed como administrar los recursos y ser amables con el medio ambiente.<\/p>\n<p>Gracias a sus resultados, los hu\u00e9spedes lo han calificado con excelentes comentarios en la plataforma de <em>TripAdvisor,<\/em> de tal forma que obtuvo la insignia <em>EcoL\u00edderes,<\/em> que incluye a todos los prestadores de servicios hoteleros comprometidos con ecopr\u00e1cticas, como el reciclaje, la preparaci\u00f3n de alimentos locales y org\u00e1nicos, el ahorro de energ\u00e9ticos, etc\u00e9tera.<\/p>\n<p>Adem\u00e1s, con el fin de ofrecer informaci\u00f3n y entretenimiento a sus clientes, la propiedad de la cadena mexicana recopil\u00f3 informaci\u00f3n de la flora y fauna circundante y elabor\u00f3 fichas t\u00e9cnicas y se\u00f1al\u00e9tica del h\u00e1bitat del bosque dentro del que existen: aguilillas cola roja, p\u00e1jaros carpinteros, cenzontles, colibr\u00edes, colorines, garzas morenas y gavilanes pescadores, entre otros.<\/p>\n<p>En cuanto a la flora destacan: hiedra, papiro, cortadelia, ocote, durazno, helecho y pino navide\u00f1o, por mencionar algunos y a cuyo favor se implement\u00f3 un proyecto de preparaci\u00f3n de compostas org\u00e1nicas. Actualmente, se lleva a cabo la b\u00fasqueda de proveedores locales que ofrezcan artesan\u00edas o alimentos propios de la regi\u00f3n para su fomento dentro de las instalaciones.<\/p>\n<p>A ese respecto, \u00d3scar Serrano, gerente general del hotel dijo: \u201cNos sentimos muy orgullosos de formar parte de este programa y saber que nuestra participaci\u00f3n en pro del medio ambiente rinde frutos. Seguiremos trabajando para ser parte permanente de este programa y con la intenci\u00f3n de implementarlo a nivel cadena, ya que en Hoteles Misi\u00f3n estamos comprometidos 100% con el cuidado del planeta\u201d.<\/p>\n<p>\u2730\u2730\u2730\u2730\u2730 La compa\u00f1\u00eda de transporte terrestre ADO ha creado el programa \u201cAfiliado\u201d en el que la persona que lo desee puede comercializar los servicios de transporte y ganar dinero.<\/p>\n<p>Es una persona a quien se le otorga el derecho de comercializar el servicio de transporte for\u00e1neo del Grupo por medio de la p\u00e1gina web y quien recibe un beneficio econ\u00f3mico de acuerdo\u00a0al saldo adquirido.<\/p>\n<p>Los beneficios de ser un\u00a0\u2018Afiliado\u2019\u00a0son muchos, entre ellos: ganar dinero en el tiempo libre, retorno de inversi\u00f3n a corto plazo, trabajar desde la comodidad del hogar o emprender un negocio con baja inversi\u00f3n sin necesidad de pagar\u00e9, aval o fianza, adem\u00e1s de recibir capacitaci\u00f3n personalizada y afiliarse a una empresa de prestigio.<\/p>\n<p>De igual forma, para las instituciones o empresas que tengan necesidad de movilidad de personas a los destinos del Grupo, podr\u00e1n contar con un mejor control de sus vi\u00e1ticos, mejor precio, asesor\u00eda constante y disponibilidad inmediata de los boletos de autob\u00fas, evitando\u00a0traslados innecesarios a las terminales.<\/p>\n<p>El programa entr\u00f3 en vigor el 18 de julio pasado e incluye todas las marcas. Para tener la informaci\u00f3n y ser un \u2018Afiliado\u2019 escribe a: <a href=\"mailto:afiliado@grupoado.com.mx\" target=\"_blank\">afiliado@grupoado.com.mx<\/a>.<\/p>\n<p>\u2730\u2730\u2730\u2730\u2730 Con motivo de la celebraci\u00f3n de los 17 a\u00f1os de <em>Fiesta Americana Vacation Club<\/em> (FAVC), Posadas anuncia la cifra hist\u00f3rica de venta de mil millones de d\u00f3lares desde su lanzamiento en 1998 hasta el mes de julio, un claro reflejo de su constante b\u00fasqueda por mantener los m\u00e1s altos est\u00e1ndares de servicio y calidad para sus socios y familias.<\/p>\n<p>El programa permite a sus socios viajar durante todo el a\u00f1o a los m\u00e1s de 130 hoteles de la cadena, en m\u00e1s de 50 destinos en todo M\u00e9xico, adem\u00e1s de brindarles la opci\u00f3n de viajar por el mundo mediante alianzas con RCI, que tiene m\u00e1s de 5 mil propiedades en los cinco continentes, y <em>Hilton Grand Vacations,<\/em> cuyos destinos incluyen Florida, Nevada, Hawai, Canad\u00e1, Escocia y Portugal, entre otros.<\/p>\n<p><em>Fiesta Americana Vacation Club<\/em> cuenta con seis desarrollos en Canc\u00fan, Los Cabos, Acapulco y Cozumel.<\/p>\n<p>El programa ha logrado diversificar sus productos vacacionales con la creaci\u00f3n de <em>The Front Door,<\/em> la puerta que da acceso a un mundo de experiencias exclusivas <em>\u201clife style\u201d<\/em> de vacaciones y servicios en residencias de lujo multidestino en 127 pa\u00edses del mundo; adem\u00e1s de K\u00edvac, un programa de puntos intercambiables por noches de hotel, actividades y boletos de avi\u00f3n, que garantiza tarifas preferenciales.<\/p>\n<p><strong>Jos\u00e9 Carlos Azc\u00e1rraga<\/strong>, director general de Posadas se\u00f1ala: \u201cEl programa goza de un enorme crecimiento desde el inicio de sus operaciones, y sin duda nuestra visi\u00f3n a futuro es continuar expandiendo su alcance. Hoy celebramos con una cifra hist\u00f3rica, con ventas de mil millones de d\u00f3lares en 17 a\u00f1os. Actualmente, tenemos en desarrollo el hotel en Acapulco Diamante, que representa una inversi\u00f3n total de 87.3 millones de d\u00f3lares, adem\u00e1s de la construcci\u00f3n de residencias de lujo para <em>The Front Door<\/em> en Los Cabos\u201d.<\/p>\n<p>\u2730\u2730\u2730\u2730\u2730 Este a\u00f1o, la \u201cCarrera con Causa <em>American Express<\/em> 5 y 10 km\u201d se realizar\u00e1 el domingo 8 de noviembre del presente a\u00f1o, en el circuito Reforma-Gandhi y apoyar\u00e1 la cultura, otorgando una aportaci\u00f3n de lo recaudado por concepto de inscripciones a tres museos de la ciudad de M\u00e9xico.<\/p>\n<p>Dicha carrera busca, a\u00f1o con a\u00f1o, generar conciencia y apoyar socialmente a diferentes causas, como la nutrici\u00f3n infantil, la lucha contra el c\u00e1ncer o la generaci\u00f3n de empleos.<\/p>\n<p>Este a\u00f1o, la marca ha decidido enfocarse en el patrimonio cultural, por lo que invita a los corredores a sumarse a esta causa y contribuir as\u00ed a la protecci\u00f3n y resguardo de los museos, que son parte importante de la identidad nacional, de la ciudad y de todos los mexicanos.<\/p>\n<p>Las inscripciones dar\u00e1n inicio el 14 de septiembre de 2015 y los interesados deben registrarse en: <a href=\"http:\/\/www.emociondeportiva.com\" target=\"_blank\">www.emociondeportiva.com<\/a>.<\/p>\n<p>\u2730\u2730\u2730\u2730\u2730 La ciudad de M\u00e9xico ser\u00e1 el segundo destino de <em>JetBlue<\/em> en el pa\u00eds y el 33 en la regi\u00f3n de Latinoam\u00e9rica y el Caribe donde opera la aerol\u00ednea estadounidense. Ahora, podr\u00e1n acceder a tarifas promocionales desde la ciudad de M\u00e9xico a Fort Lauderdale en el sur de la Florida y Orlando. La aerol\u00ednea, que se caracteriza por un galardonado servicio al cliente y que por once a\u00f1os consecutivos ha sido merecedora del premio J<em>.D. Power<\/em>. Las tarifas oscilan entre los 136 y 220 d\u00f3lares viaje redondo con impuestos incluidos.<\/p>\n<p><em><i><a href=\"mailto:victoriagprado@gmail.com\" target=\"_blank\">victoriagprado@gmail.com<\/a><\/i><\/em><\/p>\n","protected":false},"excerpt":{"rendered":"<p>Desde hace dos a\u00f1os se implement\u00f3 en el Hotel Misi\u00f3n Grand Valle de Bravo el programa corporativo Misi\u00f3n Sustentable, cuyo principal objetivo es reducir, reutilizar y reciclar, as\u00ed como administrar los recursos y ser amables con el medio ambiente.<\/p>\n","protected":false},"author":3,"featured_media":226885,"comment_status":"open","ping_status":"open","sticky":false,"template":"","format":"standard","meta":{"_monsterinsights_skip_tracking":false,"_monsterinsights_sitenote_active":false,"_monsterinsights_sitenote_note":"","_monsterinsights_sitenote_category":0,"footnotes":""},"categories":[11],"tags":[107,43674,43681,106],"class_list":["post-226769","post","type-post","status-publish","format-standard","has-post-thumbnail","hentry","category-turismo","tag-de-cinco-estrellas","tag-opinion","tag-turismo","tag-victoria-gonzalez-prado"],"_links":{"self":[{"href":"https:\/\/www.diarioimagen.net\/index.php?rest_route=\/wp\/v2\/posts\/226769","targetHints":{"allow":["GET"]}}],"collection":[{"href":"https:\/\/www.diarioimagen.net\/index.php?rest_route=\/wp\/v2\/posts"}],"about":[{"href":"https:\/\/www.diarioimagen.net\/index.php?rest_route=\/wp\/v2\/types\/post"}],"author":[{"embeddable":true,"href":"https:\/\/www.diarioimagen.net\/index.php?rest_route=\/wp\/v2\/users\/3"}],"replies":[{"embeddable":true,"href":"https:\/\/www.diarioimagen.net\/index.php?rest_route=%2Fwp%2Fv2%2Fcomments&post=226769"}],"version-history":[{"count":0,"href":"https:\/\/www.diarioimagen.net\/index.php?rest_route=\/wp\/v2\/posts\/226769\/revisions"}],"wp:featuredmedia":[{"embeddable":true,"href":"https:\/\/www.diarioimagen.net\/index.php?rest_route=\/wp\/v2\/media\/226885"}],"wp:attachment":[{"href":"https:\/\/www.diarioimagen.net\/index.php?rest_route=%2Fwp%2Fv2%2Fmedia&parent=226769"}],"wp:term":[{"taxonomy":"category","embeddable":true,"href":"https:\/\/www.diarioimagen.net\/index.php?rest_route=%2Fwp%2Fv2%2Fcategories&post=226769"},{"taxonomy":"post_tag","embeddable":true,"href":"https:\/\/www.diarioimagen.net\/index.php?rest_route=%2Fwp%2Fv2%2Ftags&post=226769"}],"curies":[{"name":"wp","href":"https:\/\/api.w.org\/{rel}","templated":true}]}}