{"id":226772,"date":"2015-07-22T00:09:35","date_gmt":"2015-07-22T05:09:35","guid":{"rendered":"http:\/\/www.diarioimagen.net\/?p=226772"},"modified":"2015-07-22T04:35:54","modified_gmt":"2015-07-22T09:35:54","slug":"gdf-quiere-ser-modelo-en-atencion-a-la-infancia","status":"publish","type":"post","link":"https:\/\/www.diarioimagen.net\/?p=226772","title":{"rendered":"GDF quiere ser modelo en atenci\u00f3n a la infancia"},"content":{"rendered":"<ul>\n<li><strong><em>Salud alimentaria<\/em><\/strong><\/li>\n<\/ul>\n<div id=\"attachment_226862\" style=\"width: 250px\" class=\"wp-caption alignleft\"><a href=\"http:\/\/www.diarioimagen.net\/?attachment_id=226862\" rel=\"attachment wp-att-226862\"><img loading=\"lazy\" decoding=\"async\" aria-describedby=\"caption-attachment-226862\" class=\"size-medium wp-image-226862\" src=\"http:\/\/www.diarioimagen.net\/wp-content\/uploads\/2015\/07\/MANCERA-2659-240x135.jpg\" alt=\"El titular del GDF, Miguel \u00c1ngel Mancera, destac\u00f3 los programas Va Seguro, que ofrece cobertura universal a m\u00e1s de 1.9 millones de estudiantes y el Programa Ni\u00f1os Talento, que apoya a 100 mil estudiantes de excelencia.\" width=\"240\" height=\"135\" srcset=\"https:\/\/www.diarioimagen.net\/wp-content\/uploads\/2015\/07\/MANCERA-2659-240x135.jpg 240w, https:\/\/www.diarioimagen.net\/wp-content\/uploads\/2015\/07\/MANCERA-2659-420x236.jpg 420w, https:\/\/www.diarioimagen.net\/wp-content\/uploads\/2015\/07\/MANCERA-2659-235x132.jpg 235w, https:\/\/www.diarioimagen.net\/wp-content\/uploads\/2015\/07\/MANCERA-2659-202x114.jpg 202w, https:\/\/www.diarioimagen.net\/wp-content\/uploads\/2015\/07\/MANCERA-2659-350x196.jpg 350w, https:\/\/www.diarioimagen.net\/wp-content\/uploads\/2015\/07\/MANCERA-2659-220x123.jpg 220w, https:\/\/www.diarioimagen.net\/wp-content\/uploads\/2015\/07\/MANCERA-2659-237x132.jpg 237w, https:\/\/www.diarioimagen.net\/wp-content\/uploads\/2015\/07\/MANCERA-2659.jpg 480w\" sizes=\"auto, (max-width: 240px) 100vw, 240px\" \/><\/a><p id=\"caption-attachment-226862\" class=\"wp-caption-text\">El titular del GDF, Miguel \u00c1ngel Mancera, destac\u00f3 los programas Va Seguro, que ofrece cobertura universal a m\u00e1s de 1.9 millones de estudiantes y el Programa Ni\u00f1os Talento, que apoya a 100 mil estudiantes de excelencia.<\/p><\/div>\n<p>El jefe de gobierno, Miguel \u00c1ngel Mancera Espinosa, destac\u00f3 las acciones que desarrolla su administraci\u00f3n en beneficio de la ni\u00f1ez capitalina y anunci\u00f3 que la ciudad de M\u00e9xico busca consolidarse como una urbe modelo en el trabajo para ni\u00f1os y ni\u00f1as.<\/p>\n<p>Durante la inauguraci\u00f3n del III Seminario Iberoamericano de Pol\u00edticas P\u00fablicas Locales de Familia e Infancia y V Comit\u00e9 Sectorial de Infancia y Educaci\u00f3n de la Uni\u00f3n de Ciudades Capitales Iberoamericanas (UCCI), destac\u00f3 28 programas con 70 acciones articuladas.<\/p>\n<p>Ello, para dar seguimiento al compromiso 10 por la Infancia y la Cartilla de 0 a 6 a\u00f1os, que beneficia a 113 mil ni\u00f1os y ni\u00f1as de la ciudad de M\u00e9xico.<\/p>\n<p>En su calidad de vicepresidente de la UCCI y presidente del Comit\u00e9 de Infancia y Educaci\u00f3n, Mancera Espinosa dijo que durante este seminario vamos a encontrar mejores pr\u00e1cticas.<\/p>\n<p>Vamos a seguir decidiendo juntos, trabajando juntos y estoy seguro que con las capacidades con el talento de sus ciudades, el Distrito Federal va a aprender mucho.<\/p>\n<p>La tercera edici\u00f3n de este encuentro tiene lugar en la ciudad de M\u00e9xico con la participaci\u00f3n de alcaldes y alcaldesas de Lisboa, Portugal; Sucre, Colombia, y Buenos Aires, Argentina, por mencionar algunas ciudades.<\/p>\n<p>El jefe de gobierno indic\u00f3 que a lo largo de tres d\u00edas, los representantes de las ciudades iberoamericanas dialogar\u00e1n sobre las experiencias de sus localidades, a fin de retomar las pol\u00edticas p\u00fablicas exitosas en beneficio de la infancia.<\/p>\n<p>Acompa\u00f1ado por ni\u00f1os y ni\u00f1as beneficiarios de los programas capitalinos, el Ejecutivo local resalt\u00f3 las acciones que promueven el desarrollo de los menores.<\/p>\n<p>Tambi\u00e9n destac\u00f3 la propuesta de modelos \u00fanicos a nivel nacional, como el caso del Programa Integral para el Diagn\u00f3stico y Atenci\u00f3n de la Sobredotaci\u00f3n Intelectual, que apoya a m\u00e1s de 30 ni\u00f1os con coeficiente mayor a 130, para desarrollar su potencial.<\/p>\n<p>Resalt\u00f3 el programa Va Seguro, que ofrece cobertura universal a m\u00e1s de 1.9 millones de estudiantes de educaci\u00f3n primaria, secundaria y media superior de instituciones p\u00fablicas y a m\u00e1s de 75 mil profesores, as\u00ed como el Programa Ni\u00f1os Talento, que apoya a 100 mil estudiantes con calificaci\u00f3n de m\u00e1s de nueve de promedio.<\/p>\n<p>En materia de salud alimentaria subray\u00f3 el Programa de Desayunos Escolares, que beneficia a 686 mil alumnos de escuelas p\u00fablicas, quienes tambi\u00e9n cuentan con comedores p\u00fablicos que ofrecen comida balanceada gratuita para personas en situaci\u00f3n vulnerable.<\/p>\n<p>\u201cVamos a seguir trabajando con ellos y para ellos, tambi\u00e9n para que nuestros ni\u00f1os y ni\u00f1as con discapacidad siempre tengan una oportunidad en esta ciudad incluyente, para que recuerden por qu\u00e9 es la Capital Social\u201d.<\/p>\n<p>\u201cPorque lo primero son los ni\u00f1os y las ni\u00f1as, porque lo primero son ustedes y es lo que vamos a seguir trabajando y es lo que vamos a seguir impulsando\u201d, afirm\u00f3 Mancera Espinosa.<\/p>\n<p>Durante su intervenci\u00f3n, el director general de la UCCI, Fernando Rocafull Cordero, record\u00f3 que el objetivo de esta reuni\u00f3n es compartir buenas pr\u00e1cticas desde la uni\u00f3n de intereses y plantear soluciones a problemas comunes, no obstante la diferencia de marcos de competencia de las ciudades que lo integran.<\/p>\n<p>El director general del DIF capitalino, Gamaliel Mart\u00ednez Pacheco, resalt\u00f3 que en la ciudad de M\u00e9xico la familia tiene diversos rostros.<\/p>\n<p>&nbsp;<\/p>\n","protected":false},"excerpt":{"rendered":"<p>El jefe de gobierno, Miguel \u00c1ngel Mancera Espinosa, destac\u00f3 las acciones que desarrolla su administraci\u00f3n en beneficio de la ni\u00f1ez capitalina y anunci\u00f3 que la ciudad de M\u00e9xico busca consolidarse como una urbe modelo en el trabajo para ni\u00f1os y ni\u00f1as.<\/p>\n","protected":false},"author":3,"featured_media":226862,"comment_status":"open","ping_status":"open","sticky":false,"template":"","format":"standard","meta":{"_monsterinsights_skip_tracking":false,"_monsterinsights_sitenote_active":false,"_monsterinsights_sitenote_note":"","_monsterinsights_sitenote_category":0,"footnotes":""},"categories":[6],"tags":[204,43691,5314],"class_list":["post-226772","post","type-post","status-publish","format-standard","has-post-thumbnail","hentry","category-cd-de-mexico","tag-ciudad-de-mexico","tag-gdf","tag-miguel-angel-mancera-espinosa"],"_links":{"self":[{"href":"https:\/\/www.diarioimagen.net\/index.php?rest_route=\/wp\/v2\/posts\/226772","targetHints":{"allow":["GET"]}}],"collection":[{"href":"https:\/\/www.diarioimagen.net\/index.php?rest_route=\/wp\/v2\/posts"}],"about":[{"href":"https:\/\/www.diarioimagen.net\/index.php?rest_route=\/wp\/v2\/types\/post"}],"author":[{"embeddable":true,"href":"https:\/\/www.diarioimagen.net\/index.php?rest_route=\/wp\/v2\/users\/3"}],"replies":[{"embeddable":true,"href":"https:\/\/www.diarioimagen.net\/index.php?rest_route=%2Fwp%2Fv2%2Fcomments&post=226772"}],"version-history":[{"count":0,"href":"https:\/\/www.diarioimagen.net\/index.php?rest_route=\/wp\/v2\/posts\/226772\/revisions"}],"wp:featuredmedia":[{"embeddable":true,"href":"https:\/\/www.diarioimagen.net\/index.php?rest_route=\/wp\/v2\/media\/226862"}],"wp:attachment":[{"href":"https:\/\/www.diarioimagen.net\/index.php?rest_route=%2Fwp%2Fv2%2Fmedia&parent=226772"}],"wp:term":[{"taxonomy":"category","embeddable":true,"href":"https:\/\/www.diarioimagen.net\/index.php?rest_route=%2Fwp%2Fv2%2Fcategories&post=226772"},{"taxonomy":"post_tag","embeddable":true,"href":"https:\/\/www.diarioimagen.net\/index.php?rest_route=%2Fwp%2Fv2%2Ftags&post=226772"}],"curies":[{"name":"wp","href":"https:\/\/api.w.org\/{rel}","templated":true}]}}