{"id":226774,"date":"2015-07-22T00:07:53","date_gmt":"2015-07-22T05:07:53","guid":{"rendered":"http:\/\/www.diarioimagen.net\/?p=226774"},"modified":"2015-07-22T04:37:00","modified_gmt":"2015-07-22T09:37:00","slug":"apoyos-a-estudiantes-contra-la-desercion","status":"publish","type":"post","link":"https:\/\/www.diarioimagen.net\/?p=226774","title":{"rendered":"Apoyos a estudiantes contra la deserci\u00f3n"},"content":{"rendered":"<ul>\n<li><strong><em>Mil 280 mdp para \u201cPrepa s\u00ed\u201d<\/em><\/strong><\/li>\n<\/ul>\n<div id=\"attachment_226865\" style=\"width: 250px\" class=\"wp-caption alignleft\"><a href=\"http:\/\/www.diarioimagen.net\/?attachment_id=226865\" rel=\"attachment wp-att-226865\"><img loading=\"lazy\" decoding=\"async\" aria-describedby=\"caption-attachment-226865\" class=\"size-medium wp-image-226865\" src=\"http:\/\/www.diarioimagen.net\/wp-content\/uploads\/2015\/07\/prepa-2659-240x135.jpg\" alt=\"Con el programa \u201cPrepa s\u00ed\u201d se otorgar\u00e1n mil 280 millones 502 mil pesos, distribuidos en hasta 213 mil est\u00edmulos mensuales a alumnos de nivel medio superior y de primer a\u00f1o de licenciatura.\" width=\"240\" height=\"135\" srcset=\"https:\/\/www.diarioimagen.net\/wp-content\/uploads\/2015\/07\/prepa-2659-240x135.jpg 240w, https:\/\/www.diarioimagen.net\/wp-content\/uploads\/2015\/07\/prepa-2659-420x236.jpg 420w, https:\/\/www.diarioimagen.net\/wp-content\/uploads\/2015\/07\/prepa-2659-235x132.jpg 235w, https:\/\/www.diarioimagen.net\/wp-content\/uploads\/2015\/07\/prepa-2659-202x114.jpg 202w, https:\/\/www.diarioimagen.net\/wp-content\/uploads\/2015\/07\/prepa-2659-350x196.jpg 350w, https:\/\/www.diarioimagen.net\/wp-content\/uploads\/2015\/07\/prepa-2659-220x123.jpg 220w, https:\/\/www.diarioimagen.net\/wp-content\/uploads\/2015\/07\/prepa-2659-237x132.jpg 237w, https:\/\/www.diarioimagen.net\/wp-content\/uploads\/2015\/07\/prepa-2659.jpg 480w\" sizes=\"auto, (max-width: 240px) 100vw, 240px\" \/><\/a><p id=\"caption-attachment-226865\" class=\"wp-caption-text\">Con el programa \u201cPrepa s\u00ed\u201d se otorgar\u00e1n mil 280 millones 502 mil pesos, distribuidos en hasta 213 mil est\u00edmulos mensuales a alumnos de nivel medio superior y de primer a\u00f1o de licenciatura.<\/p><\/div>\n<p>Se extender\u00e1 el programa \u201cPrepa s\u00ed\u201d para evitar que quienes cursan el bachillerato en instituciones p\u00fablicas abandonen sus estudios por falta de recursos econ\u00f3micos.<\/p>\n<p>A fin de abatir la deserci\u00f3n escolar por falta de recursos, el fideicomiso p\u00fablico Educaci\u00f3n Garantizada del Distrito Federal emiti\u00f3 la convocatoria y las reglas de operaci\u00f3n del programa de est\u00edmulos para el bachillerato universal \u201cPrepa s\u00ed\u201d ciclo 2015-2016.<\/p>\n<p>Otra meta de este programa, publicado ayer martes en la Gaceta Oficial del Distrito Federal, es extender el beneficio a aquellos que estudien el primer a\u00f1o de la licenciatura.<\/p>\n<p>Este es un programa de transferencias monetarias en el que se otorgar\u00e1n mil 280 millones 502 mil pesos, distribuidos en hasta 213 mil est\u00edmulos mensuales a alumnos de nivel medio superior y de primer a\u00f1o de licenciatura que asistan a escuelas p\u00fablicas en el Distrito Federal y residan en esta entidad federativa.<\/p>\n<p>El monto del est\u00edmulo econ\u00f3mico depender\u00e1 del desempe\u00f1o escolar del estudiante: quien tenga un promedio de 6 a 7.5 recibir\u00e1 500 pesos, de 7.51 a 9 ser\u00e1 acreedor a 600 pesos y de 9.01 a 10.00 el est\u00edmulo ser\u00e1 de 700, pesos, los cuales ser\u00e1n depositados en un monedero electr\u00f3nico durante 10 meses.<\/p>\n<p>La convocatoria expone los requisitos para acceder a este programa, como llenar los formatos de registro y solicitud que se encuentran en la p\u00e1gina electr\u00f3nica www.prepasi.df.gob.mx y entregar comprobantes de residencia, de estudios y de identidad, entre otros requerimientos.<\/p>\n<p>El registro en Internet se llevar\u00e1 a cabo del 3 de agosto al 3 de septiembre para los alumnos de bachillerato y nivel superior de la Universidad Nacional Aut\u00f3noma de M\u00e9xico (UNAM); del 17 al 23 de agosto los que estudien en planteles del Colegio Nacional de Educaci\u00f3n Profesional T\u00e9cnica (Conalep).<\/p>\n<p>Del 24 al 30 de agosto, los que asistan al Colegio de Bachilleres (Colbach); del 31 de agosto al 6 de septiembre, los alumnos de Centros de Estudios Tecnol\u00f3gico Industrial y de Servicios (CETIS) tanto de sistema abierto como escolarizado.<\/p>\n<p>Del 7 al 13 de septiembre se podr\u00e1n registrarse los alumnos del Instituto de Educaci\u00f3n Media Superior del Distrito Federal (IEMS), el Instituto Nacional de Bellas Artes (INBA) y de Prepa Abierta, as\u00ed como Educaci\u00f3n a Distancia (E@D).<\/p>\n<p>Las mismas fechas ser\u00e1n para quienes estudien en la Comisi\u00f3n Nacional de Cultura F\u00edsica y Deporte (Conade), Prepa en l\u00ednea, la Direcci\u00f3n General de Educaci\u00f3n en Ciencia y Tecnolog\u00eda del Mar, as\u00ed como de nivel superior que no sean de la UNAM ni del IPN.<\/p>\n<p>Aquellos que van a bachillerato o nivel superior en sistema abierto y escolarizado del Instituto Polit\u00e9cnico Nacional (IPN) podr\u00e1n registrarse entre el 14 y el 20 de septiembre<\/p>\n<p>En la Gaceta tambi\u00e9n se precisa el calendario de entrega de documentos: en los planteles del Conalep ser\u00e1 del 24 al 28 de agosto y del 31 de agosto al 4 de septiembre, y en los de la Direcci\u00f3n General de Bachillerato entre el 31 de agosto y el 4 de septiembre.<\/p>\n<p>&nbsp;<\/p>\n","protected":false},"excerpt":{"rendered":"<p>Se extender\u00e1 el programa \u201cPrepa s\u00ed\u201d para evitar que quienes cursan el bachillerato en instituciones p\u00fablicas abandonen sus estudios por falta de recursos econ\u00f3micos.<\/p>\n","protected":false},"author":3,"featured_media":226865,"comment_status":"open","ping_status":"open","sticky":false,"template":"","format":"standard","meta":{"_monsterinsights_skip_tracking":false,"_monsterinsights_sitenote_active":false,"_monsterinsights_sitenote_note":"","_monsterinsights_sitenote_category":0,"footnotes":""},"categories":[6],"tags":[204,39,12144,43691],"class_list":["post-226774","post","type-post","status-publish","format-standard","has-post-thumbnail","hentry","category-cd-de-mexico","tag-ciudad-de-mexico","tag-distrito-federal","tag-gaceta-oficial-del-distrito-federal","tag-gdf"],"_links":{"self":[{"href":"https:\/\/www.diarioimagen.net\/index.php?rest_route=\/wp\/v2\/posts\/226774","targetHints":{"allow":["GET"]}}],"collection":[{"href":"https:\/\/www.diarioimagen.net\/index.php?rest_route=\/wp\/v2\/posts"}],"about":[{"href":"https:\/\/www.diarioimagen.net\/index.php?rest_route=\/wp\/v2\/types\/post"}],"author":[{"embeddable":true,"href":"https:\/\/www.diarioimagen.net\/index.php?rest_route=\/wp\/v2\/users\/3"}],"replies":[{"embeddable":true,"href":"https:\/\/www.diarioimagen.net\/index.php?rest_route=%2Fwp%2Fv2%2Fcomments&post=226774"}],"version-history":[{"count":0,"href":"https:\/\/www.diarioimagen.net\/index.php?rest_route=\/wp\/v2\/posts\/226774\/revisions"}],"wp:featuredmedia":[{"embeddable":true,"href":"https:\/\/www.diarioimagen.net\/index.php?rest_route=\/wp\/v2\/media\/226865"}],"wp:attachment":[{"href":"https:\/\/www.diarioimagen.net\/index.php?rest_route=%2Fwp%2Fv2%2Fmedia&parent=226774"}],"wp:term":[{"taxonomy":"category","embeddable":true,"href":"https:\/\/www.diarioimagen.net\/index.php?rest_route=%2Fwp%2Fv2%2Fcategories&post=226774"},{"taxonomy":"post_tag","embeddable":true,"href":"https:\/\/www.diarioimagen.net\/index.php?rest_route=%2Fwp%2Fv2%2Ftags&post=226774"}],"curies":[{"name":"wp","href":"https:\/\/api.w.org\/{rel}","templated":true}]}}