{"id":226789,"date":"2015-07-22T00:03:54","date_gmt":"2015-07-22T05:03:54","guid":{"rendered":"http:\/\/www.diarioimagen.net\/?p=226789"},"modified":"2015-07-22T04:55:19","modified_gmt":"2015-07-22T09:55:19","slug":"plata-en-los-5-mil-metros-planos","status":"publish","type":"post","link":"https:\/\/www.diarioimagen.net\/?p=226789","title":{"rendered":"Plata en los 5 mil metros planos"},"content":{"rendered":"<ul>\n<li><strong><em>Atletismo panamericano<\/em><\/strong><\/li>\n<\/ul>\n<div id=\"attachment_226878\" style=\"width: 250px\" class=\"wp-caption alignleft\"><a href=\"http:\/\/www.diarioimagen.net\/?attachment_id=226878\" rel=\"attachment wp-att-226878\"><img loading=\"lazy\" decoding=\"async\" aria-describedby=\"caption-attachment-226878\" class=\"size-medium wp-image-226878\" src=\"http:\/\/www.diarioimagen.net\/wp-content\/uploads\/2015\/07\/deportes-2659-240x135.jpg\" alt=\"Brenda Flores, tras ganar la plata en los 5 mil metros, dijo sentir que el coraz\u00f3n se le hizo enorme.\" width=\"240\" height=\"135\" srcset=\"https:\/\/www.diarioimagen.net\/wp-content\/uploads\/2015\/07\/deportes-2659-240x135.jpg 240w, https:\/\/www.diarioimagen.net\/wp-content\/uploads\/2015\/07\/deportes-2659-420x236.jpg 420w, https:\/\/www.diarioimagen.net\/wp-content\/uploads\/2015\/07\/deportes-2659-235x132.jpg 235w, https:\/\/www.diarioimagen.net\/wp-content\/uploads\/2015\/07\/deportes-2659-202x114.jpg 202w, https:\/\/www.diarioimagen.net\/wp-content\/uploads\/2015\/07\/deportes-2659-350x196.jpg 350w, https:\/\/www.diarioimagen.net\/wp-content\/uploads\/2015\/07\/deportes-2659-220x123.jpg 220w, https:\/\/www.diarioimagen.net\/wp-content\/uploads\/2015\/07\/deportes-2659-237x132.jpg 237w, https:\/\/www.diarioimagen.net\/wp-content\/uploads\/2015\/07\/deportes-2659.jpg 480w\" sizes=\"auto, (max-width: 240px) 100vw, 240px\" \/><\/a><p id=\"caption-attachment-226878\" class=\"wp-caption-text\">Brenda Flores, tras ganar la plata en los 5 mil metros, dijo sentir que el coraz\u00f3n se le hizo enorme.<\/p><\/div>\n<p>La atleta mexicana Brenda Flores conquist\u00f3 ayer la medalla de plata en la prueba de cinco mil metros planos perteneciente al atletismo de los Juegos Panamericanos Toronto 2015, con registro de 15:47:19 minutos.<\/p>\n<p>A la brasile\u00f1a Juliana Paula Dos Santos le correspondi\u00f3 el oro con marca de 15:45:97, por lo cual permaneci\u00f3 intacto el r\u00e9cord panamericano de esta distancia, que est\u00e1 en poder de la mexicana Adriana Fern\u00e1ndez (15:30:65) impuesto el 6 de agosto de 2003 en Santo Domingo, Rep\u00fablica Dominicana.<\/p>\n<p>La estadunidense Kellyn Taylor, quien lider\u00f3 gran parte de la competencia, fue rebasada en el cierre y se qued\u00f3 con la presea de bronce, al concluir con 15:52:78.<\/p>\n<p>Brenda Flores siempre se mantuvo a la expectativa con la finalidad de un espectacular cierre, el cual hizo pero no le alcanzaron las piernas para conquistar la medalla de oro.<\/p>\n<p>Esta misi\u00f3n fue dif\u00edcil porque Juliana Paula tuvo este martes su m\u00e1s alto rendimiento personal con este registro que le permite alcanzar su segundo oro en los Panamericanos, en virtud que en R\u00edo de Janeiro 2007 triunf\u00f3 en los mil 500 metros y de ah\u00ed su velocidad.<\/p>\n<p style=\"text-align: center;\"><strong>El coraz\u00f3n se te hace\u00a0<\/strong><strong style=\"line-height: 1.5;\">enorme: Brenda<\/strong><\/p>\n<p>Tras ganar la medalla de plata en la final de los cinco mil metros en sus primeras competencias panamericanas, la atleta mexicana Brenda Flores dijo sentir que el coraz\u00f3n se le hizo enorme.<\/p>\n<p>\u201cEstoy con la l\u00e1grima en los ojos, es una sensaci\u00f3n que no puedes describir, el coraz\u00f3n se te hace enorme\u201d, declar\u00f3 la tambi\u00e9n campeona en Juegos Centroamericanos y del Caribe 2014, tanto en cinco mil como en 10 mil metros.<\/p>\n<p>\u201cAl final arriesgu\u00e9 bastante, hice la mejor estrategia que para m\u00ed era conveniente y al final se dio todo\u201d, dijo la atleta de 23 a\u00f1os, cuya emoci\u00f3n se impuso al cansancio f\u00edsico.<\/p>\n<p>Brenda Flores recorri\u00f3 la pista del estadio de la Universidad de York, al norte de Toronto, en 15:47.19, mientras que la brasile\u00f1a Juliana Paula Dos Santos logr\u00f3 el primer lugar con 15:45.97. El tercer puesto fue para la estadunidense Kellyn Taylor.<\/p>\n<p>En un d\u00eda soleado, con una temperatura de 26 grados, pero bajo un intenso sol, Flores luch\u00f3 hasta el final por conseguir el metal dorado.<\/p>\n<p>Explic\u00f3 que en la \u00faltima vuelta sent\u00eda que pod\u00eda ganar el primer lugar, pero no contaba con el desempe\u00f1o de la brasile\u00f1a.<\/p>\n<p>\u201cMe sent\u00ed segura de poder lograr el primer lugar, hice mi mejor estrategia, me dije de aqu\u00ed soy, lo arriesgue todo pero no esperaba que la brasile\u00f1a cerrara tan fuerte en los \u00faltimos cien metros\u201d.<\/p>\n<p>En los Juegos Centroamericanos y del Caribe de Atletismo 2013, Flores obtuvo el primer puesto en mil 500 metros y segundo puesto en cinco mil metros.<\/p>\n<p>De la competencia de esta ma\u00f1ana sali\u00f3 convencida de que \u201csiempre tienes que arriesgarlo todo y dejar todo en la pista\u201d.<\/p>\n<p>Se\u00f1al\u00f3 que logr\u00f3 la plata porque \u201cintent\u00e9 aprovechar las circunstancias de la mejor forma para m\u00ed porque hay que estar preparados para todo\u201d.<\/p>\n<p>Al final de la carrera, cuando \u201cno hay parte de cuerpo que no te duela\u201d, Brenda se abraz\u00f3 a la bandera nacional y pos\u00f3 para los fot\u00f3grafos y camar\u00f3grafos.<\/p>\n<p>La mexicana estar\u00e1 presente en la competencia de los 10 mil metros de este jueves. \u201cMe voy muy motivada, me siento muy bien y espero tambi\u00e9n tener un muy buen resultado en los 10 mil metros\u201d, acot\u00f3.<\/p>\n<p>Explic\u00f3 que sus entrenamientos se han enfocado en los 10 mil metros y record\u00f3 que se logr\u00f3 la clasificaci\u00f3n para el campeonato del mundo.<\/p>\n<p>La medallista dio gracias a su familia y a todos los que la han apoyado desde cerca y lejos.<\/p>\n<p>\u201cHe sacrificado muchas cosas, tiempo con la familia, los amigos, me he tardado m\u00e1s en terminar la escuela, pero esto es lo m\u00e1s importante, lograr la medalla y siento que el esfuerzo ha valido la pena\u201d, concluy\u00f3.<\/p>\n<p>&nbsp;<\/p>\n","protected":false},"excerpt":{"rendered":"<p>La atleta mexicana Brenda Flores conquist\u00f3 ayer la medalla de plata en la prueba de cinco mil metros planos perteneciente al atletismo de los Juegos Panamericanos Toronto 2015, con registro de 15:47:19 minutos.<\/p>\n","protected":false},"author":3,"featured_media":226878,"comment_status":"open","ping_status":"open","sticky":false,"template":"","format":"standard","meta":{"_monsterinsights_skip_tracking":false,"_monsterinsights_sitenote_active":false,"_monsterinsights_sitenote_note":"","_monsterinsights_sitenote_category":0,"footnotes":""},"categories":[10],"tags":[13766,43680,13183,16737],"class_list":["post-226789","post","type-post","status-publish","format-standard","has-post-thumbnail","hentry","category-deportes","tag-atletismo","tag-deportes","tag-juegos-panamericanos","tag-toronto"],"_links":{"self":[{"href":"https:\/\/www.diarioimagen.net\/index.php?rest_route=\/wp\/v2\/posts\/226789","targetHints":{"allow":["GET"]}}],"collection":[{"href":"https:\/\/www.diarioimagen.net\/index.php?rest_route=\/wp\/v2\/posts"}],"about":[{"href":"https:\/\/www.diarioimagen.net\/index.php?rest_route=\/wp\/v2\/types\/post"}],"author":[{"embeddable":true,"href":"https:\/\/www.diarioimagen.net\/index.php?rest_route=\/wp\/v2\/users\/3"}],"replies":[{"embeddable":true,"href":"https:\/\/www.diarioimagen.net\/index.php?rest_route=%2Fwp%2Fv2%2Fcomments&post=226789"}],"version-history":[{"count":0,"href":"https:\/\/www.diarioimagen.net\/index.php?rest_route=\/wp\/v2\/posts\/226789\/revisions"}],"wp:featuredmedia":[{"embeddable":true,"href":"https:\/\/www.diarioimagen.net\/index.php?rest_route=\/wp\/v2\/media\/226878"}],"wp:attachment":[{"href":"https:\/\/www.diarioimagen.net\/index.php?rest_route=%2Fwp%2Fv2%2Fmedia&parent=226789"}],"wp:term":[{"taxonomy":"category","embeddable":true,"href":"https:\/\/www.diarioimagen.net\/index.php?rest_route=%2Fwp%2Fv2%2Fcategories&post=226789"},{"taxonomy":"post_tag","embeddable":true,"href":"https:\/\/www.diarioimagen.net\/index.php?rest_route=%2Fwp%2Fv2%2Ftags&post=226789"}],"curies":[{"name":"wp","href":"https:\/\/api.w.org\/{rel}","templated":true}]}}