{"id":226811,"date":"2015-07-22T00:06:14","date_gmt":"2015-07-22T05:06:14","guid":{"rendered":"http:\/\/www.diarioimagen.net\/?p=226811"},"modified":"2015-07-23T01:30:04","modified_gmt":"2015-07-23T06:30:04","slug":"y-los-analistas","status":"publish","type":"post","link":"https:\/\/www.diarioimagen.net\/?p=226811","title":{"rendered":"\u00bfY los analistas?"},"content":{"rendered":"<h2>Detr\u00e1s del Poder<\/h2>\n<h5>Jos\u00e9 Antonio L\u00f3pez Sosa<\/h5>\n<p>&nbsp;<\/p>\n<p>En el \u00e1mbito period\u00edstico tenemos a decenas de analistas, gente muy profesional que no necesariamente son periodistas de origen, es decir, no fueron reporteros ni recorrieron los distintos puestos que la informaci\u00f3n diaria tiene.<\/p>\n<p>Los analistas, muchos acad\u00e9micos y otros simplemente especialistas \u2014en pol\u00edtica, por ejemplo\u2014, son importantes pues tienen una visi\u00f3n distinta del acontecer diario, incorporan otros elementos (a veces cient\u00edfico-sociales, a veces muy emp\u00edricos) al an\u00e1lisis y permiten mirar con otros ojos la realidad nacional.<\/p>\n<p>Ahora bien, no todos los analistas lo son, \u00bfc\u00f3mo as\u00ed?, responden en esos casos muy particulares a intereses meta period\u00edsticos, es decir, disfrazan propaganda de an\u00e1lisis, usan elementos que parecieran dar luz a alg\u00fan tema cuando en la realidad resultan contenidos pagados.<\/p>\n<p>\u00bfPor qu\u00e9 esta reflexi\u00f3n con relaci\u00f3n a los analistas que no vemos?, porque a partir de la fuga de Joaqu\u00edn \u201cEl Chapo\u201d Guzm\u00e1n, algunas de estas voces se quedaron calladas, mostraron indignaci\u00f3n como todos, pero bajo ninguna circunstancia desmembraron el tema con todos los elementos de an\u00e1lisis que tienen a su alcance.<\/p>\n<p>Un silencio sepulcral lleg\u00f3 a esos espacios, cuando el tema es de relevancia mundial, no para crucificar pol\u00edtica o period\u00edsticamente al presidente Pe\u00f1a o al secretario Osorio, pero s\u00ed para exponer con esa visi\u00f3n cr\u00edtica la responsabilidad que hay a partir de este lamentable hecho.<\/p>\n<p>Estos sucesos sirven para que la ciudadan\u00eda identifique qui\u00e9n es quien, f\u00e1cilmente se puede identificar qui\u00e9nes hacen an\u00e1lisis y qui\u00e9nes hacen propaganda, qui\u00e9nes tienen la pluma o la voz vendida y qui\u00e9nes no. La sociedad mexicana ha madurado pol\u00edticamente hablando, ya no es tan f\u00e1cil que estas voces y plumas oculten la realidad.<\/p>\n<p><em><a href=\"http:\/\/www.lopezsosa.com\" target=\"_blank\">www.lopezsosa.com<\/a><br \/>\n<\/em><em><a href=\"mailto:joseantonio@lopezsosa.com\" target=\"_blank\">joseantonio@lopezsosa.com<\/a><\/em><br \/>\n<em><a href=\"http:\/\/twitter.com\/joseantonio1977\" target=\"_blank\">@joseantonio1977<\/a><\/em><\/p>\n","protected":false},"excerpt":{"rendered":"<p><span style=\"color: #005497;\"><strong>Jos\u00e9 Antonio L\u00f3pez Sosa<\/strong><\/span><\/p>\n","protected":false},"author":3,"featured_media":0,"comment_status":"open","ping_status":"open","sticky":false,"template":"","format":"standard","meta":{"_monsterinsights_skip_tracking":false,"_monsterinsights_sitenote_active":false,"_monsterinsights_sitenote_note":"","_monsterinsights_sitenote_category":0,"footnotes":""},"categories":[637],"tags":[638,43690,43674],"class_list":["post-226811","post","type-post","status-publish","format-standard","hentry","category-jose-antonio-lopez-sosa","tag-detras-del-poder","tag-jose-antonio-lopez-sosa","tag-opinion"],"_links":{"self":[{"href":"https:\/\/www.diarioimagen.net\/index.php?rest_route=\/wp\/v2\/posts\/226811","targetHints":{"allow":["GET"]}}],"collection":[{"href":"https:\/\/www.diarioimagen.net\/index.php?rest_route=\/wp\/v2\/posts"}],"about":[{"href":"https:\/\/www.diarioimagen.net\/index.php?rest_route=\/wp\/v2\/types\/post"}],"author":[{"embeddable":true,"href":"https:\/\/www.diarioimagen.net\/index.php?rest_route=\/wp\/v2\/users\/3"}],"replies":[{"embeddable":true,"href":"https:\/\/www.diarioimagen.net\/index.php?rest_route=%2Fwp%2Fv2%2Fcomments&post=226811"}],"version-history":[{"count":0,"href":"https:\/\/www.diarioimagen.net\/index.php?rest_route=\/wp\/v2\/posts\/226811\/revisions"}],"wp:attachment":[{"href":"https:\/\/www.diarioimagen.net\/index.php?rest_route=%2Fwp%2Fv2%2Fmedia&parent=226811"}],"wp:term":[{"taxonomy":"category","embeddable":true,"href":"https:\/\/www.diarioimagen.net\/index.php?rest_route=%2Fwp%2Fv2%2Fcategories&post=226811"},{"taxonomy":"post_tag","embeddable":true,"href":"https:\/\/www.diarioimagen.net\/index.php?rest_route=%2Fwp%2Fv2%2Ftags&post=226811"}],"curies":[{"name":"wp","href":"https:\/\/api.w.org\/{rel}","templated":true}]}}