{"id":226905,"date":"2015-07-23T00:04:05","date_gmt":"2015-07-23T05:04:05","guid":{"rendered":"http:\/\/www.diarioimagen.net\/?p=226905"},"modified":"2015-07-23T01:12:35","modified_gmt":"2015-07-23T06:12:35","slug":"el-chapo-fue-capturado-dos-veces-por-que-no-una-tercera-eu","status":"publish","type":"post","link":"https:\/\/www.diarioimagen.net\/?p=226905","title":{"rendered":"EU: habr\u00e1 una tercera captura de \u201cEl Chapo\u201d"},"content":{"rendered":"<ul>\n<li><strong><em>Reitera apoyo para su b\u00fasqueda<\/em><\/strong><\/li>\n<\/ul>\n<div id=\"attachment_226906\" style=\"width: 250px\" class=\"wp-caption alignleft\"><a href=\"http:\/\/www.diarioimagen.net\/?attachment_id=226906\" rel=\"attachment wp-att-226906\"><img loading=\"lazy\" decoding=\"async\" aria-describedby=\"caption-attachment-226906\" class=\"wp-image-226906 size-medium\" src=\"http:\/\/www.diarioimagen.net\/wp-content\/uploads\/2015\/07\/CHAPO-portal1-240x140.jpg\" alt=\"El Departamento de Estado de EU conf\u00eda en que se vuelva a capturar a Joaqu\u00edn \u201cEl Chapo\u201d Guzm\u00e1n y ofreci\u00f3 su apoyo.\" width=\"240\" height=\"140\" srcset=\"https:\/\/www.diarioimagen.net\/wp-content\/uploads\/2015\/07\/CHAPO-portal1-240x140.jpg 240w, https:\/\/www.diarioimagen.net\/wp-content\/uploads\/2015\/07\/CHAPO-portal1-420x245.jpg 420w, https:\/\/www.diarioimagen.net\/wp-content\/uploads\/2015\/07\/CHAPO-portal1.jpg 480w\" sizes=\"auto, (max-width: 240px) 100vw, 240px\" \/><\/a><p id=\"caption-attachment-226906\" class=\"wp-caption-text\">El Departamento de Estado de EU conf\u00eda en que se vuelva a capturar a Joaqu\u00edn \u201cEl Chapo\u201d Guzm\u00e1n y ofreci\u00f3 su apoyo.<\/p><\/div>\n<p>Conf\u00eda el Departamento de Estado de Estados Unidos en que el narcotraficante Joaqu\u00edn \u201cEl Chapo\u201d Guzm\u00e1n Loera sea recapturado y ofreci\u00f3 apoyo para colaborar con M\u00e9xico.<\/p>\n<p>Al participar en Madrid en el foro Tribuna Efe-Casa de Am\u00e9rica, el consejero del Departamento de Estado de Estados Unidos, Thomas A. Shannon, fue cuestionado respecto a la posici\u00f3n del gobierno del presidente Barack Obama tras la fuga de Guzm\u00e1n Loera de una prisi\u00f3n de alta seguridad en M\u00e9xico, y si cree que lo vuelvan a capturar.<\/p>\n<p>\u201cYa lo capturaron dos veces, \u00bfpor qu\u00e9 no una tercera vez?\u201d, expres\u00f3 Shannon al asegurar que la fuga del capo del C\u00e1rtel de Sinaloa es algo preocupante y una tragedia para su pa\u00eds, para M\u00e9xico y para todos los pa\u00edses que luchan contra el narcotr\u00e1fico.<\/p>\n<p>\u201cHemos comunicado a M\u00e9xico el inter\u00e9s en trabajar con ellos para buscar de nuevo al \u2018Chapo\u2019 Guzm\u00e1n y vamos a cooperar. M\u00e9xico es un pa\u00eds que ha hecho una lucha enorme contra el narcotr\u00e1fico y el crimen organizado, y ha pagado con sangre, y tenemos respeto por el esfuerzo de M\u00e9xico\u201d, dijo.<\/p>\n<p>Ante diplom\u00e1ticos de diferentes pa\u00edses americanos y periodistas, Shannon record\u00f3 que Estados Unidos y M\u00e9xico establecieron la Iniciativa M\u00e9rida para reforzar la cooperaci\u00f3n en seguridad \u201ccomo nunca antes\u201d.<\/p>\n<p>\u201cM\u00e9xico ha trabajado con nosotros y tenemos confianza en el futuro, estamos a disposici\u00f3n de M\u00e9xico para buscar al \u2018El Chapo\u2019 y atacar su organizaci\u00f3n criminal\u201d.<\/p>\n<p>Shannon destac\u00f3 adem\u00e1s que \u201cM\u00e9xico ha sido excelente socio en Centroam\u00e9rica, por lo que han hecho en su frontera sur con Guatemala, donde el presidente Enrique Pe\u00f1a Nieto lanz\u00f3 una iniciativa para mejorar la seguridad\u201d.<\/p>\n<p>Destac\u00f3 el plan por regular mejor los movimientos en la frontera, tanto con documentaci\u00f3n espec\u00edfica, como con inspecciones \u201cm\u00e1s dentro de la frontera\u201d.<\/p>\n<p>Agreg\u00f3 que tambi\u00e9n Estados Unidos reconoce su parte de responsabilidad en problemas como la seguridad y el narcotr\u00e1fico, y por eso su inter\u00e9s en diferentes iniciativas como la Alianza para la Prosperidad con los pa\u00edses centroamericanos.<\/p>\n<p style=\"text-align: center;\"><strong>SFP inici\u00f3 auditor\u00edas a instituciones por fuga <\/strong><\/p>\n<p>El secretario de la Funci\u00f3n P\u00fablica, Virgilio Andrade, inform\u00f3 que por obligaci\u00f3n esta dependencia inici\u00f3 las auditor\u00edas para investigar a los funcionarios que presuntamente se relacionen con la fuga del narcotraficante Joaqu\u00edn Guzm\u00e1n Loera.<\/p>\n<p>Entrevistado en el marco del Relanzamiento del Sistema Nacional de Fiscalizaci\u00f3n de la Auditor\u00eda Superior de la Federaci\u00f3n (ASF), el funcionario dijo que al d\u00eda siguiente de la evasi\u00f3n, es decir el 12 de julio, se iniciaron las auditor\u00edas a las instituciones desconcentradas relacionadas con Prevenci\u00f3n y Readaptaci\u00f3n Social.<\/p>\n<p>\u201cPor obligaci\u00f3n siempre es necesario que la Secretar\u00eda de la Funci\u00f3n P\u00fablica abra auditor\u00edas y tambi\u00e9n establezca seguimiento a posibles responsabilidades\u201d, puntualiz\u00f3 Andrade Mart\u00ednez.<\/p>\n<p>Explic\u00f3 que en este caso se realizan auditorias de car\u00e1cter constitucional y son cuestiones de responsabilidades con la informaci\u00f3n reservada correspondiente.<\/p>\n<p>\u201cEs importante establecer que son (las auditor\u00edas) particularmente a las instituciones vinculadas con el \u00f3rgano desconcentrado de Prevenci\u00f3n y Readaptaci\u00f3n Social que son las responsables directas\u201d, indic\u00f3 el titular de la Secretar\u00eda de la Funci\u00f3n P\u00fablica (SFP).<\/p>\n<p>Puntualiz\u00f3 que como siempre se realizan investigaciones preliminares y si hay motivo se inicia el procedimiento de responsabilidad, \u201csiempre que existen situaciones de acontecimiento la Secretar\u00eda de la Funci\u00f3n P\u00fablica lo abre por obligaci\u00f3n\u201d.<\/p>\n<p>En ese sentido precis\u00f3 que no puede dar ni nombres, ni cu\u00e1ntos funcionarios son investigados de esta \u00e1rea de Prevenci\u00f3n y Readaptaci\u00f3n Social, organismo desconcentrado de la Secretar\u00eda de Gobernaci\u00f3n, debido a que es informaci\u00f3n reservada.<\/p>\n<p>\u201cSon los que ya hemos escuchado en la opini\u00f3n p\u00fablica. Son exactamente los mismos que tienen que ver con Prevenci\u00f3n y Readaptaci\u00f3n Social y son investigaciones preliminares, y por ende cuando tengamos la fase correspondiente para la publicidad, se dar\u00e1 a conocer\u201d.<\/p>\n","protected":false},"excerpt":{"rendered":"<p>Conf\u00eda el Departamento de Estado de Estados Unidos en que el narcotraficante Joaqu\u00edn \u201cEl Chapo\u201d Guzm\u00e1n Loera sea recapturado y ofreci\u00f3 apoyo para colaborar con M\u00e9xico.<\/p>\n","protected":false},"author":5,"featured_media":226906,"comment_status":"open","ping_status":"open","sticky":false,"template":"","format":"standard","meta":{"_monsterinsights_skip_tracking":false,"_monsterinsights_sitenote_active":false,"_monsterinsights_sitenote_note":"","_monsterinsights_sitenote_category":0,"footnotes":""},"categories":[7],"tags":[16976,1217,177,2765,43679,43673,232,43677],"class_list":["post-226905","post","type-post","status-publish","format-standard","has-post-thumbnail","hentry","category-seguridad","tag-captura","tag-departamento-de-estado","tag-estados-unidos","tag-joaquin-el-chapo-guzman-loera","tag-mundo","tag-nacional","tag-pgr","tag-seguridad"],"_links":{"self":[{"href":"https:\/\/www.diarioimagen.net\/index.php?rest_route=\/wp\/v2\/posts\/226905","targetHints":{"allow":["GET"]}}],"collection":[{"href":"https:\/\/www.diarioimagen.net\/index.php?rest_route=\/wp\/v2\/posts"}],"about":[{"href":"https:\/\/www.diarioimagen.net\/index.php?rest_route=\/wp\/v2\/types\/post"}],"author":[{"embeddable":true,"href":"https:\/\/www.diarioimagen.net\/index.php?rest_route=\/wp\/v2\/users\/5"}],"replies":[{"embeddable":true,"href":"https:\/\/www.diarioimagen.net\/index.php?rest_route=%2Fwp%2Fv2%2Fcomments&post=226905"}],"version-history":[{"count":0,"href":"https:\/\/www.diarioimagen.net\/index.php?rest_route=\/wp\/v2\/posts\/226905\/revisions"}],"wp:featuredmedia":[{"embeddable":true,"href":"https:\/\/www.diarioimagen.net\/index.php?rest_route=\/wp\/v2\/media\/226906"}],"wp:attachment":[{"href":"https:\/\/www.diarioimagen.net\/index.php?rest_route=%2Fwp%2Fv2%2Fmedia&parent=226905"}],"wp:term":[{"taxonomy":"category","embeddable":true,"href":"https:\/\/www.diarioimagen.net\/index.php?rest_route=%2Fwp%2Fv2%2Fcategories&post=226905"},{"taxonomy":"post_tag","embeddable":true,"href":"https:\/\/www.diarioimagen.net\/index.php?rest_route=%2Fwp%2Fv2%2Ftags&post=226905"}],"curies":[{"name":"wp","href":"https:\/\/api.w.org\/{rel}","templated":true}]}}