{"id":226910,"date":"2015-07-23T00:09:25","date_gmt":"2015-07-23T05:09:25","guid":{"rendered":"http:\/\/www.diarioimagen.net\/?p=226910"},"modified":"2015-07-22T23:47:03","modified_gmt":"2015-07-23T04:47:03","slug":"en-4-meses-reabriran-las-11-estaciones-de-la-linea-12-mancera","status":"publish","type":"post","link":"https:\/\/www.diarioimagen.net\/?p=226910","title":{"rendered":"En cuatro meses reabrir\u00e1n 11 estaciones de la L\u00ednea 12 del Metro"},"content":{"rendered":"<ul>\n<li><strong><em>Avance de casi 60 por ciento<\/em><\/strong><\/li>\n<\/ul>\n<div id=\"attachment_226911\" style=\"width: 250px\" class=\"wp-caption alignleft\"><a href=\"http:\/\/www.diarioimagen.net\/?attachment_id=226911\" rel=\"attachment wp-att-226911\"><img loading=\"lazy\" decoding=\"async\" aria-describedby=\"caption-attachment-226911\" class=\"wp-image-226911 size-medium\" src=\"http:\/\/www.diarioimagen.net\/wp-content\/uploads\/2015\/07\/METRO-portal-240x140.jpg\" alt=\"El jefe del GDF, Miguel \u00c1ngel Mancera Espinosa, indic\u00f3 que hasta la fecha los trabajos de rehabilitaci\u00f3n reportan un avance de 58 por ciento.\" width=\"240\" height=\"140\" srcset=\"https:\/\/www.diarioimagen.net\/wp-content\/uploads\/2015\/07\/METRO-portal-240x140.jpg 240w, https:\/\/www.diarioimagen.net\/wp-content\/uploads\/2015\/07\/METRO-portal-420x245.jpg 420w, https:\/\/www.diarioimagen.net\/wp-content\/uploads\/2015\/07\/METRO-portal.jpg 480w\" sizes=\"auto, (max-width: 240px) 100vw, 240px\" \/><\/a><p id=\"caption-attachment-226911\" class=\"wp-caption-text\">El jefe del GDF, Miguel \u00c1ngel Mancera Espinosa, indic\u00f3 que hasta la fecha los trabajos de rehabilitaci\u00f3n reportan un avance de 58 por ciento.<\/p><\/div>\n<p>Ser\u00e1 en noviembre de este a\u00f1o cuando se reabran las 11 estaciones de la L\u00ednea 12 del Metro que permanecen cerradas desde marzo de 2014.<\/p>\n<p>Tras un recorrido de supervisi\u00f3n de los trabajos en las v\u00edas de la \u201cL\u00ednea Dorada\u201d, el jefe de gobierno de la ciudad de M\u00e9xico, Miguel \u00c1ngel Mancera, reiter\u00f3 que indic\u00f3 que hasta la fecha los trabajos de rehabilitaci\u00f3n reportan un avance de 58 por ciento.<\/p>\n<p>\u201cEst\u00e1 el compromiso para noviembre. El director general del Metro (Jorge Gavi\u00f1o) est\u00e1 muy pendiente de que esto se pueda empatar con lo que tiene que ver con los trenes. En agosto estaremos empezando ya las pruebas para que veamos el rodado\u201d.<\/p>\n<p>Acompa\u00f1ado por el nuevo director del Sistema de Transporte Colectivo Metro, el jefe del gobierno adelant\u00f3 que la pr\u00f3xima semana llegar\u00e1n aproximadamente cuatro mil fijaciones para los durmientes, las cuales ya fueron embarcadas en Gran Breta\u00f1a.<\/p>\n<p>Agreg\u00f3 que estas piezas no son de f\u00e1cil fabricaci\u00f3n y tienen especificaciones estrictas de lo que pidi\u00f3 la empresa internacional de transporte urbano y ferroviario Systra.<\/p>\n<p>Miguel \u00c1ngel Mancera reiter\u00f3 que el compromiso es abrir las estaciones cerradas en noviembre pr\u00f3ximo, con todos los mecanismos necesarios de seguridad, ya que al final de todo se tiene que hacer una certificaci\u00f3n.<\/p>\n<p>Explic\u00f3 que las pr\u00f3ximas pruebas se har\u00e1n con trenes modificados, bajo las especificaciones de la empresa, y que los trabajos que se hacen son el retiro de balasto de mala calidad, la colocaci\u00f3n de balasto tipo C4 adquirido en el Estado de M\u00e9xico y el ajuste de la catenaria, que es el cableado que alimenta de electricidad a los trenes.<\/p>\n<p>Durante el recorrido de supervisi\u00f3n, Mancera Espinosa estuvo acompa\u00f1ado por el titular de la Secretar\u00eda de Obras y Servicios, \u00c9dgar Tung\u00fc\u00ed Rodr\u00edguez.<\/p>\n<p>&nbsp;<\/p>\n<p><strong>M\u00e1s de 111 mdp a las <\/strong><\/p>\n<p><strong>arcas del GDF por <\/strong><\/p>\n<p><strong>penas convencionales <\/strong><\/p>\n<p>En el primer semestre de este a\u00f1o ingresaron a las arcas del gobierno del Distrito Federal 111 millones 371 mil 361 pesos, por penas convencionales derivadas del incumplimiento o retrasos en los contratos de adquisiciones y obra p\u00fablica.<\/p>\n<p>En los primeros seis meses del a\u00f1o, la Contralor\u00eda General del Distrito Federal verific\u00f3 y dio seguimiento en 28 entidades de la Administraci\u00f3n P\u00fablica local para que se aplicaran las penas convencionales.<\/p>\n<p>El numerario obtenido fue ingresado a las finanzas del gobierno capitalino, a trav\u00e9s de los mecanismos establecidos para tal fin, como dinero adicional al presupuesto obtenido para el presente ejercicio fiscal.<\/p>\n<p>Esta acci\u00f3n forma parte de las pol\u00edticas impulsadas por el jefe de gobierno, Miguel \u00c1ngel Mancera, para transparentar y garantizar el buen uso de recursos p\u00fablicos de la ciudad.<\/p>\n<p>La contralor\u00eda capitalina exhort\u00f3 a la ciudadan\u00eda a que denuncie cualquier acto irregular cometido por servidores de la administraci\u00f3n p\u00fablica local mediante la p\u00e1gina de internet anticorru\u00adpcion.df.gob.\u00admx, al tel\u00e9fono 56279739 o en su cuenta en la red social Twitter, @ContraloriaCDMX.<\/p>\n","protected":false},"excerpt":{"rendered":"<p>Ser\u00e1 en noviembre de este a\u00f1o cuando se reabran las 11 estaciones de la L\u00ednea 12 del Metro que permanecen cerradas desde marzo de 2014.<\/p>\n","protected":false},"author":5,"featured_media":226911,"comment_status":"open","ping_status":"open","sticky":false,"template":"","format":"standard","meta":{"_monsterinsights_skip_tracking":false,"_monsterinsights_sitenote_active":false,"_monsterinsights_sitenote_note":"","_monsterinsights_sitenote_category":0,"footnotes":""},"categories":[6],"tags":[204,8433,163,5314,34753],"class_list":["post-226910","post","type-post","status-publish","format-standard","has-post-thumbnail","hentry","category-cd-de-mexico","tag-ciudad-de-mexico","tag-linea-12","tag-metro","tag-miguel-angel-mancera-espinosa","tag-reapertura"],"_links":{"self":[{"href":"https:\/\/www.diarioimagen.net\/index.php?rest_route=\/wp\/v2\/posts\/226910","targetHints":{"allow":["GET"]}}],"collection":[{"href":"https:\/\/www.diarioimagen.net\/index.php?rest_route=\/wp\/v2\/posts"}],"about":[{"href":"https:\/\/www.diarioimagen.net\/index.php?rest_route=\/wp\/v2\/types\/post"}],"author":[{"embeddable":true,"href":"https:\/\/www.diarioimagen.net\/index.php?rest_route=\/wp\/v2\/users\/5"}],"replies":[{"embeddable":true,"href":"https:\/\/www.diarioimagen.net\/index.php?rest_route=%2Fwp%2Fv2%2Fcomments&post=226910"}],"version-history":[{"count":0,"href":"https:\/\/www.diarioimagen.net\/index.php?rest_route=\/wp\/v2\/posts\/226910\/revisions"}],"wp:featuredmedia":[{"embeddable":true,"href":"https:\/\/www.diarioimagen.net\/index.php?rest_route=\/wp\/v2\/media\/226911"}],"wp:attachment":[{"href":"https:\/\/www.diarioimagen.net\/index.php?rest_route=%2Fwp%2Fv2%2Fmedia&parent=226910"}],"wp:term":[{"taxonomy":"category","embeddable":true,"href":"https:\/\/www.diarioimagen.net\/index.php?rest_route=%2Fwp%2Fv2%2Fcategories&post=226910"},{"taxonomy":"post_tag","embeddable":true,"href":"https:\/\/www.diarioimagen.net\/index.php?rest_route=%2Fwp%2Fv2%2Ftags&post=226910"}],"curies":[{"name":"wp","href":"https:\/\/api.w.org\/{rel}","templated":true}]}}