{"id":226939,"date":"2015-07-23T00:05:14","date_gmt":"2015-07-23T05:05:14","guid":{"rendered":"http:\/\/www.diarioimagen.net\/?p=226939"},"modified":"2015-07-23T23:39:57","modified_gmt":"2015-07-24T04:39:57","slug":"a-la-baja-indice-de-homicidios","status":"publish","type":"post","link":"https:\/\/www.diarioimagen.net\/?p=226939","title":{"rendered":"A la baja, \u00edndice de homicidios"},"content":{"rendered":"<h2>Arco Norte<\/h2>\n<h5>Jos\u00e9 Luis Monta\u00f1ez Aguilar<\/h5>\n<p>&nbsp;<\/p>\n<div id=\"attachment_227044\" style=\"width: 250px\" class=\"wp-caption alignleft\"><a href=\"http:\/\/www.diarioimagen.net\/?attachment_id=227044\" rel=\"attachment wp-att-227044\"><img loading=\"lazy\" decoding=\"async\" aria-describedby=\"caption-attachment-227044\" class=\"wp-image-227044 size-medium\" src=\"http:\/\/www.diarioimagen.net\/wp-content\/uploads\/2015\/07\/arco-norte-2660-240x135.jpg\" alt=\"El gobernador Eruviel \u00e1vila Villegas, durante la entrega\" width=\"240\" height=\"135\" srcset=\"https:\/\/www.diarioimagen.net\/wp-content\/uploads\/2015\/07\/arco-norte-2660-240x135.jpg 240w, https:\/\/www.diarioimagen.net\/wp-content\/uploads\/2015\/07\/arco-norte-2660-420x236.jpg 420w, https:\/\/www.diarioimagen.net\/wp-content\/uploads\/2015\/07\/arco-norte-2660-235x132.jpg 235w, https:\/\/www.diarioimagen.net\/wp-content\/uploads\/2015\/07\/arco-norte-2660-202x114.jpg 202w, https:\/\/www.diarioimagen.net\/wp-content\/uploads\/2015\/07\/arco-norte-2660-350x196.jpg 350w, https:\/\/www.diarioimagen.net\/wp-content\/uploads\/2015\/07\/arco-norte-2660-220x123.jpg 220w, https:\/\/www.diarioimagen.net\/wp-content\/uploads\/2015\/07\/arco-norte-2660-237x132.jpg 237w, https:\/\/www.diarioimagen.net\/wp-content\/uploads\/2015\/07\/arco-norte-2660.jpg 480w\" sizes=\"auto, (max-width: 240px) 100vw, 240px\" \/><\/a><p id=\"caption-attachment-227044\" class=\"wp-caption-text\">El gobernador Eruviel \u00e1vila Villegas, durante la inauguraci\u00f3n del puente vehicular Tlacateco.<\/p><\/div>\n<p>El gobernador Eruviel \u00c1vila Villegas destac\u00f3 la reducci\u00f3n en la tasa de homicidios en el pa\u00eds en los \u00faltimos dos a\u00f1os, de acuerdo con indicadores del Instituto Nacional de Estad\u00edstica Geograf\u00eda e Inform\u00e1tica (INEGI), al registrar 16 delitos por cada 100 mil habitantes, la menor de los \u00faltimos a\u00f1os.<\/p>\n<p>\u201cEs desde luego justo decir que falta por hacer, y que el gobierno federal, los estados, con el apoyo de la fuerzas federales seguiremos haciendo nuestra parte para poder mejorar todav\u00eda estas estad\u00edsticas y tener a\u00fan mayor paz y estabilidad en nuestro pa\u00eds y en nuestros estados, especialmente en el Estado de M\u00e9xico\u201d, mencion\u00f3.<\/p>\n<p>Al inaugurar el puente vehicular Tlacateco en este municipio, que beneficiar\u00e1 a m\u00e1s de 350 mil habitantes, el gobernador mexiquense explic\u00f3 que de acuerdo con el INEGI, en M\u00e9xico, de 2007 a 2011, la tasa de homicidios creci\u00f3 de 8 a 24 por cada 100 mil habitantes; mientras que del 2012 al 2014, en la administraci\u00f3n del presidente Enrique Pe\u00f1a Nieto, la tendencia ha ido a la baja, al pasar de 24 a 16 homicidios por cada 100 mil habitantes, por lo que expres\u00f3 su reconocimiento al gobierno federal.<\/p>\n<p>Coment\u00f3 que el Estado de M\u00e9xico se ubica en el lugar 11 en el pa\u00eds, con una tasa de homicidios de 17 por cada 100 mil habitantes, por lo que reiter\u00f3 que se continuar\u00e1n llevando a cabo acciones coordinadas con la autoridades federales para disminuir ese \u00edndice y mejorar las condiciones de seguridad de los mexiquenses.<\/p>\n<p>El gobernador detall\u00f3 que la tasa de homicidios por cada 100 mil habitantes registrada en M\u00e9xico el a\u00f1o pasado es incluso menor, de acuerdo a estudios de la Organizaci\u00f3n de las Naciones Unidas (ONU), a la de pa\u00edses como Honduras (90.4); Venezuela (53.7); el Salvador (41.2), Guatemala (39.9) o Colombia (30.8).<\/p>\n<p><em><a href=\"mailto:montanezaguilar@gmail.com\" target=\"_blank\">montanezaguilar@gmail.com<\/a><\/em><\/p>\n","protected":false},"excerpt":{"rendered":"<p><span style=\"color: #005497;\"><strong>Jos\u00e9 Luis Monta\u00f1ez Aguilar<\/strong><\/span><br \/>\n<br \/>\nEl gobernador Eruviel \u00c1vila Villegas destac\u00f3 la reducci\u00f3n en la tasa de homicidios en el pa\u00eds en los \u00faltimos dos a\u00f1os, de acuerdo con indicadores del Instituto Nacional de Estad\u00edstica Geograf\u00eda e Inform\u00e1tica (INEGI), al registrar 16 delitos por cada 100 mil habitantes, la menor de los \u00faltimos a\u00f1os. <\/p>\n","protected":false},"author":3,"featured_media":227048,"comment_status":"open","ping_status":"open","sticky":false,"template":"","format":"standard","meta":{"_monsterinsights_skip_tracking":false,"_monsterinsights_sitenote_active":false,"_monsterinsights_sitenote_note":"","_monsterinsights_sitenote_category":0,"footnotes":""},"categories":[5],"tags":[13284,43704,43674],"class_list":["post-226939","post","type-post","status-publish","format-standard","has-post-thumbnail","hentry","category-estado-de-mexico","tag-arco-norte","tag-jose-luis-montanez-aguilar","tag-opinion"],"_links":{"self":[{"href":"https:\/\/www.diarioimagen.net\/index.php?rest_route=\/wp\/v2\/posts\/226939","targetHints":{"allow":["GET"]}}],"collection":[{"href":"https:\/\/www.diarioimagen.net\/index.php?rest_route=\/wp\/v2\/posts"}],"about":[{"href":"https:\/\/www.diarioimagen.net\/index.php?rest_route=\/wp\/v2\/types\/post"}],"author":[{"embeddable":true,"href":"https:\/\/www.diarioimagen.net\/index.php?rest_route=\/wp\/v2\/users\/3"}],"replies":[{"embeddable":true,"href":"https:\/\/www.diarioimagen.net\/index.php?rest_route=%2Fwp%2Fv2%2Fcomments&post=226939"}],"version-history":[{"count":0,"href":"https:\/\/www.diarioimagen.net\/index.php?rest_route=\/wp\/v2\/posts\/226939\/revisions"}],"wp:featuredmedia":[{"embeddable":true,"href":"https:\/\/www.diarioimagen.net\/index.php?rest_route=\/wp\/v2\/media\/227048"}],"wp:attachment":[{"href":"https:\/\/www.diarioimagen.net\/index.php?rest_route=%2Fwp%2Fv2%2Fmedia&parent=226939"}],"wp:term":[{"taxonomy":"category","embeddable":true,"href":"https:\/\/www.diarioimagen.net\/index.php?rest_route=%2Fwp%2Fv2%2Fcategories&post=226939"},{"taxonomy":"post_tag","embeddable":true,"href":"https:\/\/www.diarioimagen.net\/index.php?rest_route=%2Fwp%2Fv2%2Ftags&post=226939"}],"curies":[{"name":"wp","href":"https:\/\/api.w.org\/{rel}","templated":true}]}}