{"id":226941,"date":"2015-07-23T00:09:32","date_gmt":"2015-07-23T05:09:32","guid":{"rendered":"http:\/\/www.diarioimagen.net\/?p=226941"},"modified":"2015-07-23T04:50:50","modified_gmt":"2015-07-23T09:50:50","slug":"obras-viales-en-beneficio-de-mas-de-350-mil-mexiquenses","status":"publish","type":"post","link":"https:\/\/www.diarioimagen.net\/?p=226941","title":{"rendered":"Obras viales en beneficio de m\u00e1s de 350 mil mexiquenses"},"content":{"rendered":"<ul>\n<li><strong><em>Las entrega Eruviel \u00c1vila en Tepotzotl\u00e1n<\/em><\/strong><\/li>\n<\/ul>\n<div id=\"attachment_227048\" style=\"width: 250px\" class=\"wp-caption alignleft\"><a href=\"http:\/\/www.diarioimagen.net\/?attachment_id=227048\" rel=\"attachment wp-att-227048\"><img loading=\"lazy\" decoding=\"async\" aria-describedby=\"caption-attachment-227048\" class=\"size-medium wp-image-227048\" src=\"http:\/\/www.diarioimagen.net\/wp-content\/uploads\/2015\/07\/eruviel-2660-240x135.jpg\" alt=\"El gobernador Eruviel \u00c1vila destac\u00f3 que durante la administraci\u00f3n estatal se ha dado mantenimiento y conservaci\u00f3n, y se han construido m\u00e1s de 4 mil 400 kil\u00f3metros de carreteras y vialidades libres de peaje, con una inversi\u00f3n de m\u00e1s de 8 mil millones de pesos.\" width=\"240\" height=\"135\" srcset=\"https:\/\/www.diarioimagen.net\/wp-content\/uploads\/2015\/07\/eruviel-2660-240x135.jpg 240w, https:\/\/www.diarioimagen.net\/wp-content\/uploads\/2015\/07\/eruviel-2660-420x236.jpg 420w, https:\/\/www.diarioimagen.net\/wp-content\/uploads\/2015\/07\/eruviel-2660-235x132.jpg 235w, https:\/\/www.diarioimagen.net\/wp-content\/uploads\/2015\/07\/eruviel-2660-202x114.jpg 202w, https:\/\/www.diarioimagen.net\/wp-content\/uploads\/2015\/07\/eruviel-2660-350x196.jpg 350w, https:\/\/www.diarioimagen.net\/wp-content\/uploads\/2015\/07\/eruviel-2660-220x123.jpg 220w, https:\/\/www.diarioimagen.net\/wp-content\/uploads\/2015\/07\/eruviel-2660-237x132.jpg 237w, https:\/\/www.diarioimagen.net\/wp-content\/uploads\/2015\/07\/eruviel-2660.jpg 480w\" sizes=\"auto, (max-width: 240px) 100vw, 240px\" \/><\/a><p id=\"caption-attachment-227048\" class=\"wp-caption-text\">El gobernador Eruviel \u00c1vila destac\u00f3 que durante la administraci\u00f3n estatal se ha dado mantenimiento y conservaci\u00f3n, y se han construido m\u00e1s de 4 mil 400 kil\u00f3metros de carreteras y vialidades libres de peaje, con una inversi\u00f3n de m\u00e1s de 8 mil millones de pesos.<\/p><\/div>\n<p><strong>Tepotzotl\u00e1n, Estado de M\u00e9xico<\/strong>.- En beneficio de m\u00e1s de 350 mil mexiquenses, el gobernador Eruviel \u00c1vila Villegas inaugur\u00f3 el puente vehicular Tlacateco, que cuenta con una longitud de un kil\u00f3metro para un tr\u00e1nsito aproximado de 15 mil veh\u00edculos diariamente, as\u00ed como la red vial Barrio de Capula Delegaci\u00f3n-Barrio la Concepci\u00f3n, que con 12 kil\u00f3metros de longitud y una inversi\u00f3n superior a los 80 millones de pesos\u00a0 agilizar\u00e1 el tr\u00e1nsito en la cabecera municipal de Tepotzotl\u00e1n y siete localidades de este municipio.<\/p>\n<p>\u201cLas obras de infraestructura son beneficio para la poblaci\u00f3n, las obras de infraestructura que el gobierno federal, que el gobierno del estado con el apoyo de los gobiernos municipales llevamos a cabo se traduce en bienestar, en crecimiento econ\u00f3mico, se traduce en mejores condiciones de vida, por eso en este gobierno estatal, con el apoyo del presidente Pe\u00f1a Nieto le apostamos a impulsar un estado verdaderamente muy bien comunicado con una gran infraestructura vial y de transporte p\u00fablico\u201d, destac\u00f3.<\/p>\n<p>En este marco, el gobernador indic\u00f3 que con estas obras, se eliminar\u00e1 una divisi\u00f3n f\u00edsica que exist\u00eda en el municipio, ya que adem\u00e1s de comunicar, habr\u00e1 de unir a los propios pobladores de esta localidad, reduciendo el tiempo de trayecto de\u00a0 la comunidad de Tlacateco a el Barrio de las \u00c1nimas y el Tr\u00e9bol\u00a0 de 30, a tan s\u00f3lo cinco minutos en hora pico; asimismo permitir\u00e1 librar la Autopista M\u00e9xico-Quer\u00e9taro, incrementando la oferta vial, mejorando el nivel de servicio de la zona industrial y habitacional.<\/p>\n<p>Ante dirigentes transportistas, empresarios\u00a0 y l\u00edderes comunitarios, Eruviel \u00c1vila se\u00f1al\u00f3 que durante esta administraci\u00f3n en el Edom\u00e9x se ha dado mantenimiento, conservaci\u00f3n y construcci\u00f3n a m\u00e1s de 4 mil 400 kil\u00f3metros de carreteras y vialidades libres de peaje, equivalentes a m\u00e1s de 8 mil millones de pesos.<\/p>\n<p>El titular del Ejecutivo estatal dijo que para que el Estado de M\u00e9xico se siga consolidando como la entidad mejor comunicada del pa\u00eds, en el 2014 se construyeron distribuidores viales, se ampliaron carreteras, se modernizaron circuitos y se llevaron a cabo obras importantes para el estado, trabajando en equipo con el gobierno federal y los gobiernos municipales.<\/p>\n<p>Destac\u00f3 que en este a\u00f1o se seguir\u00e1 trabajando en la construcci\u00f3n de obras de infraestructura de gran importancia, como la segunda etapa de la modernizaci\u00f3n a cuatro carriles de la autopista Tenango \u2013Ixtapan de la Sal con lo que se incrementar\u00e1 el turismo y generar\u00e1 una gran derrama econ\u00f3mica para este Pueblo con Encanto, la construcci\u00f3n de la tercera etapa de la Autopista Toluca- Zit\u00e1cuaro, para estar mejor comunicados con el estado de Michoac\u00e1n, as\u00ed como la autopista Pir\u00e1mides-Texcoco y la autopista Lerma-Marquesa, adem\u00e1s de la construcci\u00f3n y remodelaci\u00f3n las autopistas federales Atizap\u00e1n-Atlacomulco, Atlacomulco-Toluca, y el eje metropolitano Siervo de la Naci\u00f3n, que comunicar\u00e1 al municipio de Ecatepec con el Distrito Federal.<\/p>\n<p>&nbsp;<\/p>\n","protected":false},"excerpt":{"rendered":"<p>En beneficio de m\u00e1s de 350 mil mexiquenses, el gobernador Eruviel \u00c1vila Villegas inaugur\u00f3 el puente vehicular Tlacateco, que cuenta con una longitud de un kil\u00f3metro para un tr\u00e1nsito aproximado de 15 mil veh\u00edculos diariamente, as\u00ed como la red vial Barrio de Capula Delegaci\u00f3n-Barrio la Concepci\u00f3n, que con 12 kil\u00f3metros de longitud y una inversi\u00f3n superior a los 80 millones de pesos  agilizar\u00e1 el tr\u00e1nsito en la cabecera municipal de Tepotzotl\u00e1n y siete localidades de este municipio.<\/p>\n","protected":false},"author":3,"featured_media":227044,"comment_status":"open","ping_status":"open","sticky":false,"template":"","format":"standard","meta":{"_monsterinsights_skip_tracking":false,"_monsterinsights_sitenote_active":false,"_monsterinsights_sitenote_note":"","_monsterinsights_sitenote_category":0,"footnotes":""},"categories":[5],"tags":[5828,43675,13417,1029],"class_list":["post-226941","post","type-post","status-publish","format-standard","has-post-thumbnail","hentry","category-estado-de-mexico","tag-eruviel-avila-villegas","tag-estado-de-mexico","tag-obras","tag-tepotzotlan"],"_links":{"self":[{"href":"https:\/\/www.diarioimagen.net\/index.php?rest_route=\/wp\/v2\/posts\/226941","targetHints":{"allow":["GET"]}}],"collection":[{"href":"https:\/\/www.diarioimagen.net\/index.php?rest_route=\/wp\/v2\/posts"}],"about":[{"href":"https:\/\/www.diarioimagen.net\/index.php?rest_route=\/wp\/v2\/types\/post"}],"author":[{"embeddable":true,"href":"https:\/\/www.diarioimagen.net\/index.php?rest_route=\/wp\/v2\/users\/3"}],"replies":[{"embeddable":true,"href":"https:\/\/www.diarioimagen.net\/index.php?rest_route=%2Fwp%2Fv2%2Fcomments&post=226941"}],"version-history":[{"count":0,"href":"https:\/\/www.diarioimagen.net\/index.php?rest_route=\/wp\/v2\/posts\/226941\/revisions"}],"wp:featuredmedia":[{"embeddable":true,"href":"https:\/\/www.diarioimagen.net\/index.php?rest_route=\/wp\/v2\/media\/227044"}],"wp:attachment":[{"href":"https:\/\/www.diarioimagen.net\/index.php?rest_route=%2Fwp%2Fv2%2Fmedia&parent=226941"}],"wp:term":[{"taxonomy":"category","embeddable":true,"href":"https:\/\/www.diarioimagen.net\/index.php?rest_route=%2Fwp%2Fv2%2Fcategories&post=226941"},{"taxonomy":"post_tag","embeddable":true,"href":"https:\/\/www.diarioimagen.net\/index.php?rest_route=%2Fwp%2Fv2%2Ftags&post=226941"}],"curies":[{"name":"wp","href":"https:\/\/api.w.org\/{rel}","templated":true}]}}