{"id":227094,"date":"2015-07-24T00:10:07","date_gmt":"2015-07-24T05:10:07","guid":{"rendered":"http:\/\/www.diarioimagen.net\/?p=227094"},"modified":"2015-07-24T05:16:19","modified_gmt":"2015-07-24T10:16:19","slug":"miembros-de-la-seccion-22-pediran-cooperacha-para-su-fondo-de-resistencia","status":"publish","type":"post","link":"https:\/\/www.diarioimagen.net\/?p=227094","title":{"rendered":"Miembros de la Secci\u00f3n 22 pedir\u00e1n \u201ccooperacha\u201d"},"content":{"rendered":"<ul>\n<li><strong><em>Ante el congelamiento de sus cuentas<\/em><\/strong><\/li>\n<\/ul>\n<div id=\"attachment_227095\" style=\"width: 250px\" class=\"wp-caption alignleft\"><a href=\"http:\/\/www.diarioimagen.net\/?attachment_id=227095\" rel=\"attachment wp-att-227095\"><img loading=\"lazy\" decoding=\"async\" aria-describedby=\"caption-attachment-227095\" class=\"wp-image-227095 size-medium\" src=\"http:\/\/www.diarioimagen.net\/wp-content\/uploads\/2015\/07\/MAESTROS-portal1-240x140.jpg\" alt=\"Los maestros disidentes se cooperar\u00e1n para crear un fondo para sus protestas.\" width=\"240\" height=\"140\" srcset=\"https:\/\/www.diarioimagen.net\/wp-content\/uploads\/2015\/07\/MAESTROS-portal1-240x140.jpg 240w, https:\/\/www.diarioimagen.net\/wp-content\/uploads\/2015\/07\/MAESTROS-portal1-420x245.jpg 420w, https:\/\/www.diarioimagen.net\/wp-content\/uploads\/2015\/07\/MAESTROS-portal1.jpg 480w\" sizes=\"auto, (max-width: 240px) 100vw, 240px\" \/><\/a><p id=\"caption-attachment-227095\" class=\"wp-caption-text\">Los maestros disidentes se cooperar\u00e1n para crear un fondo de resistencia.<\/p><\/div>\n<p>Tras el congelamiento de sus cuentas bancarias, los dirigentes de la Coordinadora Nacional de Trabajadores de la Educaci\u00f3n (CNTE) anunciaron un plan de acci\u00f3n para defender los 310 puestos de mandos medios que les quitaron con la creaci\u00f3n del nuevo Instituto Estatal de Educaci\u00f3n P\u00fablica de Oaxaca y solicitar\u00e1n a cada uno de sus 81 mil agremiados una cuota de 20 pesos semanales para crear un fondo de resistencia.<\/p>\n<p>Pretenden juntar un mill\u00f3n 620 mil pesos semanales para compensar el fondo que ten\u00edan en tres cuentas bancarias que les fueron congeladas y cuyo saldo era de mil 800 millones de pesos.<\/p>\n<p>Su plan de acci\u00f3n incluye solicitar el apoyo de las secciones de la CNTE de Chiapas, Guerrero, Michoac\u00e1n y el Distrito Federal para conformar un frente que organice una huelga nacional.<\/p>\n<p>Por lo pronto, anunciaron que en Oaxaca sabotear\u00e1n la clausura de la Guelaguetza el pr\u00f3ximo lunes y emplazar\u00e1n al gobernador Gabino Cu\u00e9 para que les explique el sentido de las reformas del IEEPO y que les gestione un di\u00e1logo con la Secretar\u00eda de Gobernaci\u00f3n y los diputados locales, pues ellos tienen una propuesta legislativa.<\/p>\n<p>Los maestros de la CNTE que se quedaron en el plant\u00f3n frente al monumento a la Revoluci\u00f3n hicieron un m\u00edtin-plant\u00f3n frente a la Suprema Corte de Justicia de la Naci\u00f3n para protestar por los cambios al seno del IEEPO y desde ah\u00ed convocaron a Gabino Cu\u00e9 a sostener con ellos negociaciones, pues argumentaron que la Corte \u201cle ha dado la espalda al pueblo\u201d.<\/p>\n<p><strong>Sin futuro educativo<\/strong><\/p>\n<p>Oaxaca no tendr\u00eda futuro en materia educativo de no haberse tomado la decisi\u00f3n de transformar el IEEPO, advirti\u00f3 el gobernador Gabino Cu\u00e9 al tiempo que sostuvo que se terminaron los privilegios para unos cuantos que no permit\u00edan el desarrollo de la educaci\u00f3n.<\/p>\n<p>El mandatario estatal sostuvo que los maestros quieren dar clases, pero son unos cuantos los que los obligaban a participar en las manifestaciones.<\/p>\n<p>\u201cSi lo que quer\u00edan unos cuantos seguir tendiendo privilegios en deterimendo de la mayor\u00eda de los maestros, eso no. Los pap\u00e1s no quieren que sus hijos reciban una mala educaci\u00f3n, los maestros no quieren dejar de dar clases, el problema que por acuerdos de las asambleas dejan de dar clase porque si no iban a las marchas no lo ascend\u00edan, si no acud\u00edan a las marchas los mandaban a las escuelas m\u00e1s alejadas, hab\u00eda una forma de forzar a los docentes\u201d.<\/p>\n","protected":false},"excerpt":{"rendered":"<p>Tras el congelamiento de sus cuentas bancarias, los dirigentes de la Coordinadora Nacional de Trabajadores de la Educaci\u00f3n (CNTE) anunciaron un plan de acci\u00f3n para defender los 310 puestos de mandos medios que les quitaron con la creaci\u00f3n del nuevo Instituto Estatal de Educaci\u00f3n P\u00fablica de Oaxaca y solicitar\u00e1n a cada uno de sus 81 mil agremiados una cuota de 20 pesos semanales para crear un fondo de resistencia.<\/p>\n","protected":false},"author":5,"featured_media":227095,"comment_status":"open","ping_status":"open","sticky":false,"template":"","format":"standard","meta":{"_monsterinsights_skip_tracking":false,"_monsterinsights_sitenote_active":false,"_monsterinsights_sitenote_note":"","_monsterinsights_sitenote_category":0,"footnotes":""},"categories":[3],"tags":[7473,7472,42785,28329],"class_list":["post-227094","post","type-post","status-publish","format-standard","has-post-thumbnail","hentry","category-nacional","tag-cnte","tag-coordinadora-nacional-de-trabajadores-de-la-educacion","tag-instituto-estatal-de-educacion-publica-de-oaxaca","tag-seccion-22"],"_links":{"self":[{"href":"https:\/\/www.diarioimagen.net\/index.php?rest_route=\/wp\/v2\/posts\/227094","targetHints":{"allow":["GET"]}}],"collection":[{"href":"https:\/\/www.diarioimagen.net\/index.php?rest_route=\/wp\/v2\/posts"}],"about":[{"href":"https:\/\/www.diarioimagen.net\/index.php?rest_route=\/wp\/v2\/types\/post"}],"author":[{"embeddable":true,"href":"https:\/\/www.diarioimagen.net\/index.php?rest_route=\/wp\/v2\/users\/5"}],"replies":[{"embeddable":true,"href":"https:\/\/www.diarioimagen.net\/index.php?rest_route=%2Fwp%2Fv2%2Fcomments&post=227094"}],"version-history":[{"count":0,"href":"https:\/\/www.diarioimagen.net\/index.php?rest_route=\/wp\/v2\/posts\/227094\/revisions"}],"wp:featuredmedia":[{"embeddable":true,"href":"https:\/\/www.diarioimagen.net\/index.php?rest_route=\/wp\/v2\/media\/227095"}],"wp:attachment":[{"href":"https:\/\/www.diarioimagen.net\/index.php?rest_route=%2Fwp%2Fv2%2Fmedia&parent=227094"}],"wp:term":[{"taxonomy":"category","embeddable":true,"href":"https:\/\/www.diarioimagen.net\/index.php?rest_route=%2Fwp%2Fv2%2Fcategories&post=227094"},{"taxonomy":"post_tag","embeddable":true,"href":"https:\/\/www.diarioimagen.net\/index.php?rest_route=%2Fwp%2Fv2%2Ftags&post=227094"}],"curies":[{"name":"wp","href":"https:\/\/api.w.org\/{rel}","templated":true}]}}