{"id":227097,"date":"2015-07-24T00:08:04","date_gmt":"2015-07-24T05:08:04","guid":{"rendered":"http:\/\/www.diarioimagen.net\/?p=227097"},"modified":"2015-07-24T05:15:37","modified_gmt":"2015-07-24T10:15:37","slug":"hay-en-el-pais-2-millones-mas-de-pobres-coneval","status":"publish","type":"post","link":"https:\/\/www.diarioimagen.net\/?p=227097","title":{"rendered":"Hay 2 millones m\u00e1s de pobres, afirma Coneval"},"content":{"rendered":"<ul>\n<li><strong><em>En situaci\u00f3n de precariedad 46.2% de la poblaci\u00f3n<\/em><\/strong><\/li>\n<\/ul>\n<div id=\"attachment_227098\" style=\"width: 250px\" class=\"wp-caption alignleft\"><a href=\"http:\/\/www.diarioimagen.net\/?attachment_id=227098\" rel=\"attachment wp-att-227098\"><img loading=\"lazy\" decoding=\"async\" aria-describedby=\"caption-attachment-227098\" class=\"wp-image-227098 size-medium\" src=\"http:\/\/www.diarioimagen.net\/wp-content\/uploads\/2015\/07\/POBREZA-portal-240x140.jpg\" alt=\"En M\u00e9xico, 55.3 millones personas viven en situaci\u00f3n de precariedad, lo que representa el 46.2% de la poblaci\u00f3n, de acuerdo a registro del Coneval.\" width=\"240\" height=\"140\" srcset=\"https:\/\/www.diarioimagen.net\/wp-content\/uploads\/2015\/07\/POBREZA-portal-240x140.jpg 240w, https:\/\/www.diarioimagen.net\/wp-content\/uploads\/2015\/07\/POBREZA-portal-420x245.jpg 420w, https:\/\/www.diarioimagen.net\/wp-content\/uploads\/2015\/07\/POBREZA-portal.jpg 480w\" sizes=\"auto, (max-width: 240px) 100vw, 240px\" \/><\/a><p id=\"caption-attachment-227098\" class=\"wp-caption-text\">En M\u00e9xico, 55.3 millones personas viven en situaci\u00f3n de precariedad, lo que representa el 46.2% de la poblaci\u00f3n, de acuerdo a registro del Coneval.<\/p><\/div>\n<p>El secretario Ejecutivo del Consejo Nacional de Evaluaci\u00f3n de la Pol\u00edtica de Desarrollo Social (Coneval), Gonzalo Hern\u00e1ndez Licona, dio a conocer ayer que si bien el n\u00famero de pobres aument\u00f3 en aproximadamente dos millones de personas, el resultado de la medici\u00f3n refleja tambi\u00e9n avances.<\/p>\n<p>Al presentar el documento \u201cResultados de pobreza en M\u00e9xico 2014\u201d, se\u00f1al\u00f3 que 55.3 millones personas viven en situaci\u00f3n de precariedad, lo que representa el 46.2% de la poblaci\u00f3n.<\/p>\n<p>De acuerdo con el informe del Coneval, en los dos a\u00f1os que comprende esta medici\u00f3n de 2012 a 2014, M\u00e9xico contuvo el crecimiento de la pobreza extrema e incluso la redujo.<\/p>\n<p>Asimismo, baj\u00f3 el porcentaje de la poblaci\u00f3n vulnerable por carencias y se increment\u00f3 la poblaci\u00f3n no-pobre y no-vulnerable, mejorando el bienestar de la sociedad.<\/p>\n<p>Conforme a lo dispuesto en el Art\u00edculo 36 de la Ley General de Desarrollo Social, la medici\u00f3n del Coneval tom\u00f3 en cuenta los indicadores o carencias sociales relativas al ingreso, rezago educativo, servicios de salud, seguridad social, calidad y espacios de la vivienda, servicios b\u00e1sicos y acceso a la alimentaci\u00f3n.<\/p>\n<p>En este contexto, las carencias sociales en el pa\u00eds bajaron en los dos primeros a\u00f1os de la actual administraci\u00f3n federal.<\/p>\n<p>Destaca tambi\u00e9n la reducci\u00f3n en las carencias de acceso a servicios de salud y acceso a la seguridad social, de acuerdo con el estudio del Consejo Nacional de Evaluaci\u00f3n de la Pol\u00edtica de Desarrollo Social.<\/p>\n<p>Estos datos coinciden con la m\u00e1s reciente Encuesta de Ingresos y Gastos en los Hogares del INEGI, dada a conocer este mismo mes, en la que se establece que en M\u00e9xico no aument\u00f3 la desigualdad de ingreso.<\/p>\n<p>Adem\u00e1s de que en los deciles m\u00e1s bajos, es decir, los hogares m\u00e1s pobres del pa\u00eds, se observaron incrementos reales en sus ingresos respecto a 2012.<\/p>\n<p>En las pr\u00f3ximas semanas el Coneval dar\u00e1 a conocer los resultados de la encuesta tipo panel, para medir el impacto espec\u00edfico de la Cruzada Nacional Contra el Hambre.<\/p>\n","protected":false},"excerpt":{"rendered":"<p>El secretario Ejecutivo del Consejo Nacional de Evaluaci\u00f3n de la Pol\u00edtica de Desarrollo Social (Coneval), Gonzalo Hern\u00e1ndez Licona, dio a conocer ayer que si bien el n\u00famero de pobres aument\u00f3 en aproximadamente dos millones de personas, el resultado de la medici\u00f3n refleja tambi\u00e9n avances.<\/p>\n","protected":false},"author":5,"featured_media":227098,"comment_status":"open","ping_status":"open","sticky":false,"template":"","format":"standard","meta":{"_monsterinsights_skip_tracking":false,"_monsterinsights_sitenote_active":false,"_monsterinsights_sitenote_note":"","_monsterinsights_sitenote_category":0,"footnotes":""},"categories":[3],"tags":[6451,43673,21802,2421],"class_list":["post-227097","post","type-post","status-publish","format-standard","has-post-thumbnail","hentry","category-nacional","tag-consejo-nacional-de-evaluacion-de-la-politica-de-desarrollo-social","tag-nacional","tag-pobres","tag-pobreza"],"_links":{"self":[{"href":"https:\/\/www.diarioimagen.net\/index.php?rest_route=\/wp\/v2\/posts\/227097","targetHints":{"allow":["GET"]}}],"collection":[{"href":"https:\/\/www.diarioimagen.net\/index.php?rest_route=\/wp\/v2\/posts"}],"about":[{"href":"https:\/\/www.diarioimagen.net\/index.php?rest_route=\/wp\/v2\/types\/post"}],"author":[{"embeddable":true,"href":"https:\/\/www.diarioimagen.net\/index.php?rest_route=\/wp\/v2\/users\/5"}],"replies":[{"embeddable":true,"href":"https:\/\/www.diarioimagen.net\/index.php?rest_route=%2Fwp%2Fv2%2Fcomments&post=227097"}],"version-history":[{"count":0,"href":"https:\/\/www.diarioimagen.net\/index.php?rest_route=\/wp\/v2\/posts\/227097\/revisions"}],"wp:featuredmedia":[{"embeddable":true,"href":"https:\/\/www.diarioimagen.net\/index.php?rest_route=\/wp\/v2\/media\/227098"}],"wp:attachment":[{"href":"https:\/\/www.diarioimagen.net\/index.php?rest_route=%2Fwp%2Fv2%2Fmedia&parent=227097"}],"wp:term":[{"taxonomy":"category","embeddable":true,"href":"https:\/\/www.diarioimagen.net\/index.php?rest_route=%2Fwp%2Fv2%2Fcategories&post=227097"},{"taxonomy":"post_tag","embeddable":true,"href":"https:\/\/www.diarioimagen.net\/index.php?rest_route=%2Fwp%2Fv2%2Ftags&post=227097"}],"curies":[{"name":"wp","href":"https:\/\/api.w.org\/{rel}","templated":true}]}}