{"id":227136,"date":"2015-07-24T00:06:44","date_gmt":"2015-07-24T05:06:44","guid":{"rendered":"http:\/\/www.diarioimagen.net\/?p=227136"},"modified":"2015-07-26T23:08:13","modified_gmt":"2015-07-27T04:08:13","slug":"asumira-conago-rol-dinamico","status":"publish","type":"post","link":"https:\/\/www.diarioimagen.net\/?p=227136","title":{"rendered":"Asumir\u00e1 Conago rol din\u00e1mico"},"content":{"rendered":"<h2>Arco Norte<\/h2>\n<h5>Jos\u00e9 Luis Monta\u00f1ez Aguilar<\/h5>\n<p>&nbsp;<\/p>\n<div id=\"attachment_227232\" style=\"width: 250px\" class=\"wp-caption alignleft\"><a href=\"http:\/\/www.diarioimagen.net\/?attachment_id=227232\" rel=\"attachment wp-att-227232\"><img loading=\"lazy\" decoding=\"async\" aria-describedby=\"caption-attachment-227232\" class=\"size-medium wp-image-227232\" src=\"http:\/\/www.diarioimagen.net\/wp-content\/uploads\/2015\/07\/arco-2661-240x135.jpg\" alt=\"El gobernador del Estado de M\u00e9xico, Eruviel \u00c1vila Villegas.\" width=\"240\" height=\"135\" srcset=\"https:\/\/www.diarioimagen.net\/wp-content\/uploads\/2015\/07\/arco-2661-240x135.jpg 240w, https:\/\/www.diarioimagen.net\/wp-content\/uploads\/2015\/07\/arco-2661-420x236.jpg 420w, https:\/\/www.diarioimagen.net\/wp-content\/uploads\/2015\/07\/arco-2661-235x132.jpg 235w, https:\/\/www.diarioimagen.net\/wp-content\/uploads\/2015\/07\/arco-2661-202x114.jpg 202w, https:\/\/www.diarioimagen.net\/wp-content\/uploads\/2015\/07\/arco-2661-350x196.jpg 350w, https:\/\/www.diarioimagen.net\/wp-content\/uploads\/2015\/07\/arco-2661-220x123.jpg 220w, https:\/\/www.diarioimagen.net\/wp-content\/uploads\/2015\/07\/arco-2661-237x132.jpg 237w, https:\/\/www.diarioimagen.net\/wp-content\/uploads\/2015\/07\/arco-2661.jpg 480w\" sizes=\"auto, (max-width: 240px) 100vw, 240px\" \/><\/a><p id=\"caption-attachment-227232\" class=\"wp-caption-text\">El gobernador del Estado de M\u00e9xico, Eruviel \u00c1vila Villegas.<\/p><\/div>\n<p>La Conferencia Nacional de Gobernadores (Conago) tendr\u00e1 un rol din\u00e1mico para fortalecer a las entidades federativas, propiciando el di\u00e1logo y coordinaci\u00f3n con el gobierno federal y otras instituciones, afirm\u00f3 su presidente, el gobernador del Estado de M\u00e9xico, Eruviel \u00c1vila Villegas. \u201cEstamos d\u00e1ndole dinamismo a la Conago, le agradezco a los gobernadores, al jefe de gobierno su entusiasmo por participar activamente y fortalecer a esta organizaci\u00f3n, porque en la medida en que fortalezcamos a la Conago, vamos a fortalecer a nuestras entidades federativas y desde luego siempre propiciando el di\u00e1logo, la cooperaci\u00f3n con el gobierno federal y otras instancias\u201d, expres\u00f3. El mandatario estatal anunci\u00f3 que durante la Primera Reuni\u00f3n Ejecutiva de Trabajo de la Conferencia Nacional de Gobernadores, se acordaron diversas acciones para concretar el plan de trabajo que propuso y adem\u00e1s se dio a conocer la fusi\u00f3n de 17 comisiones de la Conago para quedar en 8, con el objetivo de renovar y dar dinamismo a este organismo, en beneficio de las entidades y sus habitantes. Inform\u00f3 que entre los acuerdos m\u00e1s importantes est\u00e1n: darle personalidad jur\u00eddica a la Conago; actualizar el Sistema Nacional Anticorrupci\u00f3n que\u00a0 impuls\u00f3 el presidente Enrique Pe\u00f1a Nieto; implementar la mejora regulatoria en todos los estados; materializar el convenio en materia de cooperaci\u00f3n educativa, cultural y cient\u00edfica con la Unesco; implementar los juicios orales mercantiles en las entidades; actualizar con la Comisi\u00f3n Nacional de Derechos Humanos (CNDH), las normas en materia de protecci\u00f3n y respeto a los derechos humanos y sancionar a quienes los violen e implementar la firma electr\u00f3nica para facilitar tr\u00e1mites a los contribuyentes.<\/p>\n<p><em><a href=\"mailto:montanezaguilar@gmail.com\" target=\"_blank\">montanezaguilar@gmail.com<\/a><\/em><\/p>\n","protected":false},"excerpt":{"rendered":"<p><span style=\"color: #005497;\"><strong>Jos\u00e9 Luis Monta\u00f1ez Aguilar<\/strong><\/span><br \/>\n<br \/>\nLa Conferencia Nacional de Gobernadores (Conago) tendr\u00e1 un rol din\u00e1mico para fortalecer a las entidades federativas, propiciando el di\u00e1logo y coordinaci\u00f3n con el gobierno federal y otras instituciones, afirm\u00f3 su presidente, el gobernador del Estado de M\u00e9xico, Eruviel \u00c1vila Villegas. <\/p>\n","protected":false},"author":3,"featured_media":227232,"comment_status":"open","ping_status":"open","sticky":false,"template":"","format":"standard","meta":{"_monsterinsights_skip_tracking":false,"_monsterinsights_sitenote_active":false,"_monsterinsights_sitenote_note":"","_monsterinsights_sitenote_category":0,"footnotes":""},"categories":[5],"tags":[13284,4277,43704,43674],"class_list":["post-227136","post","type-post","status-publish","format-standard","has-post-thumbnail","hentry","category-estado-de-mexico","tag-arco-norte","tag-conago","tag-jose-luis-montanez-aguilar","tag-opinion"],"_links":{"self":[{"href":"https:\/\/www.diarioimagen.net\/index.php?rest_route=\/wp\/v2\/posts\/227136","targetHints":{"allow":["GET"]}}],"collection":[{"href":"https:\/\/www.diarioimagen.net\/index.php?rest_route=\/wp\/v2\/posts"}],"about":[{"href":"https:\/\/www.diarioimagen.net\/index.php?rest_route=\/wp\/v2\/types\/post"}],"author":[{"embeddable":true,"href":"https:\/\/www.diarioimagen.net\/index.php?rest_route=\/wp\/v2\/users\/3"}],"replies":[{"embeddable":true,"href":"https:\/\/www.diarioimagen.net\/index.php?rest_route=%2Fwp%2Fv2%2Fcomments&post=227136"}],"version-history":[{"count":0,"href":"https:\/\/www.diarioimagen.net\/index.php?rest_route=\/wp\/v2\/posts\/227136\/revisions"}],"wp:featuredmedia":[{"embeddable":true,"href":"https:\/\/www.diarioimagen.net\/index.php?rest_route=\/wp\/v2\/media\/227232"}],"wp:attachment":[{"href":"https:\/\/www.diarioimagen.net\/index.php?rest_route=%2Fwp%2Fv2%2Fmedia&parent=227136"}],"wp:term":[{"taxonomy":"category","embeddable":true,"href":"https:\/\/www.diarioimagen.net\/index.php?rest_route=%2Fwp%2Fv2%2Fcategories&post=227136"},{"taxonomy":"post_tag","embeddable":true,"href":"https:\/\/www.diarioimagen.net\/index.php?rest_route=%2Fwp%2Fv2%2Ftags&post=227136"}],"curies":[{"name":"wp","href":"https:\/\/api.w.org\/{rel}","templated":true}]}}