{"id":227370,"date":"2015-07-27T00:07:43","date_gmt":"2015-07-27T05:07:43","guid":{"rendered":"http:\/\/www.diarioimagen.net\/?p=227370"},"modified":"2015-07-27T04:58:58","modified_gmt":"2015-07-27T09:58:58","slug":"mancera-felicita-a-tomas-luna-ganador-del-medio-maraton","status":"publish","type":"post","link":"https:\/\/www.diarioimagen.net\/?p=227370","title":{"rendered":"Mancera felicita a Tom\u00e1s Luna, ganador del Medio Marat\u00f3n"},"content":{"rendered":"<p><a href=\"http:\/\/www.diarioimagen.net\/?attachment_id=227475\" rel=\"attachment wp-att-227475\"><img loading=\"lazy\" decoding=\"async\" class=\"alignleft size-medium wp-image-227475\" src=\"http:\/\/www.diarioimagen.net\/wp-content\/uploads\/2015\/07\/maraton-2662-240x135.jpg\" alt=\"maraton-2662\" width=\"240\" height=\"135\" srcset=\"https:\/\/www.diarioimagen.net\/wp-content\/uploads\/2015\/07\/maraton-2662-240x135.jpg 240w, https:\/\/www.diarioimagen.net\/wp-content\/uploads\/2015\/07\/maraton-2662-420x236.jpg 420w, https:\/\/www.diarioimagen.net\/wp-content\/uploads\/2015\/07\/maraton-2662-235x132.jpg 235w, https:\/\/www.diarioimagen.net\/wp-content\/uploads\/2015\/07\/maraton-2662-202x114.jpg 202w, https:\/\/www.diarioimagen.net\/wp-content\/uploads\/2015\/07\/maraton-2662-350x196.jpg 350w, https:\/\/www.diarioimagen.net\/wp-content\/uploads\/2015\/07\/maraton-2662-220x123.jpg 220w, https:\/\/www.diarioimagen.net\/wp-content\/uploads\/2015\/07\/maraton-2662-237x132.jpg 237w, https:\/\/www.diarioimagen.net\/wp-content\/uploads\/2015\/07\/maraton-2662.jpg 480w\" sizes=\"auto, (max-width: 240px) 100vw, 240px\" \/><\/a>El jefe de gobierno, Miguel \u00c1ngel Mancera, felicit\u00f3 al corredor Tom\u00e1s Luna, quien ayer gan\u00f3 el Medio Marat\u00f3n de la Ciudad de M\u00e9xico. En su cuenta @ManceraMiguelMX, el gobernante escribi\u00f3: \u201cLas semanas de entrenamiento se resumen en un solo momento, \u00a1Felicidades Tom\u00e1s Luna! #MedioMarat\u00f3nCDMX #mm\u201d.<\/p>\n<p>Desde temprano Mancera Espinosa destac\u00f3 que hab\u00eda \u201cmiles de corredores listos para conquistar la ruta de 21 km del Medio @MaratonCdMx, les deseo mucho \u00e9xito #mm\u201d. \u201cTom\u00e1s Luna ganador del #MedioMarat\u00f3nCDMX con 1:08:58\u201d, destacaron a su vez los organizadores del Marat\u00f3n de la Ciudad de M\u00e9xico en su cuenta en Twitter @MaratonCdMx.<\/p>\n","protected":false},"excerpt":{"rendered":"<p>El jefe de gobierno, Miguel \u00c1ngel Mancera, felicit\u00f3 al corredor Tom\u00e1s Luna, quien ayer gan\u00f3 el Medio Marat\u00f3n de la Ciudad de M\u00e9xico. En su cuenta @ManceraMiguelMX, el gobernante escribi\u00f3: \u201cLas semanas de entrenamiento se resumen en un solo momento, \u00a1Felicidades Tom\u00e1s Luna! #MedioMarat\u00f3nCDMX #mm\u201d. <\/p>\n","protected":false},"author":3,"featured_media":227475,"comment_status":"open","ping_status":"open","sticky":false,"template":"","format":"standard","meta":{"_monsterinsights_skip_tracking":false,"_monsterinsights_sitenote_active":false,"_monsterinsights_sitenote_note":"","_monsterinsights_sitenote_category":0,"footnotes":""},"categories":[6],"tags":[204,5314],"class_list":["post-227370","post","type-post","status-publish","format-standard","has-post-thumbnail","hentry","category-cd-de-mexico","tag-ciudad-de-mexico","tag-miguel-angel-mancera-espinosa"],"_links":{"self":[{"href":"https:\/\/www.diarioimagen.net\/index.php?rest_route=\/wp\/v2\/posts\/227370","targetHints":{"allow":["GET"]}}],"collection":[{"href":"https:\/\/www.diarioimagen.net\/index.php?rest_route=\/wp\/v2\/posts"}],"about":[{"href":"https:\/\/www.diarioimagen.net\/index.php?rest_route=\/wp\/v2\/types\/post"}],"author":[{"embeddable":true,"href":"https:\/\/www.diarioimagen.net\/index.php?rest_route=\/wp\/v2\/users\/3"}],"replies":[{"embeddable":true,"href":"https:\/\/www.diarioimagen.net\/index.php?rest_route=%2Fwp%2Fv2%2Fcomments&post=227370"}],"version-history":[{"count":0,"href":"https:\/\/www.diarioimagen.net\/index.php?rest_route=\/wp\/v2\/posts\/227370\/revisions"}],"wp:featuredmedia":[{"embeddable":true,"href":"https:\/\/www.diarioimagen.net\/index.php?rest_route=\/wp\/v2\/media\/227475"}],"wp:attachment":[{"href":"https:\/\/www.diarioimagen.net\/index.php?rest_route=%2Fwp%2Fv2%2Fmedia&parent=227370"}],"wp:term":[{"taxonomy":"category","embeddable":true,"href":"https:\/\/www.diarioimagen.net\/index.php?rest_route=%2Fwp%2Fv2%2Fcategories&post=227370"},{"taxonomy":"post_tag","embeddable":true,"href":"https:\/\/www.diarioimagen.net\/index.php?rest_route=%2Fwp%2Fv2%2Ftags&post=227370"}],"curies":[{"name":"wp","href":"https:\/\/api.w.org\/{rel}","templated":true}]}}