{"id":227392,"date":"2015-07-27T00:04:45","date_gmt":"2015-07-27T05:04:45","guid":{"rendered":"http:\/\/www.diarioimagen.net\/?p=227392"},"modified":"2015-07-27T05:21:44","modified_gmt":"2015-07-27T10:21:44","slug":"balacera-en-tamaulipas-deja-nueve-civiles-muertos","status":"publish","type":"post","link":"https:\/\/www.diarioimagen.net\/?p=227392","title":{"rendered":"Balacera en Tamaulipas deja nueve civiles muertos"},"content":{"rendered":"<ul>\n<li><strong><em>Agresi\u00f3n a fuerzas federales<\/em><\/strong><\/li>\n<\/ul>\n<div id=\"attachment_227505\" style=\"width: 250px\" class=\"wp-caption alignleft\"><a href=\"http:\/\/www.diarioimagen.net\/?attachment_id=227505\" rel=\"attachment wp-att-227505\"><img loading=\"lazy\" decoding=\"async\" aria-describedby=\"caption-attachment-227505\" class=\"size-medium wp-image-227505\" src=\"http:\/\/www.diarioimagen.net\/wp-content\/uploads\/2015\/07\/seguridad-2662-240x135.jpg\" alt=\"El enfrentamiento sucedi\u00f3 en la entrada del ejido Santa Polonia, en la carretera a Reynosa, cuando integrantes de Fuerza Tamaulipas se toparon con un convoy de camionetas en cuyo interior viajaban civiles armados.\" width=\"240\" height=\"135\" srcset=\"https:\/\/www.diarioimagen.net\/wp-content\/uploads\/2015\/07\/seguridad-2662-240x135.jpg 240w, https:\/\/www.diarioimagen.net\/wp-content\/uploads\/2015\/07\/seguridad-2662-420x236.jpg 420w, https:\/\/www.diarioimagen.net\/wp-content\/uploads\/2015\/07\/seguridad-2662-235x132.jpg 235w, https:\/\/www.diarioimagen.net\/wp-content\/uploads\/2015\/07\/seguridad-2662-202x114.jpg 202w, https:\/\/www.diarioimagen.net\/wp-content\/uploads\/2015\/07\/seguridad-2662-350x196.jpg 350w, https:\/\/www.diarioimagen.net\/wp-content\/uploads\/2015\/07\/seguridad-2662-220x123.jpg 220w, https:\/\/www.diarioimagen.net\/wp-content\/uploads\/2015\/07\/seguridad-2662-237x132.jpg 237w, https:\/\/www.diarioimagen.net\/wp-content\/uploads\/2015\/07\/seguridad-2662.jpg 480w\" sizes=\"auto, (max-width: 240px) 100vw, 240px\" \/><\/a><p id=\"caption-attachment-227505\" class=\"wp-caption-text\">El enfrentamiento sucedi\u00f3 en la entrada del ejido Santa Polonia, en la carretera a Reynosa, cuando integrantes de Fuerza Tamaulipas se toparon con un convoy de camionetas en cuyo interior viajaban civiles armados.<\/p><\/div>\n<p>En R\u00edo Bravo, Tamaulipas, se registr\u00f3 un enfrentamiento entre miembros del Grupo de Coordinaci\u00f3n Tamaulipas (integrado por miembros del Ej\u00e9rcito, la Marina y la Polic\u00eda estatal) con saldo de nueve civiles armados fallecidos, sin que hasta el momento se haya identificar a alguno de ellos.<\/p>\n<p>La confrontaci\u00f3n se produjo cuando el personal realizaba patrullajes de reconocimiento a la entrada del ejido Santa Polonia a la altura del kil\u00f3metro 109 de la carretera a Reynosa (Brecha 26) se top\u00f3 con un convoy de camionetas en cuyo interior viajaban civiles armados.<\/p>\n<p>De inmediato los civiles iniciaron la agresi\u00f3n con sus armas de fuego a fin de evitar ser detenidos y el grupo reaccion\u00f3 repeliendo el ataque en cuyo fuego cruzado fallecieron nueve de de los delincuentes, ocho de los cuales quedaron sin vida en diferentes puntos del ejido, mientras que un noveno fue hallado muerto en el interior de uno de los veh\u00edculos.<\/p>\n<p>El grupo de polic\u00edas procedi\u00f3 al aseguramiento de nueve armas largas con sus respectivos cargadores abastecidos, cientos de cartuchos \u00fatiles de diferentes calibres, equipo t\u00e1ctico y log\u00edstico y dos veh\u00edculos que fueron puestos a disposici\u00f3n del agente del Ministerio P\u00fablico de la Federaci\u00f3n.<\/p>\n<p>El sitio se ubica en los l\u00edmites de los municipios de R\u00edo Bravo y Valle Hermoso y el personal del grupo pein\u00f3 la parte cercana a ambos municipios, para lograr la identificaci\u00f3n de los hombres muertos, sin resultados, lo que no implica que se detenga la investigaci\u00f3n y se convoque para que alguien reclame los cad\u00e1veres.<\/p>\n<p>&nbsp;<\/p>\n","protected":false},"excerpt":{"rendered":"<p>En R\u00edo Bravo, Tamaulipas, se registr\u00f3 un enfrentamiento entre miembros del Grupo de Coordinaci\u00f3n Tamaulipas (integrado por miembros del Ej\u00e9rcito, la Marina y la Polic\u00eda estatal) con saldo de nueve civiles armados fallecidos, sin que hasta el momento se haya identificar a alguno de ellos.<\/p>\n","protected":false},"author":3,"featured_media":227505,"comment_status":"open","ping_status":"open","sticky":false,"template":"","format":"standard","meta":{"_monsterinsights_skip_tracking":false,"_monsterinsights_sitenote_active":false,"_monsterinsights_sitenote_note":"","_monsterinsights_sitenote_category":0,"footnotes":""},"categories":[7],"tags":[3068,32824,2135,9413,43677,50],"class_list":["post-227392","post","type-post","status-publish","format-standard","has-post-thumbnail","hentry","category-seguridad","tag-balacera","tag-civiles","tag-muertos","tag-rio-bravo","tag-seguridad","tag-tamaulipas"],"_links":{"self":[{"href":"https:\/\/www.diarioimagen.net\/index.php?rest_route=\/wp\/v2\/posts\/227392","targetHints":{"allow":["GET"]}}],"collection":[{"href":"https:\/\/www.diarioimagen.net\/index.php?rest_route=\/wp\/v2\/posts"}],"about":[{"href":"https:\/\/www.diarioimagen.net\/index.php?rest_route=\/wp\/v2\/types\/post"}],"author":[{"embeddable":true,"href":"https:\/\/www.diarioimagen.net\/index.php?rest_route=\/wp\/v2\/users\/3"}],"replies":[{"embeddable":true,"href":"https:\/\/www.diarioimagen.net\/index.php?rest_route=%2Fwp%2Fv2%2Fcomments&post=227392"}],"version-history":[{"count":0,"href":"https:\/\/www.diarioimagen.net\/index.php?rest_route=\/wp\/v2\/posts\/227392\/revisions"}],"wp:featuredmedia":[{"embeddable":true,"href":"https:\/\/www.diarioimagen.net\/index.php?rest_route=\/wp\/v2\/media\/227505"}],"wp:attachment":[{"href":"https:\/\/www.diarioimagen.net\/index.php?rest_route=%2Fwp%2Fv2%2Fmedia&parent=227392"}],"wp:term":[{"taxonomy":"category","embeddable":true,"href":"https:\/\/www.diarioimagen.net\/index.php?rest_route=%2Fwp%2Fv2%2Fcategories&post=227392"},{"taxonomy":"post_tag","embeddable":true,"href":"https:\/\/www.diarioimagen.net\/index.php?rest_route=%2Fwp%2Fv2%2Ftags&post=227392"}],"curies":[{"name":"wp","href":"https:\/\/api.w.org\/{rel}","templated":true}]}}