{"id":227578,"date":"2015-07-28T00:07:42","date_gmt":"2015-07-28T05:07:42","guid":{"rendered":"http:\/\/www.diarioimagen.net\/?p=227578"},"modified":"2015-07-28T04:28:06","modified_gmt":"2015-07-28T09:28:06","slug":"mancera-se-ausentara-del-gdf-una-semana","status":"publish","type":"post","link":"https:\/\/www.diarioimagen.net\/?p=227578","title":{"rendered":"Mancera se ausentar\u00e1 del GDF una semana"},"content":{"rendered":"<ul>\n<li><strong><em>Para tratar asuntos familiares<\/em><\/strong><\/li>\n<\/ul>\n<div id=\"attachment_227693\" style=\"width: 250px\" class=\"wp-caption alignleft\"><a href=\"http:\/\/www.diarioimagen.net\/?attachment_id=227693\" rel=\"attachment wp-att-227693\"><img loading=\"lazy\" decoding=\"async\" aria-describedby=\"caption-attachment-227693\" class=\"size-medium wp-image-227693\" src=\"http:\/\/www.diarioimagen.net\/wp-content\/uploads\/2015\/07\/GDF-2663-240x135.jpg\" alt=\"Patricia Mercado Castro, secretaria de Gobierno, tomar\u00e1 las riendas del GDF esta semana ante la ausencia de Miguel \u00c1ngel Mancera.\" width=\"240\" height=\"135\" srcset=\"https:\/\/www.diarioimagen.net\/wp-content\/uploads\/2015\/07\/GDF-2663-240x135.jpg 240w, https:\/\/www.diarioimagen.net\/wp-content\/uploads\/2015\/07\/GDF-2663-420x236.jpg 420w, https:\/\/www.diarioimagen.net\/wp-content\/uploads\/2015\/07\/GDF-2663-235x132.jpg 235w, https:\/\/www.diarioimagen.net\/wp-content\/uploads\/2015\/07\/GDF-2663-202x114.jpg 202w, https:\/\/www.diarioimagen.net\/wp-content\/uploads\/2015\/07\/GDF-2663-350x196.jpg 350w, https:\/\/www.diarioimagen.net\/wp-content\/uploads\/2015\/07\/GDF-2663-220x123.jpg 220w, https:\/\/www.diarioimagen.net\/wp-content\/uploads\/2015\/07\/GDF-2663-237x132.jpg 237w, https:\/\/www.diarioimagen.net\/wp-content\/uploads\/2015\/07\/GDF-2663.jpg 480w\" sizes=\"auto, (max-width: 240px) 100vw, 240px\" \/><\/a><p id=\"caption-attachment-227693\" class=\"wp-caption-text\">Patricia Mercado Castro, secretaria de Gobierno, tomar\u00e1 las riendas del GDF esta semana ante la ausencia de Miguel \u00c1ngel Mancera.<\/p><\/div>\n<p>La secretaria de Gobierno, Patricia Mercado Castro, anunci\u00f3 que durante esta semana, el jefe de gobierno, Miguel \u00c1ngel Mancera, se ausentar\u00e1 de sus labores al frente de la administraci\u00f3n capitalina, para atender asuntos de \u00edndole familiar.<\/p>\n<p>La funcionaria local inform\u00f3 que por ese motivo el mandatario capitalino le ha encomendado que durante su ausencia se mantenga un contacto permanente con el gabinete del gobierno local para tomar las decisiones pertinentes y mantenerlo informado.<\/p>\n<p>Dio a conocer que por decisi\u00f3n del propio Mancera, ayer el primer cuadro de la ciudad amaneci\u00f3 resguardado por elementos de Seguridad P\u00fablica para vigilar el retiro de aproximadamente 800 comerciantes de v\u00eda p\u00fablica conocidos como \u201ctoreros\u201d.<\/p>\n<p>La titular de la Secretar\u00eda de Gobierno del Distrito Federal record\u00f3 que hay 45 plazas comerciales que se ofrecieron a los ambulantes desde la administraci\u00f3n anterior, para que puedan realizar sus ventas en lugares establecidos.<\/p>\n<p>Anunci\u00f3 que dialogar\u00e1n con las organizaciones de comerciantes para ver qu\u00e9 hace falta en esos espacios, \u201cque m\u00e1s tenemos que hacer, qu\u00e9 tenemos que invertir para que sean plazas donde puedan desarrollar legalmente su trabajo de venta de sus art\u00edculos\u201d.<\/p>\n<p>Agreg\u00f3 que con la autoridad del Centro Hist\u00f3rico valoran propuestas de nuevas plazas que se pueden hacer en este cuadrante para ofrecer a los comerciantes alternativas de trabajo digno en lugares de este tipo o en espacios nuevos.<\/p>\n<p>Resalt\u00f3 que esta acci\u00f3n da continuidad a lo iniciado el 23 de julio pasado, cuando junto con los gobiernos saliente y entrante de la delegaci\u00f3n Cuauht\u00e9moc se acord\u00f3 el retiro de 286 comerciantes de la v\u00eda p\u00fablica en avenida Izazaga, para evitar que haya un descontrol de esta actividad durante la transici\u00f3n.<\/p>\n<p>Patricia Mercado llam\u00f3 a las organizaciones de comerciantes ambulantes a buscar la generaci\u00f3n de alternativas de ingreso, para que aproximadamente 2 millones de personas en la ciudad que laboran en la informalidad cumplan con la ley que proh\u00edbe esta actividad.<\/p>\n<p>Durante la ausencia del jefe de gobierno distintos integrantes del gabinete informar\u00e1n sobre las acciones de gobierno que se realizar\u00e1n esta semana, todas acordadas de antemano con Mancera Espinosa, indic\u00f3 la funcionaria capitalina.<\/p>\n<p>&nbsp;<\/p>\n","protected":false},"excerpt":{"rendered":"<p>La secretaria de Gobierno, Patricia Mercado Castro, anunci\u00f3 que durante esta semana, el jefe de gobierno, Miguel \u00c1ngel Mancera, se ausentar\u00e1 de sus labores al frente de la administraci\u00f3n capitalina, para atender asuntos de \u00edndole familiar.<\/p>\n","protected":false},"author":3,"featured_media":227693,"comment_status":"open","ping_status":"open","sticky":false,"template":"","format":"standard","meta":{"_monsterinsights_skip_tracking":false,"_monsterinsights_sitenote_active":false,"_monsterinsights_sitenote_note":"","_monsterinsights_sitenote_category":0,"footnotes":""},"categories":[6],"tags":[204,43691,5314,5718],"class_list":["post-227578","post","type-post","status-publish","format-standard","has-post-thumbnail","hentry","category-cd-de-mexico","tag-ciudad-de-mexico","tag-gdf","tag-miguel-angel-mancera-espinosa","tag-secretaria-de-gobierno"],"_links":{"self":[{"href":"https:\/\/www.diarioimagen.net\/index.php?rest_route=\/wp\/v2\/posts\/227578","targetHints":{"allow":["GET"]}}],"collection":[{"href":"https:\/\/www.diarioimagen.net\/index.php?rest_route=\/wp\/v2\/posts"}],"about":[{"href":"https:\/\/www.diarioimagen.net\/index.php?rest_route=\/wp\/v2\/types\/post"}],"author":[{"embeddable":true,"href":"https:\/\/www.diarioimagen.net\/index.php?rest_route=\/wp\/v2\/users\/3"}],"replies":[{"embeddable":true,"href":"https:\/\/www.diarioimagen.net\/index.php?rest_route=%2Fwp%2Fv2%2Fcomments&post=227578"}],"version-history":[{"count":0,"href":"https:\/\/www.diarioimagen.net\/index.php?rest_route=\/wp\/v2\/posts\/227578\/revisions"}],"wp:featuredmedia":[{"embeddable":true,"href":"https:\/\/www.diarioimagen.net\/index.php?rest_route=\/wp\/v2\/media\/227693"}],"wp:attachment":[{"href":"https:\/\/www.diarioimagen.net\/index.php?rest_route=%2Fwp%2Fv2%2Fmedia&parent=227578"}],"wp:term":[{"taxonomy":"category","embeddable":true,"href":"https:\/\/www.diarioimagen.net\/index.php?rest_route=%2Fwp%2Fv2%2Fcategories&post=227578"},{"taxonomy":"post_tag","embeddable":true,"href":"https:\/\/www.diarioimagen.net\/index.php?rest_route=%2Fwp%2Fv2%2Ftags&post=227578"}],"curies":[{"name":"wp","href":"https:\/\/api.w.org\/{rel}","templated":true}]}}