{"id":227649,"date":"2015-07-28T00:06:09","date_gmt":"2015-07-28T05:06:09","guid":{"rendered":"http:\/\/www.diarioimagen.net\/?p=227649"},"modified":"2015-07-29T03:03:09","modified_gmt":"2015-07-29T08:03:09","slug":"cambio-de-membrete-cambio-de-estructura","status":"publish","type":"post","link":"https:\/\/www.diarioimagen.net\/?p=227649","title":{"rendered":"Cambio de membrete, cambio de estructura"},"content":{"rendered":"<h2>Detr\u00e1s del Poder<\/h2>\n<h5>Jos\u00e9 Antonio L\u00f3pez Sosa<\/h5>\n<p>&nbsp;<\/p>\n<p>Ante un problema de a\u00f1os, resulta complicado creer que por el simple hecho de cambiarle de nombre, pueda cambiar su estructura interna.<\/p>\n<p>En Oaxaca lleva d\u00e9cadas el conflicto magisterial, es dif\u00edcil recordar cu\u00e1ndo fue el \u00faltimo ciclo escolar que los alumnos cursaron completo, los maestros se han convertido en activistas pol\u00edticos y durante todo este tiempo, las plazas magisteriales se transformaron en lugares para la lucha y la protesta social, cosa que no est\u00e1 mal, siempre y cuando no se afectaran los d\u00edas y horas de aprendizaje de los alumnos.<\/p>\n<p>Se llamaba Instituto Estatal de Educaci\u00f3n P\u00fablica de Oaxaca (IEEPO), ahora ser\u00e1 un nuevo organismo de educaci\u00f3n estatal donde presumiblemente el que no cumpla con sus responsabilidades quedar\u00e1 fuera de la n\u00f3mina.<\/p>\n<p>La determinaci\u00f3n sorprendi\u00f3 a todos cuando fue anunciada por el gobernador Cu\u00e9 y el vocero presidencial Eduardo S\u00e1nchez.<\/p>\n<p>Ahora bien, \u00bfcambiar de membrete implica cambiar la estructura?, he ah\u00ed el dilema, si bien no es imposible, se requiere de un proceso de bastante tiempo, con una normatividad clara y con acercamiento a las comunidades donde hasta hoy est\u00e1n convencidos que es preferible no tener educaci\u00f3n que bajar la guardia en la lucha magisterial, tengan raz\u00f3n o no as\u00ed funciona en diversos lugares de Oaxaca.<\/p>\n<p>El cambio en una estructura de esta naturaleza debe ser vertical, sin embargo quien fung\u00eda como director del IEEPO ser\u00e1 director del nuevo organismo, es a\u00fan m\u00e1s complicado que las mismas autoridades pretendan cambiar lo que se ha descompuesto desde hace a\u00f1os.<\/p>\n<p>Gabino Cu\u00e9 se ha trazado un reto en el que muchos dudamos, no por el propio Gabino o su buena intenci\u00f3n, por los a\u00f1os que preceden a este movimiento que ha sumido en el rezago a la educaci\u00f3n en Oaxaca.<\/p>\n<p>Quedan a\u00fan muchas preguntas, muchas explicaciones de los c\u00f3mos y los cu\u00e1ndos, eso es lo que Gabino Cu\u00e9 debe dar a conocer si pretende hacer cre\u00edble su proyecto.<\/p>\n<p><em><a href=\"http:\/\/www.lopezsosa.com\" target=\"_blank\">www.lopezsosa.com<\/a><br \/>\n<\/em><em><a href=\"mailto:joseantonio@lopezsosa.com\" target=\"_blank\">joseantonio@lopezsosa.com<\/a><\/em><br \/>\n<em><a href=\"http:\/\/twitter.com\/joseantonio1977\" target=\"_blank\">@joseantonio1977<\/a><\/em><\/p>\n","protected":false},"excerpt":{"rendered":"<p><span style=\"color: #005497;\"><strong>Jos\u00e9 Antonio L\u00f3pez Sosa<\/strong><\/span><\/p>\n","protected":false},"author":3,"featured_media":0,"comment_status":"open","ping_status":"open","sticky":false,"template":"","format":"standard","meta":{"_monsterinsights_skip_tracking":false,"_monsterinsights_sitenote_active":false,"_monsterinsights_sitenote_note":"","_monsterinsights_sitenote_category":0,"footnotes":""},"categories":[637],"tags":[638,43690,43674],"class_list":["post-227649","post","type-post","status-publish","format-standard","hentry","category-jose-antonio-lopez-sosa","tag-detras-del-poder","tag-jose-antonio-lopez-sosa","tag-opinion"],"_links":{"self":[{"href":"https:\/\/www.diarioimagen.net\/index.php?rest_route=\/wp\/v2\/posts\/227649","targetHints":{"allow":["GET"]}}],"collection":[{"href":"https:\/\/www.diarioimagen.net\/index.php?rest_route=\/wp\/v2\/posts"}],"about":[{"href":"https:\/\/www.diarioimagen.net\/index.php?rest_route=\/wp\/v2\/types\/post"}],"author":[{"embeddable":true,"href":"https:\/\/www.diarioimagen.net\/index.php?rest_route=\/wp\/v2\/users\/3"}],"replies":[{"embeddable":true,"href":"https:\/\/www.diarioimagen.net\/index.php?rest_route=%2Fwp%2Fv2%2Fcomments&post=227649"}],"version-history":[{"count":0,"href":"https:\/\/www.diarioimagen.net\/index.php?rest_route=\/wp\/v2\/posts\/227649\/revisions"}],"wp:attachment":[{"href":"https:\/\/www.diarioimagen.net\/index.php?rest_route=%2Fwp%2Fv2%2Fmedia&parent=227649"}],"wp:term":[{"taxonomy":"category","embeddable":true,"href":"https:\/\/www.diarioimagen.net\/index.php?rest_route=%2Fwp%2Fv2%2Fcategories&post=227649"},{"taxonomy":"post_tag","embeddable":true,"href":"https:\/\/www.diarioimagen.net\/index.php?rest_route=%2Fwp%2Fv2%2Ftags&post=227649"}],"curies":[{"name":"wp","href":"https:\/\/api.w.org\/{rel}","templated":true}]}}