{"id":227737,"date":"2015-07-29T00:03:43","date_gmt":"2015-07-29T05:03:43","guid":{"rendered":"http:\/\/www.diarioimagen.net\/?p=227737"},"modified":"2015-07-29T23:33:05","modified_gmt":"2015-07-30T04:33:05","slug":"cesan-al-piojo-herrera-de-la-seleccion-nacional","status":"publish","type":"post","link":"https:\/\/www.diarioimagen.net\/?p=227737","title":{"rendered":"Fin de una era de un t\u00e9cnico explosivo"},"content":{"rendered":"<ul>\n<li><strong><em>Siempre lo acompa\u00f1\u00f3 la pol\u00e9mica a Miguel Herrera<\/em><\/strong><\/li>\n<\/ul>\n<div id=\"attachment_227904\" style=\"width: 250px\" class=\"wp-caption alignleft\"><a href=\"http:\/\/www.diarioimagen.net\/?attachment_id=227904\" rel=\"attachment wp-att-227904\"><img loading=\"lazy\" decoding=\"async\" aria-describedby=\"caption-attachment-227904\" class=\"size-medium wp-image-227904\" src=\"http:\/\/www.diarioimagen.net\/wp-content\/uploads\/2015\/07\/piojo-2664-240x135.jpg\" alt=\"\u201cEl Piojo\u201d Herrera destac\u00f3 por ser un tipo de car\u00e1cter fuerte dentro y fuera de la cancha.\" width=\"240\" height=\"135\" srcset=\"https:\/\/www.diarioimagen.net\/wp-content\/uploads\/2015\/07\/piojo-2664-240x135.jpg 240w, https:\/\/www.diarioimagen.net\/wp-content\/uploads\/2015\/07\/piojo-2664-420x236.jpg 420w, https:\/\/www.diarioimagen.net\/wp-content\/uploads\/2015\/07\/piojo-2664-235x132.jpg 235w, https:\/\/www.diarioimagen.net\/wp-content\/uploads\/2015\/07\/piojo-2664-202x114.jpg 202w, https:\/\/www.diarioimagen.net\/wp-content\/uploads\/2015\/07\/piojo-2664-350x196.jpg 350w, https:\/\/www.diarioimagen.net\/wp-content\/uploads\/2015\/07\/piojo-2664-220x123.jpg 220w, https:\/\/www.diarioimagen.net\/wp-content\/uploads\/2015\/07\/piojo-2664-237x132.jpg 237w, https:\/\/www.diarioimagen.net\/wp-content\/uploads\/2015\/07\/piojo-2664.jpg 480w\" sizes=\"auto, (max-width: 240px) 100vw, 240px\" \/><\/a><p id=\"caption-attachment-227904\" class=\"wp-caption-text\">\u201cEl Piojo\u201d Herrera destac\u00f3 por ser un tipo de car\u00e1cter fuerte dentro y fuera de la cancha.<\/p><\/div>\n<p>De la misma forma en que lleg\u00f3 al tim\u00f3n de la Selecci\u00f3n Mexicana de futbol, as\u00ed se da la salida de Miguel Herrera, quien en la \u00faltima parte de su proceso se vio involucrado en la pol\u00e9mica y en el mal accionar del equipo.<\/p>\n<p>Luego de la destituci\u00f3n de V\u00edctor Manuel Vucetich, que s\u00f3lo dirigi\u00f3 dos partidos, ante Panam\u00e1 y Costa Rica en el hexagonal final rumbo a la Copa del Mundo Brasil 2014, \u201cEl Piojo\u201d fue el elegido para dirigir los partidos de repechaje ante Nueva Zelanda, en los que no tuvo mayor problema para avanzar.<\/p>\n<p>Ratificado para dirigir el mundial, realiz\u00f3 una gran primera ronda al derrotar a Camer\u00fan y Croacia, as\u00ed como sacar el primer punto a Brasil en una justa de esta \u00edndole. En octavos de final qued\u00f3 fuera ante Holanda por un penal muy dudoso. Hasta ah\u00ed todo iba bien, era querido por la afici\u00f3n y se le ratific\u00f3 como t\u00e9cnico nacional para el proceso hacia la Copa del Mundo Rusia 2018.<\/p>\n<p>Los problemas comenzaron en la Copa Am\u00e9rica Chile 2015, en la cual hab\u00eda prometido llegar a la final o al menos estar entre los cuatro primeros lugares, pero ni uno ni lo otro cumpli\u00f3, ya que fue eliminado en primera ronda.<\/p>\n<p>Acostumbrado a verse involucrado en pol\u00e9micas, Herrera, quien ya mostraba una sobreexposici\u00f3n importante en los medios al realizar campa\u00f1as de diferentes productos y servicios, escribi\u00f3 unos tuits en d\u00eda de elecciones, algo que molest\u00f3 a mucha parte de la sociedad y reforzaron los ataques de los que ya estaban en su contra.<\/p>\n<p>En la Copa Oro, certamen al que en sus propias palabras era obligaci\u00f3n ganar, para la que guard\u00f3 al mejor equipo, no fue lo que se esperaba en todos los sentidos.<\/p>\n<p>El proceso se manten\u00eda, sin embargo, su salida fue el resultado del conflicto que tuvo con el cronista Christian Martinolli en el aeropuerto de Filadelfia el pasado lunes, algo que ya no fue tolerado por los altos mandos del futbol mexicano, para as\u00ed terminar con este asunto que ten\u00eda como destino la Copa del Mundo Rusia 2018.<\/p>\n<p style=\"text-align: center;\"><strong>Se arrepiente el Piojo<\/strong><\/p>\n<p>El \u201cPiojo\u201d Herrera emiti\u00f3 un comunicado donde pidi\u00f3 disculpas a la afici\u00f3n, jugadores, directivos y medios de comunicaci\u00f3n tras su actitud de este lunes en el aeropuerto de Filadelfia donde se encar\u00f3 y golpe\u00f3 al periodista Christian Martinoli de la empresa TV Azteca.<\/p>\n<p>&nbsp;<\/p>\n<blockquote><p><strong>El comunicado \u00edntegro de Miguel Herrera:<\/strong><\/p>\n<p>Por este conducto me dirijo a ustedes por lo sucedido en las \u00faltimas horas.<\/p>\n<p>Quiero ofrecer una disculpa p\u00fablica a la afici\u00f3n, Cuerpo T\u00e9cnico, Jugadores, Federaci\u00f3n Mexicana de F\u00fatbol (FMF), Directivos y Medios de Comunicaci\u00f3n por mi conducta en el penoso incidente que tuve con un comentarista.<\/p>\n<p>Me queda claro que no es la actitud que debe tomar un entrenador de la Selecci\u00f3n Nacional de M\u00e9xico, a pesar de haber recibido todo tipo de cr\u00edticas, ofensas y burlas hacia mi familia y mi persona.<\/p>\n<p>A la gran afici\u00f3n mexicana, agradezco todo el apoyo durante mi proceso como seleccionador, a la FMF el apoyo recibido durante mi gesti\u00f3n, entendiendo que la decisi\u00f3n est\u00e1 tomada, pero acato la misma.<\/p>\n<p>Me entristece profundamente dejar el puesto de T\u00e9cnico de la Selecci\u00f3n por esta lamentable causa, ya que los resultados deportivos fueron, en su mayor\u00eda, positivos dentro de los objetivos trazados.<\/p>\n<p>Aprovecho para dar las gracias a todos los medios de comunicaci\u00f3n por su colaboraci\u00f3n durante mi proceso.<\/p>\n<p>Espero entiendan el momento por el que estoy pasando.<\/p>\n<p>Aprovechar\u00e9 para disfrutar a mi gran familia y descansar un tiempo, despu\u00e9s, regresar\u00e9 siendo el mismo, y tendr\u00e1n conmigo, como siempre, las puertas abiertas.<\/p>\n<p style=\"text-align: right;\"><strong>Atte. Miguel Herrera Aguirre<\/strong><\/p>\n<\/blockquote>\n<p>&nbsp;<\/p>\n","protected":false},"excerpt":{"rendered":"<p>De la misma forma en que lleg\u00f3 al tim\u00f3n de la Selecci\u00f3n Mexicana de futbol, as\u00ed se da la salida de Miguel Herrera, quien en la \u00faltima parte de su proceso se vio involucrado en la pol\u00e9mica y en el mal accionar del equipo.<\/p>\n","protected":false},"author":5,"featured_media":227904,"comment_status":"open","ping_status":"open","sticky":false,"template":"","format":"standard","meta":{"_monsterinsights_skip_tracking":false,"_monsterinsights_sitenote_active":false,"_monsterinsights_sitenote_note":"","_monsterinsights_sitenote_category":0,"footnotes":""},"categories":[10],"tags":[29863,43680,13161,30029],"class_list":["post-227737","post","type-post","status-publish","format-standard","has-post-thumbnail","hentry","category-deportes","tag-cese","tag-deportes","tag-explosivo","tag-miguel-herrera"],"_links":{"self":[{"href":"https:\/\/www.diarioimagen.net\/index.php?rest_route=\/wp\/v2\/posts\/227737","targetHints":{"allow":["GET"]}}],"collection":[{"href":"https:\/\/www.diarioimagen.net\/index.php?rest_route=\/wp\/v2\/posts"}],"about":[{"href":"https:\/\/www.diarioimagen.net\/index.php?rest_route=\/wp\/v2\/types\/post"}],"author":[{"embeddable":true,"href":"https:\/\/www.diarioimagen.net\/index.php?rest_route=\/wp\/v2\/users\/5"}],"replies":[{"embeddable":true,"href":"https:\/\/www.diarioimagen.net\/index.php?rest_route=%2Fwp%2Fv2%2Fcomments&post=227737"}],"version-history":[{"count":0,"href":"https:\/\/www.diarioimagen.net\/index.php?rest_route=\/wp\/v2\/posts\/227737\/revisions"}],"wp:featuredmedia":[{"embeddable":true,"href":"https:\/\/www.diarioimagen.net\/index.php?rest_route=\/wp\/v2\/media\/227904"}],"wp:attachment":[{"href":"https:\/\/www.diarioimagen.net\/index.php?rest_route=%2Fwp%2Fv2%2Fmedia&parent=227737"}],"wp:term":[{"taxonomy":"category","embeddable":true,"href":"https:\/\/www.diarioimagen.net\/index.php?rest_route=%2Fwp%2Fv2%2Fcategories&post=227737"},{"taxonomy":"post_tag","embeddable":true,"href":"https:\/\/www.diarioimagen.net\/index.php?rest_route=%2Fwp%2Fv2%2Ftags&post=227737"}],"curies":[{"name":"wp","href":"https:\/\/api.w.org\/{rel}","templated":true}]}}