{"id":227863,"date":"2015-07-29T00:03:17","date_gmt":"2015-07-29T05:03:17","guid":{"rendered":"http:\/\/www.diarioimagen.net\/?p=227863"},"modified":"2015-07-29T02:54:47","modified_gmt":"2015-07-29T07:54:47","slug":"aplicacion-de-la-ley","status":"publish","type":"post","link":"https:\/\/www.diarioimagen.net\/?p=227863","title":{"rendered":"Aplicaci\u00f3n de la ley"},"content":{"rendered":"<h2>Desde el portal<\/h2>\n<h5>\u00c1ngel Soriano<\/h5>\n<p>&nbsp;<\/p>\n<p>La aplicaci\u00f3n de la ley para el magisterio disidente consiste en la represi\u00f3n de los movimientos sociales -desean que la ley los proteja- e ir en contra de la educaci\u00f3n de los ni\u00f1os, de la vandalizaci\u00f3n de comercios, bloqueos carreteros y dejar sin ingresos a miles de comerciantes y empresarios que dan empleo a jefes de familia que, al paralizarse las actividades, llegan a sus hogares sin dinero para el gasto familiar.<\/p>\n<p>Se trata de una err\u00f3nea y perversa interpretaci\u00f3n de la ley, porque en sociedad no se puede vivir en la \u201cley de la selva\u201d, donde el m\u00e1s fuerte imponga sus condiciones para su beneficio, en detrimento del m\u00e1s d\u00e9bil, o el que conf\u00eda en la raz\u00f3n y el derecho, para vivir en una sociedad civilizada, donde se privilegien los intereses superiores del pa\u00eds, de la sociedad y del individuo en lo particular, que tiene derecho a acceder a todos los satisfactores sin sufrir agravios de quienes tienen la fuerza num\u00e9rica para imponerse a las minor\u00edas indiferentes.<\/p>\n<p>Ya el secretario de Gobernaci\u00f3n, <strong>Miguel \u00c1ngel Osorio Chong<\/strong>, explic\u00f3 que la aplicaci\u00f3n de la ley no es ir en contra de los movimientos sociales ni actuar con fines represivos, es la aplicaci\u00f3n del estado de Derecho para garantizar al pueblo de M\u00e9xico la sana convivencia y el acceso directo a la educaci\u00f3n de calidad de quienes m\u00e1s lo necesitan y se encuentran indefensos ante quienes incumplen con su apostolado, de servir a la ni\u00f1ez mexicana.<\/p>\n<p>Afortunadamente, son m\u00e1s quienes saben que la raz\u00f3n no le asiste al magisterio disidente -CNTE-, porque no es tolerable aceptar que las nuevas generaciones est\u00e9n en manos de maestros sin la preparaci\u00f3n acad\u00e9mica necesaria y, permitirlo, ser\u00eda condenar al pa\u00eds a la mediocridad permanente o al c\u00edrculo vicioso de tener malos alumnos porque hay malos maestros, y en consecuencia, un pa\u00eds sumido en el atraso ancestral.<\/p>\n<p style=\"text-align: center;\"><strong>TURBULENCIAS<br \/>\nChuayffet: a dar clases<\/strong><\/p>\n<p>La (CETEG) de Guerrero ratific\u00f3 que no iniciar\u00e1n clases el 24 de agosto pr\u00f3ximo y desminti\u00f3 que en Oaxaca el 100% del magisterio est\u00e9 dispuesto a reanudar el ciclo escolar, pues afirm\u00f3 que junto con Chiapas y Michoac\u00e1n se sumar\u00e1n al paro y no habr\u00e1 clases, a menos que el titular de la SEP, Emilio Chuayffet lo haga, dijo el dirigente <strong>Walter A\u00f1orve,<\/strong> al exigir al gobierno desmilitarizar los estados opositores a la reforma educativa\u2026El 14 Encuentro Internacional de \u00d3pera concluy\u00f3 en el Teatro de la Ciudad \u201cFernando Soler\u201d de Saltillo, con el \u201cMarat\u00f3n de Escenas\u201d, donde 50 alumnos, pianistas, acompa\u00f1antes y maestros de \u00f3pera dar\u00e1n dos funciones gratuitas; destac\u00f3 el concurso \u201cVoz Artesc\u00e9nica 2015\u201d, del que el jurado eligi\u00f3 como primer lugar a <strong>Liliana Aguilasocho,<\/strong> y en segundo a <strong>Pamela Morales y Roxana Anderson. <\/strong>Asimismo, el p\u00fablico otorg\u00f3 segundo lugar a <strong>Jorge Jim\u00e9nez<\/strong> y <strong>Rodrigo Urrutia<\/strong>\u2026La violencia no cabe en la familia, nadie que se exprese sobre el principio de la libertad de expresi\u00f3n puede formar parte de la Federaci\u00f3n Mexicana de Futbol. A pesar de una carrera deportiva extraordinaria, los resultados no pueden ponerse por encima de nuestros estatutos y reglamentos. Para la federaci\u00f3n y la selecci\u00f3n debe ser un ejemplo ante las nuevas generaciones, dijo <strong>Decio de Mar\u00eda<\/strong>, nuevo presidente de la Federaci\u00f3n Mexicana de Futbol, al dar a conocer la destituci\u00f3n de <strong>Miguel Herrera<\/strong> el \u201cPiojo\u201d, como director t\u00e9cnico de la Selecci\u00f3n Nacional, pese a los buenos resultados en los \u00faltimos juegos\u2026<\/p>\n<p><em><a href=\"http:\/\/www.revista-brecha.com\/\" target=\"_blank\">www.revista-brecha.com<br \/>\n<\/a><a href=\"mailto:vidanacional@yahoo.com.mx\" target=\"_blank\">vidanacional@yahoo.com.mx<\/a><\/em><\/p>\n","protected":false},"excerpt":{"rendered":"<p><span style=\"color: #005497;\"><strong>\u00c1ngel Soriano<\/strong><\/span><\/p>\n","protected":false},"author":3,"featured_media":0,"comment_status":"open","ping_status":"open","sticky":false,"template":"","format":"standard","meta":{"_monsterinsights_skip_tracking":false,"_monsterinsights_sitenote_active":false,"_monsterinsights_sitenote_note":"","_monsterinsights_sitenote_category":0,"footnotes":""},"categories":[135],"tags":[85,86,43674],"class_list":["post-227863","post","type-post","status-publish","format-standard","hentry","category-angel-soriano-opinion","tag-angel-soriano","tag-desde-el-portal","tag-opinion"],"_links":{"self":[{"href":"https:\/\/www.diarioimagen.net\/index.php?rest_route=\/wp\/v2\/posts\/227863","targetHints":{"allow":["GET"]}}],"collection":[{"href":"https:\/\/www.diarioimagen.net\/index.php?rest_route=\/wp\/v2\/posts"}],"about":[{"href":"https:\/\/www.diarioimagen.net\/index.php?rest_route=\/wp\/v2\/types\/post"}],"author":[{"embeddable":true,"href":"https:\/\/www.diarioimagen.net\/index.php?rest_route=\/wp\/v2\/users\/3"}],"replies":[{"embeddable":true,"href":"https:\/\/www.diarioimagen.net\/index.php?rest_route=%2Fwp%2Fv2%2Fcomments&post=227863"}],"version-history":[{"count":0,"href":"https:\/\/www.diarioimagen.net\/index.php?rest_route=\/wp\/v2\/posts\/227863\/revisions"}],"wp:attachment":[{"href":"https:\/\/www.diarioimagen.net\/index.php?rest_route=%2Fwp%2Fv2%2Fmedia&parent=227863"}],"wp:term":[{"taxonomy":"category","embeddable":true,"href":"https:\/\/www.diarioimagen.net\/index.php?rest_route=%2Fwp%2Fv2%2Fcategories&post=227863"},{"taxonomy":"post_tag","embeddable":true,"href":"https:\/\/www.diarioimagen.net\/index.php?rest_route=%2Fwp%2Fv2%2Ftags&post=227863"}],"curies":[{"name":"wp","href":"https:\/\/api.w.org\/{rel}","templated":true}]}}