{"id":227945,"date":"2015-07-29T00:01:05","date_gmt":"2015-07-29T05:01:05","guid":{"rendered":"http:\/\/www.diarioimagen.net\/?p=227945"},"modified":"2015-07-29T06:06:53","modified_gmt":"2015-07-29T11:06:53","slug":"fabio-villegas-ramirez-anuncio-a-la-junta-directiva-de-avianca-su-intencion-de-retirarse-de-la-presidencia-de-la-compania-en-2016","status":"publish","type":"post","link":"https:\/\/www.diarioimagen.net\/?p=227945","title":{"rendered":"Fabio Villegas Ram\u00edrez anunci\u00f3 a la Junta Directiva de Avianca su intenci\u00f3n de retirarse de la presidencia de la compa\u00f1\u00eda en 2016"},"content":{"rendered":"<h2>De cinco estrellas<\/h2>\n<h5>Victoria Gonz\u00e1lez Prado<\/h5>\n<p>&nbsp;<\/p>\n<ul>\n<li><em><strong>Con la visita de mil 800 personas inici\u00f3 funciones el Parador Tur\u00edstico Sangre de Cristo<\/strong><\/em><\/li>\n<li><em><strong>Encuesta de Wyndham Rewards revela que los ni\u00f1os piensan que pueden planear mejores vacaciones que sus padres<\/strong><\/em><\/li>\n<\/ul>\n<div id=\"attachment_227949\" style=\"width: 250px\" class=\"wp-caption alignleft\"><a href=\"http:\/\/www.diarioimagen.net\/?attachment_id=227949\" rel=\"attachment wp-att-227949\"><img loading=\"lazy\" decoding=\"async\" aria-describedby=\"caption-attachment-227949\" class=\"size-medium wp-image-227949\" src=\"http:\/\/www.diarioimagen.net\/wp-content\/uploads\/2015\/07\/turismo-2664-240x135.jpg\" alt=\"Fabio Villegas.\" width=\"240\" height=\"135\" srcset=\"https:\/\/www.diarioimagen.net\/wp-content\/uploads\/2015\/07\/turismo-2664-240x135.jpg 240w, https:\/\/www.diarioimagen.net\/wp-content\/uploads\/2015\/07\/turismo-2664-420x236.jpg 420w, https:\/\/www.diarioimagen.net\/wp-content\/uploads\/2015\/07\/turismo-2664-235x132.jpg 235w, https:\/\/www.diarioimagen.net\/wp-content\/uploads\/2015\/07\/turismo-2664-202x114.jpg 202w, https:\/\/www.diarioimagen.net\/wp-content\/uploads\/2015\/07\/turismo-2664-350x196.jpg 350w, https:\/\/www.diarioimagen.net\/wp-content\/uploads\/2015\/07\/turismo-2664-220x123.jpg 220w, https:\/\/www.diarioimagen.net\/wp-content\/uploads\/2015\/07\/turismo-2664-237x132.jpg 237w, https:\/\/www.diarioimagen.net\/wp-content\/uploads\/2015\/07\/turismo-2664.jpg 480w\" sizes=\"auto, (max-width: 240px) 100vw, 240px\" \/><\/a><p id=\"caption-attachment-227949\" class=\"wp-caption-text\">Fabio Villegas.<\/p><\/div>\n<p>Despu\u00e9s de diez a\u00f1os y varios meses de ocupar el cargo, <strong>Fabio Villegas Ram\u00edrez<\/strong> anunci\u00f3 a la Junta Directiva de Avianca su intenci\u00f3n de retirarse de la presidencia de la compa\u00f1\u00eda a partir de 2016. El directivo manifest\u00f3 su inter\u00e9s en el desarrollo de otros proyectos e iniciativas de car\u00e1cter profesional.<\/p>\n<p>Su manejo de la empresa le permiti\u00f3 pasar de transportar 5 millones de pasajeros en 2005 a 26 millones en 2014. De 39 aeronaves con m\u00e1s de 12 a\u00f1os de edad promedio hoy cuentan con 181 aviones de \u00faltima generaci\u00f3n. De ser una aerol\u00ednea enfocada en el mercado colombiano, que llegaba a 35 destinos, se convirti\u00f3 en una multinacional con tres centros de operaciones y una importante red de rutas que le permite llegar diariamente a m\u00e1s de 100 destinos en Am\u00e9rica y Europa.<\/p>\n<p>Gener\u00f3 en 2004 ingresos por 709 millones de d\u00f3lares y diez a\u00f1os despu\u00e9s, en 2014 factur\u00f3 4 mi 700 millones de d\u00f3lares. Todo ello como resultado de la gesti\u00f3n en este frente ha generado utilidades a\u00f1os tras a\u00f1os en la \u00faltima d\u00e9cada. Ubic\u00e1ndose en algunos periodos entre las 10 aerol\u00edneas m\u00e1s rentables del mundo.<\/p>\n<p>Con relaci\u00f3n al sucesor, el directivo dijo que se ha dado instrucci\u00f3n al Comit\u00e9 de Compensaci\u00f3n y Recursos Humanos, integrado por miembros de la Junta Directiva de la organizaci\u00f3n, para que lidere el proceso de selecci\u00f3n del nuevo presidente. Para ello, se apoyar\u00e1 en una firma de primer orden especializada en la b\u00fasqueda de talentos que se encargar\u00e1n de la\u00a0 ubicaci\u00f3n de candidatos con las cualidades requeridas para presidir la empresa. Manifest\u00f3 que espera que en el corto plazo la junta pueda tener la informaci\u00f3n adecuada para tomar una decisi\u00f3n.<\/p>\n<p>\u2730\u2730\u2730\u2730\u2730 Con la visita de mil 800 personas inici\u00f3 funciones el Parador Tur\u00edstico Sangre de Cristo, para ofrecer cultura y diversi\u00f3n a casi 2 mil 400 metros sobre el nivel del mar, ubicado a espaldas del Cerro del Cubilete, inaugurando el lugar <strong>Fernando Olivera Rocha<\/strong>, secretario de Turismo de Guanajuato.<\/p>\n<p>Las actividades del recinto comenzaron con una justa ciclista de monta\u00f1a, donde participaron 114 competidores en dos categor\u00edas, y tras m\u00e1s de una hora de recorrido, los ciclistas arribaron a la meta y los tres primeros lugares recibieron premios de manos de <strong>Gloria Cano de la Fuente<\/strong>, subsecretaria; <strong>Omar Murillo N\u00fa\u00f1ez<\/strong>, director general de Promoci\u00f3n Tur\u00edstica y, <strong>Enrique Avil\u00e9s P\u00e9rez<\/strong>, director de Comunicaci\u00f3n Social y Relaciones P\u00fablicas.<\/p>\n<p>Este Parador Tur\u00edstico est\u00e1 integrado por espacios cerrados y al aire libre. Destacan una galer\u00eda para exposiciones, una zona gastron\u00f3mica, donde mujeres de la zona ofrecen las delicias de la cocina tradicional minera a precios econ\u00f3micos; una explanada de usos m\u00faltiples, un restaurante y una cafeter\u00eda.<\/p>\n<p>Adem\u00e1s, el hostal Parador Peregrino \u201cSan Juan Pablo II\u201d est\u00e1 listo para recibir a peregrinos y ofrece 64 espacios para pernoctar con \u00e1reas separadas para hombres y mujeres, ba\u00f1os completos con agua caliente, vestidores y un \u00e1rea de guardaequipaje.<\/p>\n<p>Tambi\u00e9n est\u00e1 el Museo\u00a0\u00a0Minero, con la historia minera de esta zona de Guanajuato; el Museo de las Momias Viajeras, donde reposan 36 cuerpos \u00e1ridos localizados en el pante\u00f3n de Santa Paula, en Guanajuato y que han viajado a exhibici\u00f3n por varias partes del mundo.<\/p>\n<p>\u2730\u2730\u2730\u2730\u2730 Un nuevo estudio del programa de lealtad hotelero mundial <em>Wyndham Rewards,<\/em>\u00a0realizado en Estados Unidos, dice que m\u00e1s de la mitad de los chicos creen que pueden planear las vacaciones familiares y admiten que los padres son quienes se han ganado las vacaciones, en especial las madres. El 96% de los encuestados piensa que sus padres necesitan vacaciones y que las mam\u00e1s son los miembros de la familia que m\u00e1s se merecen un descanso.<\/p>\n<p>El estudio, que se public\u00f3 hace unos d\u00edas, compara los h\u00e1bitos de viaje y los niveles de estr\u00e9s actuales de m\u00e1s de 2 mil 500 padres e hijos en todo EU. Revela un par de temas importantes: los niveles de estr\u00e9s de los padres siguen alt\u00edsimos, las vacaciones impactan el uso de los dispositivos m\u00f3viles y las familias que toman m\u00e1s vacaciones pelean menos.<\/p>\n<p>Para los padres, planear las vacaciones es muy estresante. Los niveles de estr\u00e9s de los padres tambi\u00e9n est\u00e1n al alza: un 76% est\u00e1 estresado y en ello influyen factores como:<\/p>\n<p>No salirse del presupuesto es lo m\u00e1s estresante al planificar las vacaciones, seg\u00fan el 52% de los padres, y para las madres es a\u00fan m\u00e1s preocupante (59% frente a 44%). Sin embargo, el dinero no lo es todo. Los padres tienen tal necesidad de tomarse un descanso que, si tienen que elegir, prefieren irse de vacaciones a no tener deudas. Aunque casi todos sienten que necesitan vacaciones (95%), la mayor\u00eda (71%) cree que irse de vacaciones al extranjero est\u00e1 fuera de su alcance.<\/p>\n<p>El 91% de los chicos cree que los padres est\u00e1n m\u00e1s relajados o menos estresados, cuando est\u00e1n de vacaciones. M\u00e1s de la mitad (51%) no ceder\u00eda sus vacaciones de verano para que sus padres se tomen m\u00e1s vacaciones.<\/p>\n<p>Los hermanos pueden pelear menos cuando est\u00e1n de vacaciones, pero eso no significa que sean los compa\u00f1eros de viaje ideales. De hecho, m\u00e1s chicos preferir\u00edan irse de vacaciones con su mascota que con sus hermanos (24% frente a 15%).<\/p>\n<p>Las familias que se van de vacaciones al menos una o dos veces al a\u00f1o pelean menos que aquellas que no se toman vacaciones, y casi la mitad de los padres (49%) dice que no pelean en absoluto cuando est\u00e1n de vacaciones.<\/p>\n<p>A casi la mitad de todos los chicos (48%) prefieren a sus padres cuando est\u00e1n de vacaciones que en sus casas. Casi la mitad de los chicos encuestados (45%) dijeron que pelean menos con sus hermanos durante las vacaciones.<\/p>\n<p>Si les dan la opci\u00f3n, los preadolescentes, -de entre 12 y 13 a\u00f1os-, son los que preferirian irse de vacaciones solos.<\/p>\n<p>M\u00e1s de la mitad de las mam\u00e1s (51%) creen que son quienes m\u00e1s se merecen unas vacaciones, y sus familias est\u00e1n de acuerdo. El 43% de los pap\u00e1s encuestado y el 52% de los chicos est\u00e1n de acuerdo con que las mam\u00e1s merecen un descanso m\u00e1s que cualquier otro miembro de la familia.<\/p>\n<p>Tambi\u00e9n, el 59% de los chicos considera que mam\u00e1 es la que mejor planifica las vacaciones (lo siento, pap\u00e1s).<\/p>\n<p>Por otra parte, 34% los padres admiten que hablan m\u00e1s con sus hijos mediante dispositivos m\u00f3viles que cara a cara, pero las vacaciones son el momento perfecto para dejar de lado el celular.<\/p>\n<p>El 72% de los padres usa sus dispositivos m\u00f3viles menos en vacaciones. El 20% de los chicos dice que lo que m\u00e1s les molesta es que los padres hagan en vacaciones uso del celular.<\/p>\n<p><strong>Josh Lesnick<\/strong>, vicepresidente ejecutivo y director de mercadotecnia de <em>Wyndham Hotel Group <\/em>aseugr\u00f3 \u201crealizamos este estudio porque quer\u00edamos usar un enfoque divertido para entender mejor c\u00f3mo viajan las familias este verano y qu\u00e9 tipos de desaf\u00edos enfrentan al hacerlo\u201d.<\/p>\n<p>El nuevo programa, hace que ganar y canjear recompensas generosas por viajar. Elimina las categor\u00edas de recompensas confusas y ofrece una tasa de canje fija para noches de estad\u00eda gratuitas: la primera en su tipo para un programa de lealtad de primer nivel.<\/p>\n<p>Los miembros ganan un m\u00ednimo de mil puntos por cada estad\u00eda calificada y al acumular 15 mil puntos pueden canjearlos por una noche gratis en cualquiera de los m\u00e1s de 7 mil 500 hoteles participantes en todo el mundo, sin fechas de disponibilidad restringida.\u00a0M\u00e1s informaci\u00f3n: <a href=\"http:\/\/www.wyndhamrewards.com\" target=\"_blank\">www.wyndhamrewards.com<\/a><\/p>\n<p><em><i><a href=\"mailto:victoriagprado@gmail.com\" target=\"_blank\">victoriagprado@gmail.com<\/a><\/i><\/em><\/p>\n<p>&nbsp;<\/p>\n","protected":false},"excerpt":{"rendered":"<p>Despu\u00e9s de diez a\u00f1os y varios meses de ocupar el cargo, <strong>Fabio Villegas Ram\u00edrez<\/strong> anunci\u00f3 a la Junta Directiva de Avianca su intenci\u00f3n de retirarse de la presidencia de la compa\u00f1\u00eda a partir de 2016. El directivo manifest\u00f3 su inter\u00e9s en el desarrollo de otros proyectos e iniciativas de car\u00e1cter profesional.<\/p>\n","protected":false},"author":3,"featured_media":227949,"comment_status":"open","ping_status":"open","sticky":false,"template":"","format":"standard","meta":{"_monsterinsights_skip_tracking":false,"_monsterinsights_sitenote_active":false,"_monsterinsights_sitenote_note":"","_monsterinsights_sitenote_category":0,"footnotes":""},"categories":[11],"tags":[107,43674,43681,106],"class_list":["post-227945","post","type-post","status-publish","format-standard","has-post-thumbnail","hentry","category-turismo","tag-de-cinco-estrellas","tag-opinion","tag-turismo","tag-victoria-gonzalez-prado"],"_links":{"self":[{"href":"https:\/\/www.diarioimagen.net\/index.php?rest_route=\/wp\/v2\/posts\/227945","targetHints":{"allow":["GET"]}}],"collection":[{"href":"https:\/\/www.diarioimagen.net\/index.php?rest_route=\/wp\/v2\/posts"}],"about":[{"href":"https:\/\/www.diarioimagen.net\/index.php?rest_route=\/wp\/v2\/types\/post"}],"author":[{"embeddable":true,"href":"https:\/\/www.diarioimagen.net\/index.php?rest_route=\/wp\/v2\/users\/3"}],"replies":[{"embeddable":true,"href":"https:\/\/www.diarioimagen.net\/index.php?rest_route=%2Fwp%2Fv2%2Fcomments&post=227945"}],"version-history":[{"count":0,"href":"https:\/\/www.diarioimagen.net\/index.php?rest_route=\/wp\/v2\/posts\/227945\/revisions"}],"wp:featuredmedia":[{"embeddable":true,"href":"https:\/\/www.diarioimagen.net\/index.php?rest_route=\/wp\/v2\/media\/227949"}],"wp:attachment":[{"href":"https:\/\/www.diarioimagen.net\/index.php?rest_route=%2Fwp%2Fv2%2Fmedia&parent=227945"}],"wp:term":[{"taxonomy":"category","embeddable":true,"href":"https:\/\/www.diarioimagen.net\/index.php?rest_route=%2Fwp%2Fv2%2Fcategories&post=227945"},{"taxonomy":"post_tag","embeddable":true,"href":"https:\/\/www.diarioimagen.net\/index.php?rest_route=%2Fwp%2Fv2%2Ftags&post=227945"}],"curies":[{"name":"wp","href":"https:\/\/api.w.org\/{rel}","templated":true}]}}