{"id":228047,"date":"2015-07-30T00:02:53","date_gmt":"2015-07-30T05:02:53","guid":{"rendered":"http:\/\/www.diarioimagen.net\/?p=228047"},"modified":"2015-07-31T01:00:28","modified_gmt":"2015-07-31T06:00:28","slug":"decidieron%e2%80%88televisoras-sacar-al-piojo-herrera","status":"publish","type":"post","link":"https:\/\/www.diarioimagen.net\/?p=228047","title":{"rendered":"Decidieron\u2008televisoras sacar al <em>Piojo<\/em> Herrera"},"content":{"rendered":"<ul>\n<li><strong><em>Habr\u00eda continuidad, pero&#8230;<\/em><\/strong><\/li>\n<\/ul>\n<div id=\"attachment_228120\" style=\"width: 250px\" class=\"wp-caption alignleft\"><a href=\"http:\/\/www.diarioimagen.net\/?attachment_id=228120\" rel=\"attachment wp-att-228120\"><img loading=\"lazy\" decoding=\"async\" aria-describedby=\"caption-attachment-228120\" class=\"size-medium wp-image-228120\" src=\"http:\/\/www.diarioimagen.net\/wp-content\/uploads\/2015\/07\/piojo-2665-240x135.jpg\" alt=\"El \u201cencuentro\u201d del \u201cPiojo\u201d Herrera y Martinoli en el aeropuerto de Filadelfia.\" width=\"240\" height=\"135\" srcset=\"https:\/\/www.diarioimagen.net\/wp-content\/uploads\/2015\/07\/piojo-2665-240x135.jpg 240w, https:\/\/www.diarioimagen.net\/wp-content\/uploads\/2015\/07\/piojo-2665-420x236.jpg 420w, https:\/\/www.diarioimagen.net\/wp-content\/uploads\/2015\/07\/piojo-2665-235x132.jpg 235w, https:\/\/www.diarioimagen.net\/wp-content\/uploads\/2015\/07\/piojo-2665-202x114.jpg 202w, https:\/\/www.diarioimagen.net\/wp-content\/uploads\/2015\/07\/piojo-2665-350x196.jpg 350w, https:\/\/www.diarioimagen.net\/wp-content\/uploads\/2015\/07\/piojo-2665-220x123.jpg 220w, https:\/\/www.diarioimagen.net\/wp-content\/uploads\/2015\/07\/piojo-2665-237x132.jpg 237w, https:\/\/www.diarioimagen.net\/wp-content\/uploads\/2015\/07\/piojo-2665.jpg 480w\" sizes=\"auto, (max-width: 240px) 100vw, 240px\" \/><\/a><p id=\"caption-attachment-228120\" class=\"wp-caption-text\">El \u201cencuentro\u201d del \u201cPiojo\u201d Herrera y Martinoli en el aeropuerto de Filadelfia.<\/p><\/div>\n<p>A pesar de los esc\u00e1ndalos de Miguel Herrera como t\u00e9cnico nacional, en Televisa estaban dispuestos a dar continuidad a su proyecto rumbo a la Copa del Mundo de 2018.<\/p>\n<p>Sin embargo, de TV Azteca llegaron las presiones al sentirse, como socios del negocio, lastimados por la actitud del \u2018Piojo\u2019 contra uno de sus empleados (Christian Martinoli).<\/p>\n<p>Ni la andanada que se provoc\u00f3 en las redes sociales y en todos los medios de comunicaci\u00f3n desde las primeras horas del lunes, luego de la agresi\u00f3n de Herrera a Martinoli, parec\u00edan suficiente argumento en Televisa\u00a0 para ponerle fin a ese\u00a0 proceso.<\/p>\n<p>Pero las presiones de la televisora del Ajusco fueron de menos a m\u00e1s, hasta que obtuvieron el s\u00ed de los altos mandos de Chapultepec 18, aunque, nos dicen, hubo varios personajes que no recibieron con agrado la noticia que pon\u00eda fin a la gesti\u00f3n de un a\u00f1o y nueve meses de Miguel Herrera como DT del Tri.<\/p>\n<p style=\"text-align: center;\"><strong>Hubo consenso entre due\u00f1os<\/strong><\/p>\n<p>El sondeo realizado por Decio de Mar\u00eda \u2014ya instalado como presidente de la Federaci\u00f3n Mexicana de Futbol (FMF)\u2014 entre los due\u00f1os de equipos ofreci\u00f3 un resultado contundente en contra de Miguel Herrera.<\/p>\n<p>Seg\u00fan nos cuentan, la mayor\u00eda de los llamados \u201cdue\u00f1os del bal\u00f3n\u201d consider\u00f3 que el propio \u2018Piojo\u2019 Herrera se hab\u00eda encargado de cavar su tumba, al protagonizar la escandalosa agresi\u00f3n contra el comentarista Christian Martinoli y de esa manera les daba el pretexto perfecto para cesarlo de su cargo como t\u00e9cnico nacional.<\/p>\n<p>Qued\u00f3 manifiesta una clara duda sobre las posibilidades de \u00e9xito del Tri con Herrera al tim\u00f3n en la eliminatoria mundialista de la Concacaf, pero votaron por renovar el proceso rumbo a Rusia 2018 y avalaron la decisi\u00f3n final de las televisoras. Ahora iniciar\u00e1 un desfile de candidatos que encabeza Gustavo Matosas, pero el nombre del \u2018Tuca\u2019 Ferretti ha tomado fuerza.<\/p>\n<p style=\"text-align: center;\"><strong>Vela no se anuncia<\/strong><\/p>\n<p>Una de las razones por las que supuestamente Carlos Vela se negaba a regresar a la Selecci\u00f3n Nacional ten\u00eda que ver con los spots publicitarios de los patrocinadores y socios comerciales del Tri.<\/p>\n<p>A Vela no le gust\u00f3 que Justino Compe\u00e1n y la Femexfut se quedaran con un porcentaje de lo que se ganaba por participar en esos anuncios, as\u00ed que decidi\u00f3 no volver.<\/p>\n<p>Miguel Herrera y H\u00e9ctor Gonz\u00e1lez I\u00f1\u00e1rritu convencieron al delantero de ponerse de nuevo la verde, pero Vela no ha hecho una sola aparici\u00f3n ni en comerciales ni en promocionales para la televisi\u00f3n.<\/p>\n<p>Nos cuentan que el jugador de la Real Sociedad regres\u00f3 al Tri, pero una de las condiciones fue no aparecer en los anuncios.<\/p>\n<p>La cosa podr\u00eda cambiar a partir del s\u00e1bado, cuando el mandato de Justino llega a su fin. \u00bfSer\u00e1 lo mismo con Decio de Mar\u00eda o ya lo dejar\u00e1n cobrar al 100% por aparecer en comerciales?<\/p>\n<p style=\"text-align: center;\"><strong>Gremio futbol\u00edstico habl\u00f3<\/strong><\/p>\n<p>El medio futbol\u00edstico estuvo de acuerdo con el despido de Miguel Herrera como director t\u00e9cnico de la Selecci\u00f3n Nacional Mexicana.<\/p>\n<p>La mayor\u00eda coincide en que el \u2018Piojo\u2019, nunca entendi\u00f3 la magnitud del cargo que tom\u00f3 desde finales de 2013 y que despu\u00e9s de su acci\u00f3n sobre el narrador de TV Azteca, Christian Martinoli, lo mejor que se pod\u00eda hacer era dar un paso al costado, lo que sucedi\u00f3 tras anunciar Decio de Mar\u00eda, el cese del entrenador de forma inminente.<\/p>\n<p>Luis Garc\u00eda, comentarista de TV Azteca y testigo de la agresi\u00f3n, acept\u00f3 el cese de Herrera como lo m\u00e1s prudente decisi\u00f3n de la FMF, pero critic\u00f3 la actitud que algunos seleccionados tuvieron durante la gresca.<\/p>\n<p>\u201cTenemos futbolistas m\u00ednimos, diminutos y peque\u00f1os en la cuesti\u00f3n futbol\u00edstica tambi\u00e9n diminutos y peque\u00f1os en alma y mente\u201d, coment\u00f3 en su programa \u2018Deporte Caliente\u2019.<\/p>\n<p>El ex futbolista y mundialista mexicano, se\u00f1al\u00f3 directamente al defensa Paul Aguilar, al portero Guillermo Ochoa, y a los hermanos Jonathan y Giovani dos Santos.<\/p>\n<p>\u201cAguilar gritaba \u00a1hay tiro!, \u00a1hay tiro! en migraci\u00f3n\u201d, concluy\u00f3 .<\/p>\n<p>&nbsp;<\/p>\n","protected":false},"excerpt":{"rendered":"<p>A pesar de los esc\u00e1ndalos de Miguel Herrera como t\u00e9cnico nacional, en Televisa estaban dispuestos a dar continuidad a su proyecto rumbo a la Copa del Mundo de 2018.<\/p>\n","protected":false},"author":3,"featured_media":228120,"comment_status":"open","ping_status":"open","sticky":false,"template":"","format":"standard","meta":{"_monsterinsights_skip_tracking":false,"_monsterinsights_sitenote_active":false,"_monsterinsights_sitenote_note":"","_monsterinsights_sitenote_category":0,"footnotes":""},"categories":[10],"tags":[42978,3333,43680,33108,604,1339],"class_list":["post-228047","post","type-post","status-publish","format-standard","has-post-thumbnail","hentry","category-deportes","tag-christian-martinoli","tag-copa-del-mundo","tag-deportes","tag-miguel-el-piojo-herrera","tag-televisa","tag-tv-azteca"],"_links":{"self":[{"href":"https:\/\/www.diarioimagen.net\/index.php?rest_route=\/wp\/v2\/posts\/228047","targetHints":{"allow":["GET"]}}],"collection":[{"href":"https:\/\/www.diarioimagen.net\/index.php?rest_route=\/wp\/v2\/posts"}],"about":[{"href":"https:\/\/www.diarioimagen.net\/index.php?rest_route=\/wp\/v2\/types\/post"}],"author":[{"embeddable":true,"href":"https:\/\/www.diarioimagen.net\/index.php?rest_route=\/wp\/v2\/users\/3"}],"replies":[{"embeddable":true,"href":"https:\/\/www.diarioimagen.net\/index.php?rest_route=%2Fwp%2Fv2%2Fcomments&post=228047"}],"version-history":[{"count":0,"href":"https:\/\/www.diarioimagen.net\/index.php?rest_route=\/wp\/v2\/posts\/228047\/revisions"}],"wp:featuredmedia":[{"embeddable":true,"href":"https:\/\/www.diarioimagen.net\/index.php?rest_route=\/wp\/v2\/media\/228120"}],"wp:attachment":[{"href":"https:\/\/www.diarioimagen.net\/index.php?rest_route=%2Fwp%2Fv2%2Fmedia&parent=228047"}],"wp:term":[{"taxonomy":"category","embeddable":true,"href":"https:\/\/www.diarioimagen.net\/index.php?rest_route=%2Fwp%2Fv2%2Fcategories&post=228047"},{"taxonomy":"post_tag","embeddable":true,"href":"https:\/\/www.diarioimagen.net\/index.php?rest_route=%2Fwp%2Fv2%2Ftags&post=228047"}],"curies":[{"name":"wp","href":"https:\/\/api.w.org\/{rel}","templated":true}]}}