{"id":228310,"date":"2015-07-31T00:09:14","date_gmt":"2015-07-31T05:09:14","guid":{"rendered":"http:\/\/www.diarioimagen.net\/?p=228310"},"modified":"2015-07-31T04:51:47","modified_gmt":"2015-07-31T09:51:47","slug":"cuestion-de-percepciones","status":"publish","type":"post","link":"https:\/\/www.diarioimagen.net\/?p=228310","title":{"rendered":"Cuesti\u00f3n de percepciones"},"content":{"rendered":"<h2>Tras la puerta del poder<\/h2>\n<h5>Roberto Vizca\u00edno<\/h5>\n<p>&nbsp;<\/p>\n<ul>\n<li><strong><em>C\u00f3mo l\u00edderes de uno de los fondos de inversi\u00f3n m\u00e1s importantes en el mundo, indicaron que M\u00e9xico es un ejemplo a seguir<\/em><\/strong><\/li>\n<li><strong><em>Pe\u00f1a Nieto les dijo que su compromiso es mantener la estabilidad macroecon\u00f3mica<\/em><\/strong><\/li>\n<li><strong><em>Columnistas y analistas hab\u00edan sacado a Beltrones de la carrera por el PRI, y \u00e9l se volvi\u00f3 a meter<\/em><\/strong><\/li>\n<\/ul>\n<div id=\"attachment_228361\" style=\"width: 250px\" class=\"wp-caption alignleft\"><a href=\"http:\/\/www.diarioimagen.net\/?attachment_id=228361\" rel=\"attachment wp-att-228361\"><img loading=\"lazy\" decoding=\"async\" aria-describedby=\"caption-attachment-228361\" class=\"size-medium wp-image-228361\" src=\"http:\/\/www.diarioimagen.net\/wp-content\/uploads\/2015\/07\/toritooo-RAMON-2666-240x163.jpg\" alt=\"Toritooo! | Ram\u00f3n\" width=\"240\" height=\"163\" srcset=\"https:\/\/www.diarioimagen.net\/wp-content\/uploads\/2015\/07\/toritooo-RAMON-2666-240x163.jpg 240w, https:\/\/www.diarioimagen.net\/wp-content\/uploads\/2015\/07\/toritooo-RAMON-2666-420x285.jpg 420w, https:\/\/www.diarioimagen.net\/wp-content\/uploads\/2015\/07\/toritooo-RAMON-2666.jpg 1200w\" sizes=\"auto, (max-width: 240px) 100vw, 240px\" \/><\/a><p id=\"caption-attachment-228361\" class=\"wp-caption-text\">Toritooo! | Ram\u00f3n<\/p><\/div>\n<p>Justo cuando el d\u00f3lar ahoga al peso, y a d\u00edas de que el Coneval revelara que la pobreza se increment\u00f3 en 2 millones m\u00e1s de mexicanos, M\u00e9xico fue calificado como todo \u201cun ejemplo para muchos otros pa\u00edses\u201d por una de las mayores administradoras de activos financieros en el mundo.<\/p>\n<p>Al encabezar aqu\u00ed su reuni\u00f3n anual y liderados por Laurence D. Fink, su presidente y director general, los ejecutivos de BlackRock advirtieron que la estabilidad sin precedente a nivel econ\u00f3mico y pol\u00edtico de este pa\u00eds aunado a las reformas estructurales aprobadas hace poco, ubican a M\u00e9xico como una de las naciones m\u00e1s prometedoras a ninel internacional.<\/p>\n<p>Y, a diferencia absoluta de los cr\u00edticos internos del r\u00e9gimen, indic\u00f3:<\/p>\n<p>\u201cM\u00e9xico es un ejemplo que deber\u00edan seguir como un modelo otros pa\u00edses, porque las reformas constitucionales impulsadas por el gobierno de la Rep\u00fablica van a desatar su verdadero potencial\u201d.<\/p>\n<p>As\u00ed la percepci\u00f3n que tiene el consejo directivo de BlackRock &#8211;que no puede ser lisonjera porque no tiene ninguna necesidad de serlo ya que tiene inversiones multimillonarias en otras muchas naciones del mundo desarrollado&#8211;, es hoy un fuerte espaldarazo a la pol\u00edtica econ\u00f3mica y financiera del r\u00e9gimen del presidente Enrique Pe\u00f1a Nieto.<\/p>\n<p>BlackRock es el mayor administrador de activos del mundo, con m\u00e1s de 4 mil 770 miles de millones de d\u00f3lares de activos en administraci\u00f3n. La firma se especializa en activos de renta fija y variable, as\u00ed como otros instrumentos como infraestructura y bienes ra\u00edces.<\/p>\n<p>El 6 por ciento del total de las inversiones que administra se concentran en empresas del sector energ\u00eda y es uno de los proveedores l\u00edderes de \u00cdndices de Fondos Listados en Bolsa (Exchange Traded Funds o ETFs).<\/p>\n<p>BlackRock maneja activos por cuenta de clientes en m\u00e1s de 100 pa\u00edses<\/p>\n<p>En respuesta, el presidente Pe\u00f1a Nieto subray\u00f3 que su principal compromiso en el \u00e1rea econ\u00f3mica, es el de ir a una apertura y estabilidad macroecon\u00f3mica total.<\/p>\n<p>\u201cHemos venido y seguiremos actuando con gran responsabilidad en las medidas que se tengan que tomar al interior&#8230; lo \u00fanico que no podemos arriesgar, ni sacrificar, es nuestra estabilidad macroecon\u00f3mica\u201d, precis\u00f3.<\/p>\n<p>Pe\u00f1a Nieto invit\u00f3 a los consejeros de BlackRock a un encuentro y cena en el sal\u00f3n Recepciones de Palacio Nacional.<\/p>\n<p>Ah\u00ed les reafirm\u00f3 que para su gobierno lo m\u00e1s importante es actuar con responsabilidad frente a un entorno de gran volatilidad en el mundo, y de gran incertidumbre.<\/p>\n<p>\u201cQueremos seguir siendo un pa\u00eds que despierte confianza, que sus indicadores econ\u00f3micos as\u00ed lo acrediten y lo demuestren. Y vamos a seguir trabajando para que as\u00ed se proyecte al mundo\u201d, indic\u00f3.<\/p>\n<p>Les coment\u00f3 que un factor esencial en todo esto es que en este momento existe uno de los mejores momentos en la relaci\u00f3n entre M\u00e9xico y Estados Unidos.<\/p>\n<p>\u201cTenemos una relaci\u00f3n intergubernamental de alto nivel, de acuerdo en distintos frentes para una mayor colaboraci\u00f3n, y yo espero que ello depare y tenga por consecuencia, el que podamos trabajar en proyectos conjuntos que nos permitan generar competitividad y productividad en Norteam\u00e9rica\u201d.<\/p>\n<p>Y confi\u00f3 en que \u201ctodo ello, nos permita seguir construyendo alianzas estrat\u00e9gicas con grupos como el que ustedes representan, que buscan escenarios d\u00f3nde llevar inversiones, d\u00f3nde realmente expandir sus negocios y que sus inversiones realmente est\u00e9n a buen resguardo y generando importantes rendimientos\u2026 y que realmente sus inversiones contribuyan al empleo y a la generaci\u00f3n de bienestar que deseamos para nuestra sociedad\u201d, subray\u00f3.<\/p>\n<p>Dijo que en este contexto existe un factor que s\u00f3lo puede aportarlo M\u00e9xico.<\/p>\n<p>Resulta que M\u00e9xico, dijo, \u201ctiene una doble condici\u00f3n: es un pa\u00eds latinoamericano que se encuentra ubicado en Norteam\u00e9rica, somos un puente de la regi\u00f3n Latinoamericana con Norteam\u00e9rica.<\/p>\n<p>\u201cY queremos consolidar esta doble condici\u00f3n, esta fortaleza que nos da nuestra posici\u00f3n geogr\u00e1fica, la alianza econ\u00f3mica y estrat\u00e9gica que tenemos con distintas regiones, la apertura que M\u00e9xico ha proyectado, y sigue trabajando a favor de ello en t\u00e9rminos del comercio que hacemos\u201d.<\/p>\n<p>A su vez, Laurence D. Fink le insisti\u00f3 en que \u201cestamos realmente emocionados en el futuro que percibimos en M\u00e9xico, y esperamos desempe\u00f1ar un papel crucial para M\u00e9xico&#8230; vamos a dar empleos para m\u00e1s ciudadanos de M\u00e9xico\u201d.<\/p>\n<p>Hoy, agreg\u00f3, el mejor lugar para invertir es Am\u00e9rica del Norte, regi\u00f3n de la cual M\u00e9xico forma parte, una regi\u00f3n que no tiene los problemas a los que se enfrenta Europa, ni los de Medio Oriente, o la incertidumbre de Asia.<\/p>\n<p>\u201cCreo que los \u00e9xitos que vamos a ver en M\u00e9xico y en Am\u00e9rica del Norte: Canad\u00e1, Estados Unidos y M\u00e9xico van a ser \u00fanicos. Y creo que cada vez m\u00e1s inversionistas alrededor del mundo van a tener mayores ambiciones para volverse participantes del crecimiento de M\u00e9xico, junto con Estados Unidos y Canad\u00e1\u201d, concluy\u00f3.<\/p>\n<p>En fin, insisto, cuesti\u00f3n de percepciones. Seguro que algunos duros cr\u00edticos del r\u00e9gimen podr\u00edan comerse vivos por estos comentarios tanto a Pe\u00f1a como al l\u00edder de BlackRock. Lo \u00fanico cierto es que este tipo de personajes no andan ech\u00e1ndole flores a los gobiernos y los gobernantes de los pa\u00edses del mundo. Ellos act\u00faan en un espacio odioso pero muy efectivo: meten su dinero, mucho dinero, en las naciones que consideran les dan mayores utilidades y se lo llevan cuando deja de haber las condiciones para ello. As\u00ed de sencillo, sin discursos ni lisonjas.<\/p>\n<p style=\"text-align: center;\"><strong>NO ES GENERACIONAL<\/strong><\/p>\n<p>Descartado por muchos de la carrera por el liderazgo del PRI, Manlio Fabio Beltrones se volvi\u00f3 ayer a meter en la puja al indicar que el cambio organizativo y estructural planteado por el presidente Enrique Pe\u00f1a Nieto no es una cuesti\u00f3n generacional.<\/p>\n<p>Con 63 a\u00f1os de edad, Beltrones fue descartado por muchos analistas y periodistas luego de que Pe\u00f1a Nieto planteara el s\u00e1bado anterior que el PRI requiere de regresar a las universidades y de convertirse en el partido de los j\u00f3venes, el del manejo de redes sociales y la incursi\u00f3n de la pol\u00edtica a trav\u00e9s de la ancha v\u00eda digital, y el aliado real de obreros y campesinos, as\u00ed como el que se abra y defienda a las clases medias, entre otros objetivos.<\/p>\n<p>Como usted sabe en la segunda semana de agosto se lanza la convocatoria para elegir a un nuevo presidente del PRI, mismo que deber\u00e1 ser electo antes del viernes 20.<\/p>\n<p>No pocos tomaron las palabras de Pe\u00f1a como una l\u00ednea para optar por un dirigente joven.<\/p>\n<p>Frente a este contexto, Beltrones revir\u00f3:<\/p>\n<p>\u201c\u2026 asimilar los cambios y poner al d\u00eda la agenda pol\u00edtica de los partidos y de los gobiernos\u2026 no es un asunto de generaciones (es decir, de edades, de si se es viejo o joven), sino de una aut\u00e9ntica voluntad de que el quehacer p\u00fablico y las actitudes pol\u00edticas y cotidianas sean congruentes con los cambios que proponemos.<\/p>\n<p>\u201cLa relevancia de la reforma de nuestro partido no es poca, lo mismo la actualizaci\u00f3n de su estructura organizativa que tambi\u00e9n propuso el Presidente. El reto de un gran partido como el PRI ser\u00e1 siempre mantener su vigencia como primera fuerza pol\u00edtica, como un instituto modernizado y actualizado para poder ser una opci\u00f3n confiable para la sociedad\u201d, indic\u00f3.<\/p>\n<p>Con estos comentarios Beltrones les est\u00e1 diciendo a Pe\u00f1a y a quienes elegir\u00e1n al nuevo dirigente nacional del tricolor, que el asunto no es cuesti\u00f3n de edades sino de comprensi\u00f3n de las necesidades y de una capacidad determinada de operaci\u00f3n pol\u00edtica para solucionarlas.<\/p>\n<p>Junto con Beltrones otros aspirantes son: el ex gobernador de Coahuila y secretario de Sagarpa, Enrique Mart\u00ednez y Mart\u00ednez y el muy cuestionado gobernador de Chihuahua C\u00e9sar Duarte, as\u00ed como el joven jefe de la \u00a0Oficina de la Presidencia de la Rep\u00fablica, Aurelio Nu\u00f1o, quiz\u00e1 el funcionario m\u00e1s cercano (no s\u00f3lo f\u00edsicamente) a Pe\u00f1a Nieto.<\/p>\n<p><em><a href=\"mailto:rvizcainoa@gmail.com\" target=\"_blank\">rvizcainoa@gmail.com<\/a><\/em><\/p>\n","protected":false},"excerpt":{"rendered":"<p><span style=\"color: #005497;\"><strong>Roberto Vizca\u00edno<\/strong><\/span><br \/>\n<br \/>\nJusto cuando el d\u00f3lar ahoga al peso, y a d\u00edas de que el Coneval revelara que la pobreza se increment\u00f3 en 2 millones m\u00e1s de mexicanos, M\u00e9xico fue calificado como todo \u201cun ejemplo para muchos otros pa\u00edses\u201d por una de las mayores administradoras de activos financieros en el mundo.<\/p>\n","protected":false},"author":3,"featured_media":228361,"comment_status":"open","ping_status":"open","sticky":false,"template":"","format":"standard","meta":{"_monsterinsights_skip_tracking":false,"_monsterinsights_sitenote_active":false,"_monsterinsights_sitenote_note":"","_monsterinsights_sitenote_category":0,"footnotes":""},"categories":[136],"tags":[43674,93,94],"class_list":["post-228310","post","type-post","status-publish","format-standard","has-post-thumbnail","hentry","category-roberto-vizcaino-opinion","tag-opinion","tag-roberto-vizcaino","tag-tras-la-puerta-del-poder"],"_links":{"self":[{"href":"https:\/\/www.diarioimagen.net\/index.php?rest_route=\/wp\/v2\/posts\/228310","targetHints":{"allow":["GET"]}}],"collection":[{"href":"https:\/\/www.diarioimagen.net\/index.php?rest_route=\/wp\/v2\/posts"}],"about":[{"href":"https:\/\/www.diarioimagen.net\/index.php?rest_route=\/wp\/v2\/types\/post"}],"author":[{"embeddable":true,"href":"https:\/\/www.diarioimagen.net\/index.php?rest_route=\/wp\/v2\/users\/3"}],"replies":[{"embeddable":true,"href":"https:\/\/www.diarioimagen.net\/index.php?rest_route=%2Fwp%2Fv2%2Fcomments&post=228310"}],"version-history":[{"count":0,"href":"https:\/\/www.diarioimagen.net\/index.php?rest_route=\/wp\/v2\/posts\/228310\/revisions"}],"wp:featuredmedia":[{"embeddable":true,"href":"https:\/\/www.diarioimagen.net\/index.php?rest_route=\/wp\/v2\/media\/228361"}],"wp:attachment":[{"href":"https:\/\/www.diarioimagen.net\/index.php?rest_route=%2Fwp%2Fv2%2Fmedia&parent=228310"}],"wp:term":[{"taxonomy":"category","embeddable":true,"href":"https:\/\/www.diarioimagen.net\/index.php?rest_route=%2Fwp%2Fv2%2Fcategories&post=228310"},{"taxonomy":"post_tag","embeddable":true,"href":"https:\/\/www.diarioimagen.net\/index.php?rest_route=%2Fwp%2Fv2%2Ftags&post=228310"}],"curies":[{"name":"wp","href":"https:\/\/api.w.org\/{rel}","templated":true}]}}