{"id":228962,"date":"2015-08-06T00:04:04","date_gmt":"2015-08-06T05:04:04","guid":{"rendered":"http:\/\/www.diarioimagen.net\/?p=228962"},"modified":"2015-08-06T00:43:24","modified_gmt":"2015-08-06T05:43:24","slug":"teme-el-chapo-guzman-ser-abatido-en-caso-de-ser-recapturado-su-abogado","status":"publish","type":"post","link":"https:\/\/www.diarioimagen.net\/?p=228962","title":{"rendered":"Teme <em>El Chapo<\/em> Guzm\u00e1n ser abatido si es recapturado"},"content":{"rendered":"<ul>\n<li><strong><em>Dice la DEA que el capo est\u00e1 en M\u00e9xico<\/em><\/strong><\/li>\n<\/ul>\n<div id=\"attachment_228963\" style=\"width: 250px\" class=\"wp-caption alignleft\"><a href=\"http:\/\/www.diarioimagen.net\/?attachment_id=228963\" rel=\"attachment wp-att-228963\"><img loading=\"lazy\" decoding=\"async\" aria-describedby=\"caption-attachment-228963\" class=\"wp-image-228963 size-medium\" src=\"http:\/\/www.diarioimagen.net\/wp-content\/uploads\/2015\/08\/CHAPO-portal-240x140.jpg\" alt=\"El narcotraficante Joaqu\u00edn El Chapo Guzm\u00e1n Loera teme ser abatido en caso de recapturado.\" width=\"240\" height=\"140\" srcset=\"https:\/\/www.diarioimagen.net\/wp-content\/uploads\/2015\/08\/CHAPO-portal-240x140.jpg 240w, https:\/\/www.diarioimagen.net\/wp-content\/uploads\/2015\/08\/CHAPO-portal-420x245.jpg 420w, https:\/\/www.diarioimagen.net\/wp-content\/uploads\/2015\/08\/CHAPO-portal.jpg 480w\" sizes=\"auto, (max-width: 240px) 100vw, 240px\" \/><\/a><p id=\"caption-attachment-228963\" class=\"wp-caption-text\">El narcotraficante Joaqu\u00edn \u201cEl Chapo\u201d Guzm\u00e1n Loera teme ser abatido en caso de recapturado.<\/p><\/div>\n<p>Joaqu\u00edn \u201cEl Chapo\u201d Guzm\u00e1n Loera ampli\u00f3 su declaraci\u00f3n ministerial en su demanda de amparo presentada ante el Juzgado Quinto de Distrito de Amparo en Materia Penal, a cuyo juez le expuso que teme ser torturado abatido por las autoridades, o por alg\u00fan otro grupo, en caso de ser localizado, tras su fuga del penal federal de m\u00e1xima seguridad El Altiplano, el pasado 11 de julio.<\/p>\n<p>El abogado defensor de \u201cEl Chapo\u201d Guzm\u00e1n se\u00f1al\u00f3 como nueva autoridad responsable al subprocurador Jur\u00eddico y de Asuntos Internacionales de la Procuradur\u00eda General de la Rep\u00fablica, Jos\u00e9 Antonio Rodr\u00edguez Calder\u00f3n, quien a su vez promovi\u00f3 la orden de aprehensi\u00f3n con fines de extradici\u00f3n en contra del fugado. Esto ante el Juzgado Tercero de Distrito de Procesos Penales Federales con sede en el DF.<\/p>\n<p>Y es que \u201cEl Chapo\u201d libra una intensa batalla en los juzgados, pues de inmediato obtuvo la respuesta de parte del juez Quinto quien resolvi\u00f3:<\/p>\n<p>\u201cT\u00e9nganse como nuevas autoridades responsables dentro del presente juicio de amparo a las autoridades antes citadas y como actos reclamados los que se advirtieron en el escrito de demanda que se hicieron consistir concretamente en la orden de extradici\u00f3n, as\u00ed como los diversos actos consistentes en la tortura, a efecto de declararse culpable de la comisi\u00f3n de diversos delitos, de la pena de muerte o privaci\u00f3n de su vida, as\u00ed como de tratar de ser abatido y masacrado por diversos grupos, lo que se traduce en actos prohibidos por el art\u00edculo 22 constitucional, del directo quejoso.<\/p>\n<p>Tambi\u00e9n el juez que concedi\u00f3 el amparo a \u201cEl Chapo\u201d orden\u00f3 a las autoridades responsables entregar un informe sobre los actos que les atribuyen los representantes legales de \u201cEl Chapo\u201d y reconfirma la suspensi\u00f3n provisional del acto reclamado para que el juicio se mantenga en el estado en el que se encuentra.<\/p>\n<p>El abogado promovente del amparo, Juan Pablo Badillo, dijo que desde 1993 defiende a Guzm\u00e1n Loera, desde que fue capturado en Guatemala y entregado a M\u00e9xico en 1914 y que el hombre simplemente se fug\u00f3 por los temores que ten\u00eda de ser extraditado, pues sabe que en estados Unidos le podr\u00edan aplicar la pena de muerte.<\/p>\n<p>&nbsp;<\/p>\n<p><strong>\u201cEl Chapo\u201d a\u00fan est\u00e1 en <\/strong><\/p>\n<p><strong>M\u00e9xico, seg\u00fan la DEA<\/strong><\/p>\n<p>Por otra parte, el gobierno de Estados Unidos cree que el narcotraficante mexicano fugitivo de la justicia Joaqu\u00edn \u201cEl Chapo\u201d Guzm\u00e1n sigue en M\u00e9xico y agentes estadunidenses est\u00e1n trabajando con autoridades mexicanas para recapturarlo, dijo el jefe subrogante de la Administraci\u00f3n para el Control de Drogas (DEA).<\/p>\n<p>Chuck Rosenberg se\u00f1al\u00f3 que agentes de la DEA est\u00e1n compartiendo informaci\u00f3n de inteligencia con sus pares mexicanos, pero que hay \u201cproblemas institucionales\u201d en el pa\u00eds que hacen dif\u00edcil reunir informaci\u00f3n.<\/p>\n<p>Tenemos fuentes en M\u00e9xico con las que podemos trabajar de cerca. No se extiende a todo el gobierno\u201d, dijo a periodistas.<\/p>\n<p>La Oficina Federal de Investigaciones (FBI), el Cuerpo de Alguaciles de Estados Unidos y el Departamento de Estado tambi\u00e9n se han involucrado, dijo Rosenberg.<\/p>\n","protected":false},"excerpt":{"rendered":"<p>Joaqu\u00edn \u201cEl Chapo\u201d Guzm\u00e1n Loera ampli\u00f3 su declaraci\u00f3n ministerial en su demanda de amparo presentada ante el Juzgado Quinto de Distrito de Amparo en Materia Penal, a cuyo juez le expuso que teme ser torturado abatido por las autoridades, o por alg\u00fan otro grupo, en caso de ser localizado, tras su fuga del penal federal de m\u00e1xima seguridad El Altiplano, el pasado 11 de julio.<\/p>\n","protected":false},"author":5,"featured_media":228963,"comment_status":"open","ping_status":"open","sticky":false,"template":"","format":"standard","meta":{"_monsterinsights_skip_tracking":false,"_monsterinsights_sitenote_active":false,"_monsterinsights_sitenote_note":"","_monsterinsights_sitenote_category":0,"footnotes":""},"categories":[7],"tags":[621,19157,2765,43673,232,43677],"class_list":["post-228962","post","type-post","status-publish","format-standard","has-post-thumbnail","hentry","category-seguridad","tag-dea","tag-fuga","tag-joaquin-el-chapo-guzman-loera","tag-nacional","tag-pgr","tag-seguridad"],"_links":{"self":[{"href":"https:\/\/www.diarioimagen.net\/index.php?rest_route=\/wp\/v2\/posts\/228962","targetHints":{"allow":["GET"]}}],"collection":[{"href":"https:\/\/www.diarioimagen.net\/index.php?rest_route=\/wp\/v2\/posts"}],"about":[{"href":"https:\/\/www.diarioimagen.net\/index.php?rest_route=\/wp\/v2\/types\/post"}],"author":[{"embeddable":true,"href":"https:\/\/www.diarioimagen.net\/index.php?rest_route=\/wp\/v2\/users\/5"}],"replies":[{"embeddable":true,"href":"https:\/\/www.diarioimagen.net\/index.php?rest_route=%2Fwp%2Fv2%2Fcomments&post=228962"}],"version-history":[{"count":0,"href":"https:\/\/www.diarioimagen.net\/index.php?rest_route=\/wp\/v2\/posts\/228962\/revisions"}],"wp:featuredmedia":[{"embeddable":true,"href":"https:\/\/www.diarioimagen.net\/index.php?rest_route=\/wp\/v2\/media\/228963"}],"wp:attachment":[{"href":"https:\/\/www.diarioimagen.net\/index.php?rest_route=%2Fwp%2Fv2%2Fmedia&parent=228962"}],"wp:term":[{"taxonomy":"category","embeddable":true,"href":"https:\/\/www.diarioimagen.net\/index.php?rest_route=%2Fwp%2Fv2%2Fcategories&post=228962"},{"taxonomy":"post_tag","embeddable":true,"href":"https:\/\/www.diarioimagen.net\/index.php?rest_route=%2Fwp%2Fv2%2Ftags&post=228962"}],"curies":[{"name":"wp","href":"https:\/\/api.w.org\/{rel}","templated":true}]}}