{"id":229008,"date":"2015-08-06T00:06:48","date_gmt":"2015-08-06T05:06:48","guid":{"rendered":"http:\/\/www.diarioimagen.net\/?p=229008"},"modified":"2015-08-07T00:57:37","modified_gmt":"2015-08-07T05:57:37","slug":"eruviel-avila-intervendra-ante-la-pgr-por-alumno-preso","status":"publish","type":"post","link":"https:\/\/www.diarioimagen.net\/?p=229008","title":{"rendered":"Eruviel \u00c1vila intervendr\u00e1 ante la PGR por alumno preso"},"content":{"rendered":"<ul>\n<li><em><strong>Caso \u00d3scar Montes de Oca<\/strong><\/em><\/li>\n<li><em><strong>Se recurrir\u00e1n a todas las instancias para demostrar la inocencia del egresado de la UAEM, afirma el gobernador del\u2008Estado de M\u00e9xico<\/strong><\/em><\/li>\n<\/ul>\n<p>&nbsp;<\/p>\n<div id=\"attachment_229085\" style=\"width: 430px\" class=\"wp-caption aligncenter\"><a href=\"http:\/\/www.diarioimagen.net\/?attachment_id=229085\" rel=\"attachment wp-att-229085\"><img loading=\"lazy\" decoding=\"async\" aria-describedby=\"caption-attachment-229085\" class=\"size-large wp-image-229085\" src=\"http:\/\/www.diarioimagen.net\/wp-content\/uploads\/2015\/08\/Eruviel-2670-420x137.jpg\" alt=\"El gobernador Eruviel \u00c1vila, dando inicio al Ciclo Escolar 2015-2016 de la UAEM.\" width=\"420\" height=\"137\" srcset=\"https:\/\/www.diarioimagen.net\/wp-content\/uploads\/2015\/08\/Eruviel-2670-420x137.jpg 420w, https:\/\/www.diarioimagen.net\/wp-content\/uploads\/2015\/08\/Eruviel-2670-240x78.jpg 240w, https:\/\/www.diarioimagen.net\/wp-content\/uploads\/2015\/08\/Eruviel-2670.jpg 1200w\" sizes=\"auto, (max-width: 420px) 100vw, 420px\" \/><\/a><p id=\"caption-attachment-229085\" class=\"wp-caption-text\">El gobernador Eruviel \u00c1vila, dando inicio al Ciclo Escolar 2015-2016 de la UAEM.<\/p><\/div>\n<p>El gobernador del Estado de M\u00e9xico, Eruviel \u00c1vila Villegas, se comprometi\u00f3 a hablar con la titular de la Procuradur\u00eda General de la Rep\u00fablica, Arely G\u00f3mez Gonz\u00e1lez, y ante las instancias que sean necesarias a fin de demostrar la inocencia del egresado de la Universidad Aut\u00f3noma del Estado de M\u00e9xico (UAEM), \u00d3scar \u00c1lvaro Montes de Oca.<\/p>\n<p>En redes sociales ha tenido un gran apoyo y para gente de bien, para gente universitaria, para la gente buena de nuestro Estado de M\u00e9xico, claro que ah\u00ed habremos de estar solidarios, estar\u00e9 contactando a la procuradora General de la Rep\u00fablica y tambi\u00e9n habremos de tocar las puertas que sean necesarias para comprobar la inocencia de Oscar\u201d, dijo el mandatario estatal.<\/p>\n<p style=\"text-align: center;\"><strong>Pide UAEM a PGR justicia por ex alumno<\/strong><\/p>\n<p>Por su parte, el rector de la UAEM, Jorge Olvera, a nombre de los universitarios, hizo un llamado a la titular de la PGR para que el proceso que enfrenta el egresado y trabajador de la m\u00e1xima casa de estudios sea apegado a derecho.<\/p>\n<p>Los universitarios hacemos un llamado respetuoso a la procuradora general de la Rep\u00fablica para que se lleve a cabo el debido proceso de \u00d3scar \u00c1lvaro apegado al estado de Derecho que nos identifica a los mexicanos, seguro de que as\u00ed ser\u00e1, pronto \u00d3scar estar\u00e1 con nosotros\u201d, expres\u00f3 el rector de la UAEM.<\/p>\n<p>Olvera Garc\u00eda estuvo en la ceremonia de inicio a clases de la UAEM y ah\u00ed reiter\u00f3 su respaldo al universitario, egresado en abril con honores de la Facultad de Ciencias Pol\u00edticas y Sociales.<\/p>\n<p>\u201cNuestra m\u00e1xima casa de estudios conf\u00eda en las instituciones del Estado y espera la justa y expedita resoluci\u00f3n de este conflicto por las v\u00edas adecuadas siempre apegadas a la legalidad y a la justicia\u201d.<\/p>\n<p>Tras el acto inaugural del ciclo escolar, Olvera dijo que prev\u00e9 que a m\u00e1s tardar el viernes est\u00e9n listas las pruebas en video para demostrar la inocencia del universitario.<\/p>\n<p>\u00d3scar \u00c1lvaro fue detenido el 31 de julio en el Aeropuerto Internacional de la ciudad de M\u00e9xico (AICM) por agentes aduanales debido a que una maleta que no reconoci\u00f3 como suya, pero estaba identificada con sus datos, portaba 20 kilogramos de coca\u00edna.<\/p>\n<p>La Comisi\u00f3n de Derechos Humanos del Estado de M\u00e9xico (Codhem) pidi\u00f3 a la PGR y al Poder Judicial de la Federaci\u00f3n un trato digno y respetuoso para el joven.<\/p>\n<p>Adem\u00e1s, el debido proceso a trav\u00e9s de una investigaci\u00f3n seria, objetiva e imparcial, donde se privilegie el principio de presunci\u00f3n de inocencia.<\/p>\n","protected":false},"excerpt":{"rendered":"<p>El gobernador del Estado de M\u00e9xico, Eruviel \u00c1vila Villegas, se comprometi\u00f3 a hablar con la titular de la Procuradur\u00eda General de la Rep\u00fablica, Arely G\u00f3mez Gonz\u00e1lez, y ante las instancias que sean necesarias a fin de demostrar la inocencia del egresado de la Universidad Aut\u00f3noma del Estado de M\u00e9xico (UAEM), \u00d3scar \u00c1lvaro Montes de Oca.<\/p>\n","protected":false},"author":3,"featured_media":229085,"comment_status":"open","ping_status":"open","sticky":false,"template":"","format":"standard","meta":{"_monsterinsights_skip_tracking":false,"_monsterinsights_sitenote_active":false,"_monsterinsights_sitenote_note":"","_monsterinsights_sitenote_category":0,"footnotes":""},"categories":[5],"tags":[9960,5828,43675,4215,232,1491],"class_list":["post-229008","post","type-post","status-publish","format-standard","has-post-thumbnail","hentry","category-estado-de-mexico","tag-arely-gomez-gonzalez","tag-eruviel-avila-villegas","tag-estado-de-mexico","tag-oscar-montes-de-oca-rosales","tag-pgr","tag-uaem"],"_links":{"self":[{"href":"https:\/\/www.diarioimagen.net\/index.php?rest_route=\/wp\/v2\/posts\/229008","targetHints":{"allow":["GET"]}}],"collection":[{"href":"https:\/\/www.diarioimagen.net\/index.php?rest_route=\/wp\/v2\/posts"}],"about":[{"href":"https:\/\/www.diarioimagen.net\/index.php?rest_route=\/wp\/v2\/types\/post"}],"author":[{"embeddable":true,"href":"https:\/\/www.diarioimagen.net\/index.php?rest_route=\/wp\/v2\/users\/3"}],"replies":[{"embeddable":true,"href":"https:\/\/www.diarioimagen.net\/index.php?rest_route=%2Fwp%2Fv2%2Fcomments&post=229008"}],"version-history":[{"count":0,"href":"https:\/\/www.diarioimagen.net\/index.php?rest_route=\/wp\/v2\/posts\/229008\/revisions"}],"wp:featuredmedia":[{"embeddable":true,"href":"https:\/\/www.diarioimagen.net\/index.php?rest_route=\/wp\/v2\/media\/229085"}],"wp:attachment":[{"href":"https:\/\/www.diarioimagen.net\/index.php?rest_route=%2Fwp%2Fv2%2Fmedia&parent=229008"}],"wp:term":[{"taxonomy":"category","embeddable":true,"href":"https:\/\/www.diarioimagen.net\/index.php?rest_route=%2Fwp%2Fv2%2Fcategories&post=229008"},{"taxonomy":"post_tag","embeddable":true,"href":"https:\/\/www.diarioimagen.net\/index.php?rest_route=%2Fwp%2Fv2%2Ftags&post=229008"}],"curies":[{"name":"wp","href":"https:\/\/api.w.org\/{rel}","templated":true}]}}