{"id":229456,"date":"2015-08-10T00:07:04","date_gmt":"2015-08-10T05:07:04","guid":{"rendered":"http:\/\/www.diarioimagen.net\/?p=229456"},"modified":"2015-08-10T03:38:56","modified_gmt":"2015-08-10T08:38:56","slug":"trabajan-sin-salario-1-3-millones-de-jovenes","status":"publish","type":"post","link":"https:\/\/www.diarioimagen.net\/?p=229456","title":{"rendered":"Trabajan sin salario 1.3 millones de j\u00f3venes"},"content":{"rendered":"<ul>\n<li><strong><em>Entre 15 y 24 a\u00f1os: INEGI<\/em><\/strong><\/li>\n<\/ul>\n<p><a href=\"http:\/\/www.diarioimagen.net\/?attachment_id=229545\" rel=\"attachment wp-att-229545\"><img loading=\"lazy\" decoding=\"async\" class=\"alignleft size-medium wp-image-229545\" src=\"http:\/\/www.diarioimagen.net\/wp-content\/uploads\/2015\/08\/inegi-2672-240x135.jpg\" alt=\"inegi-2672\" width=\"240\" height=\"135\" srcset=\"https:\/\/www.diarioimagen.net\/wp-content\/uploads\/2015\/08\/inegi-2672-240x135.jpg 240w, https:\/\/www.diarioimagen.net\/wp-content\/uploads\/2015\/08\/inegi-2672-420x236.jpg 420w, https:\/\/www.diarioimagen.net\/wp-content\/uploads\/2015\/08\/inegi-2672-235x132.jpg 235w, https:\/\/www.diarioimagen.net\/wp-content\/uploads\/2015\/08\/inegi-2672-202x114.jpg 202w, https:\/\/www.diarioimagen.net\/wp-content\/uploads\/2015\/08\/inegi-2672-350x196.jpg 350w, https:\/\/www.diarioimagen.net\/wp-content\/uploads\/2015\/08\/inegi-2672-220x123.jpg 220w, https:\/\/www.diarioimagen.net\/wp-content\/uploads\/2015\/08\/inegi-2672-237x132.jpg 237w, https:\/\/www.diarioimagen.net\/wp-content\/uploads\/2015\/08\/inegi-2672.jpg 480w\" sizes=\"auto, (max-width: 240px) 100vw, 240px\" \/><\/a>El INEGI dio a conocer la \u201cPanor\u00e1mica de la poblaci\u00f3n joven en M\u00e9xico desde la perspectiva de su condici\u00f3n de Actividad 2013-2014\u201d, que se\u00f1ala que en nuestro pa\u00eds trabajan 1.3 millones de j\u00f3venes de entre 15 y 24 a\u00f1os de edad sin remuneraci\u00f3n alguna y 154 mil sin identificaci\u00f3n de actividad.<\/p>\n<p>Otros 24 mil se dedican a dar servicios gratuitos a la comunidad, apoyar las construcciones y el mantenimiento de sus viviendas y realizar tr\u00e1mites o traslados de sus familiares.<\/p>\n<p>El instituto parte del hecho de que existen 21.5 millones de personas entre 15 y 24 a\u00f1os con un promedio de 10 a\u00f1os de escolaridad y 10.3 millones de j\u00f3venes acuden a la escuela.<\/p>\n<p>De esos 21.5 millones 10 millones pertenecen a la Poblaci\u00f3n Econ\u00f3micamente Activa, 9 tienen empleo y el resto lo busca.<\/p>\n<p>De los que est\u00e1n ocupados el 8 por ciento son trabajadores independientes y 1.3 millones laboran sin contrato de remuneraci\u00f3n monetaria, mientras 7 millones son asalariados.<\/p>\n<p>De la poblaci\u00f3n Econ\u00f3micamente activa el 27.3 trabaja en negocios informales y no registrados; 26.8 por ciento en el campo; 6.4 en la administraci\u00f3n p\u00fablica el 5 por ciento en el servicio dom\u00e9stico y 3.7 en instituciones privadas.<\/p>\n<p>Al analizar el documento se concluye que el 5.8 de los j\u00f3venes que trabajan lo hacen en la informalidad y hay 11.5 millones que no son econ\u00f3micamente activos y los famosos \u201cninis\u201d son 3.5 millones de j\u00f3venes y 3.3 de esos \u201cninis\u201d son mujeres.<\/p>\n<p>De los j\u00f3venes que trabajan hay 629 mil que no desean incorporarse al mercado formal y de las mujeres existe m\u00e1s de un mill\u00f3n dedicadas a estar al cuidado de sus familiares \u00f3 enfermos o dedican el 50 por ciento de su tiempo a las labores del hogar y no buscan empleo.<\/p>\n","protected":false},"excerpt":{"rendered":"<p>El INEGI dio a conocer la \u201cPanor\u00e1mica de la poblaci\u00f3n joven en M\u00e9xico desde la perspectiva de su condici\u00f3n de Actividad 2013-2014\u201d, que se\u00f1ala que en nuestro pa\u00eds trabajan 1.3 millones de j\u00f3venes de entre 15 y 24 a\u00f1os de edad sin remuneraci\u00f3n alguna y 154 mil sin identificaci\u00f3n de actividad.<\/p>\n","protected":false},"author":3,"featured_media":229545,"comment_status":"open","ping_status":"open","sticky":false,"template":"","format":"standard","meta":{"_monsterinsights_skip_tracking":false,"_monsterinsights_sitenote_active":false,"_monsterinsights_sitenote_note":"","_monsterinsights_sitenote_category":0,"footnotes":""},"categories":[25512],"tags":[29347,260,43673,25713],"class_list":["post-229456","post","type-post","status-publish","format-standard","has-post-thumbnail","hentry","category-nacional-nacional","tag-ine","tag-jovenes","tag-nacional","tag-salario"],"_links":{"self":[{"href":"https:\/\/www.diarioimagen.net\/index.php?rest_route=\/wp\/v2\/posts\/229456","targetHints":{"allow":["GET"]}}],"collection":[{"href":"https:\/\/www.diarioimagen.net\/index.php?rest_route=\/wp\/v2\/posts"}],"about":[{"href":"https:\/\/www.diarioimagen.net\/index.php?rest_route=\/wp\/v2\/types\/post"}],"author":[{"embeddable":true,"href":"https:\/\/www.diarioimagen.net\/index.php?rest_route=\/wp\/v2\/users\/3"}],"replies":[{"embeddable":true,"href":"https:\/\/www.diarioimagen.net\/index.php?rest_route=%2Fwp%2Fv2%2Fcomments&post=229456"}],"version-history":[{"count":0,"href":"https:\/\/www.diarioimagen.net\/index.php?rest_route=\/wp\/v2\/posts\/229456\/revisions"}],"wp:featuredmedia":[{"embeddable":true,"href":"https:\/\/www.diarioimagen.net\/index.php?rest_route=\/wp\/v2\/media\/229545"}],"wp:attachment":[{"href":"https:\/\/www.diarioimagen.net\/index.php?rest_route=%2Fwp%2Fv2%2Fmedia&parent=229456"}],"wp:term":[{"taxonomy":"category","embeddable":true,"href":"https:\/\/www.diarioimagen.net\/index.php?rest_route=%2Fwp%2Fv2%2Fcategories&post=229456"},{"taxonomy":"post_tag","embeddable":true,"href":"https:\/\/www.diarioimagen.net\/index.php?rest_route=%2Fwp%2Fv2%2Ftags&post=229456"}],"curies":[{"name":"wp","href":"https:\/\/api.w.org\/{rel}","templated":true}]}}