{"id":229674,"date":"2015-08-11T00:07:54","date_gmt":"2015-08-11T05:07:54","guid":{"rendered":"http:\/\/www.diarioimagen.net\/?p=229674"},"modified":"2015-08-11T03:43:49","modified_gmt":"2015-08-11T08:43:49","slug":"clausuran-curso-de-verano-2015-en-cuautitlan","status":"publish","type":"post","link":"https:\/\/www.diarioimagen.net\/?p=229674","title":{"rendered":"Clausuran Curso de Verano 2015 en Cuautitl\u00e1n"},"content":{"rendered":"<p><a href=\"http:\/\/www.diarioimagen.net\/?attachment_id=229729\" rel=\"attachment wp-att-229729\"><img loading=\"lazy\" decoding=\"async\" class=\"aligncenter size-large wp-image-229729\" src=\"http:\/\/www.diarioimagen.net\/wp-content\/uploads\/2015\/08\/CUAUTITLAN-2673-420x236.jpg\" alt=\"CUAUTITLAN-2673\" width=\"420\" height=\"236\" srcset=\"https:\/\/www.diarioimagen.net\/wp-content\/uploads\/2015\/08\/CUAUTITLAN-2673-420x236.jpg 420w, https:\/\/www.diarioimagen.net\/wp-content\/uploads\/2015\/08\/CUAUTITLAN-2673-240x135.jpg 240w, https:\/\/www.diarioimagen.net\/wp-content\/uploads\/2015\/08\/CUAUTITLAN-2673-235x132.jpg 235w, https:\/\/www.diarioimagen.net\/wp-content\/uploads\/2015\/08\/CUAUTITLAN-2673-202x114.jpg 202w, https:\/\/www.diarioimagen.net\/wp-content\/uploads\/2015\/08\/CUAUTITLAN-2673-350x196.jpg 350w, https:\/\/www.diarioimagen.net\/wp-content\/uploads\/2015\/08\/CUAUTITLAN-2673-220x123.jpg 220w, https:\/\/www.diarioimagen.net\/wp-content\/uploads\/2015\/08\/CUAUTITLAN-2673-237x132.jpg 237w, https:\/\/www.diarioimagen.net\/wp-content\/uploads\/2015\/08\/CUAUTITLAN-2673.jpg 480w\" sizes=\"auto, (max-width: 420px) 100vw, 420px\" \/><\/a><\/p>\n<p><strong>Cuautil\u00e1n, Estado de M\u00e9xico.- <\/strong> El mejor medio para hacer buenos a los ni\u00f1os es hacerlos felices. Los ni\u00f1os necesitan desarrollar habilidades para su desempe\u00f1o en el futuro y la manera m\u00e1s adecuada para poner en pr\u00e1ctica todo lo aprendido es a trav\u00e9s de un curso de verano.<\/p>\n<p>Teniendo como sede el fraccionamiento Joyas de Cuautitl\u00e1n y la presencia de Carlos Ruiz Dom\u00ednguez, presidente municipal de esta localidad; maestro en Ciencias Sociales, Sa\u00fal Ram\u00edrez Antonio, secretario del ayuntamiento, Marco Antonio Mendiz\u00e1bal S\u00e1nchez, titular de Cultura, Deporte y Turismo; Armando Alvarado Escamilla, director de Desarrollo Social, y encargados del curso, se llev\u00f3 a cabo la clausura de Curso de Verano 2015 de esta comunidad.<\/p>\n","protected":false},"excerpt":{"rendered":"<p>El mejor medio para hacer buenos a los ni\u00f1os es hacerlos felices. Los ni\u00f1os necesitan desarrollar habilidades para su desempe\u00f1o en el futuro y la manera m\u00e1s adecuada para poner en pr\u00e1ctica todo lo aprendido es a trav\u00e9s de un curso de verano.<\/p>\n","protected":false},"author":3,"featured_media":229729,"comment_status":"open","ping_status":"open","sticky":false,"template":"","format":"standard","meta":{"_monsterinsights_skip_tracking":false,"_monsterinsights_sitenote_active":false,"_monsterinsights_sitenote_note":"","_monsterinsights_sitenote_category":0,"footnotes":""},"categories":[35155],"tags":[43390,43675,42538],"class_list":["post-229674","post","type-post","status-publish","format-standard","has-post-thumbnail","hentry","category-estado-de-mexico-estado-de-mexico","tag-curso","tag-estado-de-mexico","tag-verano"],"_links":{"self":[{"href":"https:\/\/www.diarioimagen.net\/index.php?rest_route=\/wp\/v2\/posts\/229674","targetHints":{"allow":["GET"]}}],"collection":[{"href":"https:\/\/www.diarioimagen.net\/index.php?rest_route=\/wp\/v2\/posts"}],"about":[{"href":"https:\/\/www.diarioimagen.net\/index.php?rest_route=\/wp\/v2\/types\/post"}],"author":[{"embeddable":true,"href":"https:\/\/www.diarioimagen.net\/index.php?rest_route=\/wp\/v2\/users\/3"}],"replies":[{"embeddable":true,"href":"https:\/\/www.diarioimagen.net\/index.php?rest_route=%2Fwp%2Fv2%2Fcomments&post=229674"}],"version-history":[{"count":0,"href":"https:\/\/www.diarioimagen.net\/index.php?rest_route=\/wp\/v2\/posts\/229674\/revisions"}],"wp:featuredmedia":[{"embeddable":true,"href":"https:\/\/www.diarioimagen.net\/index.php?rest_route=\/wp\/v2\/media\/229729"}],"wp:attachment":[{"href":"https:\/\/www.diarioimagen.net\/index.php?rest_route=%2Fwp%2Fv2%2Fmedia&parent=229674"}],"wp:term":[{"taxonomy":"category","embeddable":true,"href":"https:\/\/www.diarioimagen.net\/index.php?rest_route=%2Fwp%2Fv2%2Fcategories&post=229674"},{"taxonomy":"post_tag","embeddable":true,"href":"https:\/\/www.diarioimagen.net\/index.php?rest_route=%2Fwp%2Fv2%2Ftags&post=229674"}],"curies":[{"name":"wp","href":"https:\/\/api.w.org\/{rel}","templated":true}]}}