{"id":229802,"date":"2015-08-11T21:25:52","date_gmt":"2015-08-12T02:25:52","guid":{"rendered":"http:\/\/www.diarioimagen.net\/?p=229802"},"modified":"2015-08-13T00:20:04","modified_gmt":"2015-08-13T05:20:04","slug":"rodrigo-de-la-cadena-carlos-cuevas-y-trigo-limpio-galardonados","status":"publish","type":"post","link":"https:\/\/www.diarioimagen.net\/?p=229802","title":{"rendered":"Rodrigo de la Cadena, Carlos Cuevas y Trigo Limpio, galardonados"},"content":{"rendered":"<ul>\n<li><strong><em>Recibieron premio Internacional Gaviota Olga Guillot<\/em><\/strong><\/li>\n<\/ul>\n<div id=\"attachment_229803\" style=\"width: 250px\" class=\"wp-caption alignleft\"><a href=\"http:\/\/www.diarioimagen.net\/?attachment_id=229803\" rel=\"attachment wp-att-229803\"><img loading=\"lazy\" decoding=\"async\" aria-describedby=\"caption-attachment-229803\" class=\"wp-image-229803 size-medium\" src=\"http:\/\/www.diarioimagen.net\/wp-content\/uploads\/2015\/08\/rodrigo-portal-240x140.jpg\" alt=\"Rodrigo de la Cadena premio internacional Gaviota Olga Guillot. \" width=\"240\" height=\"140\" srcset=\"https:\/\/www.diarioimagen.net\/wp-content\/uploads\/2015\/08\/rodrigo-portal-240x140.jpg 240w, https:\/\/www.diarioimagen.net\/wp-content\/uploads\/2015\/08\/rodrigo-portal-420x245.jpg 420w, https:\/\/www.diarioimagen.net\/wp-content\/uploads\/2015\/08\/rodrigo-portal.jpg 480w\" sizes=\"auto, (max-width: 240px) 100vw, 240px\" \/><\/a><p id=\"caption-attachment-229803\" class=\"wp-caption-text\">Rodrigo de la Cadena, premio Internacional Gaviota Olga Guillot.<\/p><\/div>\n<p>&nbsp;<\/p>\n<p>En el marco del majestuoso museo Jos\u00e9 Luis Cuevas\u00a0 en donde se cont\u00f3 con la presencia de Beatriz del Carmen Cuevas, directora del Museo y esposa del\u00a0 artista pl\u00e1stico, y del presidente, fundador de las preseas Fernando Santos, \u00a0se llev\u00f3 a cabo la XX entrega de los premios internacionales Gaviota a lo mejor de la cultura, del \u00a0deporte, m\u00fasica, pol\u00edtica, periodismo, empresarial, etc\u00e9tera.<\/p>\n<p>Durante la noche vimos desfilar por la alfombra roja a todas las personalidades que fueron reconocidas en diversas categor\u00edas.<\/p>\n<p>Se entregaron las Gaviotas Jos\u00e9 Luis Cuevas \u00a0a lo mejor del arte, estos premios en espec\u00edfico, propuestos por el artista pl\u00e1stico Jos\u00e9 Luis Cuevas y aprobados por el consejo de la Fundaci\u00f3n Gaviota, les fue otorgados a:<\/p>\n<p>Las promotoras de arte Silvia Lemus y Briguitta Anguiano, viuda del muralista Ra\u00fal Anguiano, Pablo Weisz Carrington, a la soprano de talla internacional Olivia Gorra, Agust\u00edn Portillo, Luz de Lourdes Sagarena, a la crotalista Sonia Amelio, Socorro Bonilla, V\u00edctor Hugo Sotomayor, Jos\u00e9 de la Rosa, Ra\u00fal Cremoux y el escultor \u00d3scar Ponzanelli, recibieron este reconocimiento de manos de la se\u00f1ora Cuevas.<\/p>\n<p>Y este a\u00f1o el consejo directivo de la fundaci\u00f3n de los premios internacionales Gaviota decidi\u00f3 \u00a0otorgarles la presea que lleva\u00a0 el nombre de Olga Guillot al joven bolerista y exitoso empresario Rodrigo de la Cadena, al <em>Rey del Bolero,<\/em> Carlos Cuevas, al <em>Se\u00f1or Tango,<\/em> Hugo Jord\u00e1n y al grupo espa\u00f1ol Trigo Limpio con sus integrantes \u00d3scar Pi\u00f1ero, Javier de la Vega\u00a0 y su vocalista fundadora Amaya S\u00e1izar, por los triunfos internacionales de estas\u00a0 cuatro figuras y por su gran trayectoria. El reconocimiento lo anunci\u00f3 Roberto Freymann y lo recibieron de manos de Olga Mar\u00eda, hija de Olga Guillot, quien les dedic\u00f3 unas palabras.<\/p>\n<p>En otras categor\u00edas se otorg\u00f3 la Gaviota a la compositora y cantante Lorena Tassinari, <em>El lujo de M\u00e9xico,<\/em>\u00a0Marco Antonio Mu\u00f1iz, el Grupo Kery, Manuel Gorka, Alejandra Rojas, Fernanda Tapia, conductora de radio y del programa de TV <em>El Almohadazo<\/em>, Axel Mu\u00f1iz, como revelaci\u00f3n musical y al actor Esteban Franco.<\/p>\n<p>El programa musical corri\u00f3 a cargo de la soprano Alejandra Rojas, que fueron el deleite de los asistentes y del grupo Treenors, tres tenores de Venezuela que tambi\u00e9n se lucieron en su interpretaci\u00f3n de piezas cl\u00e1sicas.<\/p>\n","protected":false},"excerpt":{"rendered":"<p>En el marco del majestuoso museo Jos\u00e9 Luis Cuevas  en donde se cont\u00f3 con la presencia de Beatriz del Carmen Cuevas, directora del Museo y esposa del  artista pl\u00e1stico, y del presidente, fundador de las preseas Fernando Santos,  se llev\u00f3 a cabo la XX entrega de los premios internacionales Gaviota a lo mejor de la cultura, del  deporte, m\u00fasica, pol\u00edtica, periodismo, empresarial, etc\u00e9tera.<\/p>\n","protected":false},"author":5,"featured_media":229803,"comment_status":"open","ping_status":"open","sticky":false,"template":"","format":"standard","meta":{"_monsterinsights_skip_tracking":false,"_monsterinsights_sitenote_active":false,"_monsterinsights_sitenote_note":"","_monsterinsights_sitenote_category":0,"footnotes":""},"categories":[12],"tags":[43682],"class_list":["post-229802","post","type-post","status-publish","format-standard","has-post-thumbnail","hentry","category-espectaculos","tag-espectaculos"],"_links":{"self":[{"href":"https:\/\/www.diarioimagen.net\/index.php?rest_route=\/wp\/v2\/posts\/229802","targetHints":{"allow":["GET"]}}],"collection":[{"href":"https:\/\/www.diarioimagen.net\/index.php?rest_route=\/wp\/v2\/posts"}],"about":[{"href":"https:\/\/www.diarioimagen.net\/index.php?rest_route=\/wp\/v2\/types\/post"}],"author":[{"embeddable":true,"href":"https:\/\/www.diarioimagen.net\/index.php?rest_route=\/wp\/v2\/users\/5"}],"replies":[{"embeddable":true,"href":"https:\/\/www.diarioimagen.net\/index.php?rest_route=%2Fwp%2Fv2%2Fcomments&post=229802"}],"version-history":[{"count":0,"href":"https:\/\/www.diarioimagen.net\/index.php?rest_route=\/wp\/v2\/posts\/229802\/revisions"}],"wp:featuredmedia":[{"embeddable":true,"href":"https:\/\/www.diarioimagen.net\/index.php?rest_route=\/wp\/v2\/media\/229803"}],"wp:attachment":[{"href":"https:\/\/www.diarioimagen.net\/index.php?rest_route=%2Fwp%2Fv2%2Fmedia&parent=229802"}],"wp:term":[{"taxonomy":"category","embeddable":true,"href":"https:\/\/www.diarioimagen.net\/index.php?rest_route=%2Fwp%2Fv2%2Fcategories&post=229802"},{"taxonomy":"post_tag","embeddable":true,"href":"https:\/\/www.diarioimagen.net\/index.php?rest_route=%2Fwp%2Fv2%2Ftags&post=229802"}],"curies":[{"name":"wp","href":"https:\/\/api.w.org\/{rel}","templated":true}]}}