{"id":229997,"date":"2015-08-13T00:04:59","date_gmt":"2015-08-13T05:04:59","guid":{"rendered":"http:\/\/www.diarioimagen.net\/?p=229997"},"modified":"2015-08-13T02:18:00","modified_gmt":"2015-08-13T07:18:00","slug":"me-trataron-como-la-peor-de-las-delincuentes-dice-la-bailarina","status":"publish","type":"post","link":"https:\/\/www.diarioimagen.net\/?p=229997","title":{"rendered":"\u201cMe trataron como la peor de las delincuentes\u201d"},"content":{"rendered":"<ul>\n<li><strong><em>Lilia Ang\u00e9lica L\u00f3pez, de bailarina a reclusa<\/em><\/strong><\/li>\n<\/ul>\n<div id=\"attachment_229998\" style=\"width: 250px\" class=\"wp-caption alignleft\"><a href=\"http:\/\/www.diarioimagen.net\/?attachment_id=229998\" rel=\"attachment wp-att-229998\"><img loading=\"lazy\" decoding=\"async\" aria-describedby=\"caption-attachment-229998\" class=\"wp-image-229998 size-medium\" src=\"http:\/\/www.diarioimagen.net\/wp-content\/uploads\/2015\/08\/BAILARINA-portal-240x140.jpg\" alt=\"La bailarina Lilia Ang\u00e9lica L\u00f3pez solicita apoyo a la ciudadan\u00eda en general para que se le haga justicia.\" width=\"240\" height=\"140\" srcset=\"https:\/\/www.diarioimagen.net\/wp-content\/uploads\/2015\/08\/BAILARINA-portal-240x140.jpg 240w, https:\/\/www.diarioimagen.net\/wp-content\/uploads\/2015\/08\/BAILARINA-portal-420x245.jpg 420w, https:\/\/www.diarioimagen.net\/wp-content\/uploads\/2015\/08\/BAILARINA-portal.jpg 480w\" sizes=\"auto, (max-width: 240px) 100vw, 240px\" \/><\/a><p id=\"caption-attachment-229998\" class=\"wp-caption-text\">La bailarina Lilia Ang\u00e9lica L\u00f3pez solicita apoyo a la ciudadan\u00eda en general para que se le haga justicia.<\/p><\/div>\n<p>El caso de la joven estudiante de danza del INBA, Lilia Ang\u00e9lica L\u00f3pez comenz\u00f3 a crecer como bola de nieve al difundirse por distintos medios su encarcelamiento de 8 meses.<\/p>\n<p>El padre de la joven, Jorge L\u00f3pez, anunci\u00f3 que tiene la esperanza de que en la pr\u00f3xima semana su hija salga en libertad, en raz\u00f3n de que ha sido la propia titular de la Procuradur\u00eda General de la Rep\u00fablica (PGR), Arely G\u00f3mez Gonz\u00e1lez, la que le comunic\u00f3 que su caso est\u00e1 en revisi\u00f3n.<\/p>\n<p>Es la propia Lilia Ang\u00e9lica quien logr\u00f3 que se conocieran sus tribulaciones, al narrar en entrevistas radiof\u00f3nica y televisiva la forma como (a su manera de ver y entender el asunto) le sembraron los agentes ministeriales destacados en el Aeropuerto Internacional de la Ciudad de M\u00e9xico (AICM) los tres kilos de coca\u00edna.<\/p>\n<p>Ella viaj\u00f3 de Bogot\u00e1 a M\u00e9xico y a su llegada (narr\u00f3) simplemente fue detenida y llevada a un cuarto, donde la pararon viendo hacia la pared, con las manos esposadas; en esa posici\u00f3n la tuvieron varias horas sin decirle las razones de su detenci\u00f3n, para despu\u00e9s preguntarle por qu\u00e9 tra\u00eda coca\u00edna en su maleta.<\/p>\n<p>Ang\u00e9lica L\u00f3pez no ten\u00eda respuesta alguna y se limit\u00f3 a proporcionar los datos que ten\u00eda sobre sus generales, las razones que la llevaron a Bogot\u00e1, sobre el sustento de sus gastos, los nombres de sus familiares y amigos, etc\u00e9tera.<\/p>\n<p>Nunca pudo creer ni responder lo que le estaban imputando, pas\u00f3 tres d\u00edas detenida en separos de Azcapotzalco (SEIDO) y le comunicaron que la remitir\u00edan al penal de \u201cEl Rinc\u00f3n\u201d en Nayarit, a donde pas\u00f3 los primeros tres meses, despu\u00e9s de los cuales le informaron que le abrir\u00edan un proceso penal, para lo cual la trasladaron a la c\u00e1rcel en Santa Martha Acatitla, donde la directora de ese reclusorio le ofrece terapia ocupacional, a trav\u00e9s de impartir clases a las reclusas sobre el bello arte de la danza.<\/p>\n<p>Se quej\u00f3 que en el traslado y en los dos penales que ha estado la han tratado como si fuese la peor delincuente y durante tres meses no pudo hablar con su familia y que se estaba volviendo loca y que la trasladan hombres armados, encapuchados, con muchos gritos, con marcada violencia, con los ojos vendados y esposada y que a ocho meses no existe ninguna prueba de la acusaci\u00f3n en su contra.<\/p>\n<p>Un argumento que invoca para demostrar su inocencia, es que cuando document\u00f3 su equipaje en Bogot\u00e1, su maleta no estaba envuelta en pl\u00e1stico transparente, lo que le llaman \u201cplastificado\u201d y que cuando se la presentaron para que la reconociera, la maleta tra\u00eda un gran desorden y conten\u00eda el cargamento de coca\u00edna, por lo cual infiere que esto se hizo en Bogot\u00e1 o en la ciudad de M\u00e9xico, mientras ella esperaba en las bandas su equipaje.<\/p>\n<p>La secretaria de Gobierno, Patricia Mercado, confirm\u00f3 que por instrucciones del jefe de gobierno del Distrito Federal, Miguel \u00c1ngel Mancera, se dar\u00e1 apoyo a Ang\u00e9lica L\u00f3pez Negrete, detenida por presunto traslado de droga.<\/p>\n<p>Se\u00f1al\u00f3 que como primer paso busc\u00f3 a la familia de la joven; aclar\u00f3 que a pesar de que es un caso federal, el gobierno capitalino ver\u00e1 la forma de apoyarla.<\/p>\n<p>Insisti\u00f3 en que el caso de Ang\u00e9lica L\u00f3pez, quien tiene ocho meses encarcelada, lo llevan los tribunales federales, pero a trav\u00e9s del Sistema Penitenciario se le brindar\u00e1 apoyo jur\u00eddico o una demanda espec\u00edfica que ella les haga saber, por tratarse de una situaci\u00f3n especial, para lo que se pondr\u00e1n en contacto con su familia.<\/p>\n<p>El prop\u00f3sito es hablar con el padre y con ella para saber c\u00f3mo la tratan, qu\u00e9 le hace falta, si ha tenido una situaci\u00f3n inc\u00f3moda en el reclusorio y darle toda la atenci\u00f3n, \u201cqueremos saber si tienen alguna demanda espec\u00edfica\u201d.<\/p>\n<p>Insisti\u00f3 en que el gobierno capitalino quiere ver \u201csi necesita alg\u00fan apoyo jur\u00eddico o de otro tipo para su defensa; el jefe de gobierno lo que dice es que vamos a ayudar, que nos digan en qu\u00e9 y lo vamos a hacer a trav\u00e9s de la Secretar\u00eda de Gobierno\u201d.<\/p>\n<p><strong>Abre expediente la CNDH<\/strong><\/p>\n<p>Por otro lado, la Comisi\u00f3n Nacional de los Derechos Humanos tambi\u00e9n present\u00f3 apenas ayer una queja por violaciones a los derechos individuales de Ang\u00e9lica L\u00f3pez, quien fue detenida el 31 de diciembre del a\u00f1o pasado.<\/p>\n<p>El organismo establece que no prejuzga ni califica el motivo de la detenci\u00f3n, sino la presunci\u00f3n de inocencia de la jovencita, del cual goza toda persona en nuestro sistema jur\u00eddico.<\/p>\n<p>La CNDH no s\u00f3lo nombr\u00f3 al primer visitador general hacerse cargo del caso, sino una bater\u00eda de visitadores adjuntos para que recaben testimonios del juicio y emitir un pronunciamiento conforme a Derecho.<\/p>\n<p>La queja tiene que ver con el burocratismo de la PGR, al haberla trasladado de inmediato a Nayarit y tener abandonado el caso 8 meses con la detenida en Santa Martha Acatitla.<\/p>\n","protected":false},"excerpt":{"rendered":"<p>El caso de la joven estudiante de danza del INBA, Lilia Ang\u00e9lica L\u00f3pez comenz\u00f3 a crecer como bola de nieve al difundirse por distintos medios su encarcelamiento de 8 meses.<\/p>\n","protected":false},"author":5,"featured_media":229998,"comment_status":"open","ping_status":"open","sticky":false,"template":"","format":"standard","meta":{"_monsterinsights_skip_tracking":false,"_monsterinsights_sitenote_active":false,"_monsterinsights_sitenote_note":"","_monsterinsights_sitenote_category":0,"footnotes":""},"categories":[7],"tags":[19109,43673,27887,43677],"class_list":["post-229997","post","type-post","status-publish","format-standard","has-post-thumbnail","hentry","category-seguridad","tag-inba","tag-nacional","tag-procuraduria-general-de-la-republica","tag-seguridad"],"_links":{"self":[{"href":"https:\/\/www.diarioimagen.net\/index.php?rest_route=\/wp\/v2\/posts\/229997","targetHints":{"allow":["GET"]}}],"collection":[{"href":"https:\/\/www.diarioimagen.net\/index.php?rest_route=\/wp\/v2\/posts"}],"about":[{"href":"https:\/\/www.diarioimagen.net\/index.php?rest_route=\/wp\/v2\/types\/post"}],"author":[{"embeddable":true,"href":"https:\/\/www.diarioimagen.net\/index.php?rest_route=\/wp\/v2\/users\/5"}],"replies":[{"embeddable":true,"href":"https:\/\/www.diarioimagen.net\/index.php?rest_route=%2Fwp%2Fv2%2Fcomments&post=229997"}],"version-history":[{"count":0,"href":"https:\/\/www.diarioimagen.net\/index.php?rest_route=\/wp\/v2\/posts\/229997\/revisions"}],"wp:featuredmedia":[{"embeddable":true,"href":"https:\/\/www.diarioimagen.net\/index.php?rest_route=\/wp\/v2\/media\/229998"}],"wp:attachment":[{"href":"https:\/\/www.diarioimagen.net\/index.php?rest_route=%2Fwp%2Fv2%2Fmedia&parent=229997"}],"wp:term":[{"taxonomy":"category","embeddable":true,"href":"https:\/\/www.diarioimagen.net\/index.php?rest_route=%2Fwp%2Fv2%2Fcategories&post=229997"},{"taxonomy":"post_tag","embeddable":true,"href":"https:\/\/www.diarioimagen.net\/index.php?rest_route=%2Fwp%2Fv2%2Ftags&post=229997"}],"curies":[{"name":"wp","href":"https:\/\/api.w.org\/{rel}","templated":true}]}}