{"id":230057,"date":"2015-08-13T00:09:50","date_gmt":"2015-08-13T05:09:50","guid":{"rendered":"http:\/\/www.diarioimagen.net\/?p=230057"},"modified":"2015-08-13T06:37:56","modified_gmt":"2015-08-13T11:37:56","slug":"piden-opciones-laborales-para-los-vagoneros-del-metro","status":"publish","type":"post","link":"https:\/\/www.diarioimagen.net\/?p=230057","title":{"rendered":"Piden opciones laborales para los <em>vagoneros<\/em> del Metro"},"content":{"rendered":"<ul>\n<li><strong><em>Rechazo a una persecuci\u00f3n<\/em><\/strong><\/li>\n<\/ul>\n<div id=\"attachment_230147\" style=\"width: 250px\" class=\"wp-caption alignleft\"><a href=\"http:\/\/www.diarioimagen.net\/?attachment_id=230147\" rel=\"attachment wp-att-230147\"><img loading=\"lazy\" decoding=\"async\" aria-describedby=\"caption-attachment-230147\" class=\"size-medium wp-image-230147\" src=\"http:\/\/www.diarioimagen.net\/wp-content\/uploads\/2015\/08\/vagoneros-2675-240x135.jpg\" alt=\"Asamble\u00edstas esperan que la medida de Cero Tolerancia contra vagoneros en el Metro no quede s\u00f3lo en una persecuci\u00f3n.\" width=\"240\" height=\"135\" srcset=\"https:\/\/www.diarioimagen.net\/wp-content\/uploads\/2015\/08\/vagoneros-2675-240x135.jpg 240w, https:\/\/www.diarioimagen.net\/wp-content\/uploads\/2015\/08\/vagoneros-2675-420x236.jpg 420w, https:\/\/www.diarioimagen.net\/wp-content\/uploads\/2015\/08\/vagoneros-2675-235x132.jpg 235w, https:\/\/www.diarioimagen.net\/wp-content\/uploads\/2015\/08\/vagoneros-2675-202x114.jpg 202w, https:\/\/www.diarioimagen.net\/wp-content\/uploads\/2015\/08\/vagoneros-2675-350x196.jpg 350w, https:\/\/www.diarioimagen.net\/wp-content\/uploads\/2015\/08\/vagoneros-2675-220x123.jpg 220w, https:\/\/www.diarioimagen.net\/wp-content\/uploads\/2015\/08\/vagoneros-2675-237x132.jpg 237w, https:\/\/www.diarioimagen.net\/wp-content\/uploads\/2015\/08\/vagoneros-2675.jpg 480w\" sizes=\"auto, (max-width: 240px) 100vw, 240px\" \/><\/a><p id=\"caption-attachment-230147\" class=\"wp-caption-text\">Asamble\u00edstas esperan que la medida de Cero Tolerancia contra vagoneros en el Metro no quede s\u00f3lo en una persecuci\u00f3n.<\/p><\/div>\n<p>En la Asamblea Legislativa del Distrito Federal (ALDF)\u00a0 avalaron la medida de ejercer \u201ctolerancia cero\u201d contra <em>vagoneros<\/em>, siempre y cuando tambi\u00e9n les ofrezcan alternativas laborales y no se trate s\u00f3lo de una persecuci\u00f3n.<\/p>\n<p>\u00abMe parece que ser\u00eda positiva la acci\u00f3n que pudiera llevar a cabo el gobierno del Distrito Federal, solamente si se cumplen dos premisas fundamentales: la primera, tener una opci\u00f3n para que los <em>vagoneros<\/em> puedan abandonar el Metro\u201d, y la segunda es ingresar a las filas de la formalidad, propuso el legislador del Partido Acci\u00f3n Nacional (PAN), Orlando Anaya Gonz\u00e1lez.<\/p>\n<p>Destac\u00f3 que sacar del Metro a <em>vagoneros<\/em> \u201cnosotros lo hemos exigido de manera contundente por la mala calidad del servicio, por la saturaci\u00f3n y por los problemas que se presentan por las ri\u00f1as entre usuarios y <em>vagoneros<\/em>, pero tambi\u00e9n es necesario que se brinde una alternativa para que puedan tener una autogeneraci\u00f3n de empleos\u201d.<\/p>\n<p>El legislador del partido blanquiazul reconoci\u00f3 que retirar a los <em>vagoneros<\/em> de las instalaciones del Metro es una decisi\u00f3n correcta de la actual administraci\u00f3n, y repercutir\u00eda en una mejor calidad del servicio en ese sistema de transporte.<\/p>\n<p>\u00abEst\u00e1 claro que la administraci\u00f3n del Metro en su primer trecho fracas\u00f3 en la modernizaci\u00f3n y el mejoramiento del servicio, y con esta nueva direcci\u00f3n, si se toman este tipo de decisiones y se hacen de manera oportuna, creo que podr\u00eda ser beneficiosa para los usuarios\u00bb, dijo.<\/p>\n<p>Tambi\u00e9n advirti\u00f3 que la fracci\u00f3n panista en la ALDF vigilar\u00e1 de manera peri\u00f3dica que se cumplan los operativos para retirar a los trabajadores informales del Metro, principalmente los que involucren la explotaci\u00f3n de menores.<\/p>\n<p>Estaremos vigilando atentamente c\u00f3mo se van a desarrollar este tipo de operativos, en qu\u00e9 van a consistir y sobre todo cu\u00e1l va a ser el destino de aquellas personas que se dedican al comercio informal al interior del Metro\u201d, indic\u00f3 Gavi\u00f1o Ambriz.<\/p>\n<p>Puntualiz\u00f3 que el gobierno local tiene una tarea pendiente en este tema con respecto al ambulantaje en el Metro, que se refiere a la explotaci\u00f3n de menores, \u201ctambi\u00e9n estaremos vigilando que los derechos humanos de terceros, principalmente de los menores, se cumplan a cabalidad y que estos operativos se desarrollen de una manera permanente\u00bb.<\/p>\n<p style=\"text-align: center;\"><strong>Revisar\u00e1n caso de ambulantes retirados <\/strong><\/p>\n<p>Directivos del Hospital General de M\u00e9xico y autoridades de la Direcci\u00f3n General de V\u00eda P\u00fablica revisar\u00e1n el caso de comerciantes ambulantes que fueron retirados de las inmediaciones del Hospital General de M\u00e9xico, a fin de que no resulten afectados.<\/p>\n<p>Los vendedores accedieron de manera pac\u00edfica a retirarse del lugar, incluso lavaron la zona para dejarla limpia; sin embargo, despu\u00e9s se manifestaron en ese sitio para exigir a la delegaci\u00f3n Cuauht\u00e9moc que cumpla con la promesa de reubicarlos en un sitio digno.<\/p>\n<p>&nbsp;<\/p>\n","protected":false},"excerpt":{"rendered":"<p>En la Asamblea Legislativa del Distrito Federal (ALDF) avalaron la medida de ejercer \u201ctolerancia cero\u201d contra <em>vagoneros<\/em>, siempre y cuando tambi\u00e9n les ofrezcan alternativas laborales y no se trate s\u00f3lo de una persecuci\u00f3n.<\/p>\n","protected":false},"author":3,"featured_media":230147,"comment_status":"open","ping_status":"open","sticky":false,"template":"","format":"standard","meta":{"_monsterinsights_skip_tracking":false,"_monsterinsights_sitenote_active":false,"_monsterinsights_sitenote_note":"","_monsterinsights_sitenote_category":0,"footnotes":""},"categories":[6],"tags":[210,212,204,163,664],"class_list":["post-230057","post","type-post","status-publish","format-standard","has-post-thumbnail","hentry","category-cd-de-mexico","tag-aldf","tag-asamblea-legislativa-del-distrito-federal","tag-ciudad-de-mexico","tag-metro","tag-vagoneros"],"_links":{"self":[{"href":"https:\/\/www.diarioimagen.net\/index.php?rest_route=\/wp\/v2\/posts\/230057","targetHints":{"allow":["GET"]}}],"collection":[{"href":"https:\/\/www.diarioimagen.net\/index.php?rest_route=\/wp\/v2\/posts"}],"about":[{"href":"https:\/\/www.diarioimagen.net\/index.php?rest_route=\/wp\/v2\/types\/post"}],"author":[{"embeddable":true,"href":"https:\/\/www.diarioimagen.net\/index.php?rest_route=\/wp\/v2\/users\/3"}],"replies":[{"embeddable":true,"href":"https:\/\/www.diarioimagen.net\/index.php?rest_route=%2Fwp%2Fv2%2Fcomments&post=230057"}],"version-history":[{"count":0,"href":"https:\/\/www.diarioimagen.net\/index.php?rest_route=\/wp\/v2\/posts\/230057\/revisions"}],"wp:featuredmedia":[{"embeddable":true,"href":"https:\/\/www.diarioimagen.net\/index.php?rest_route=\/wp\/v2\/media\/230147"}],"wp:attachment":[{"href":"https:\/\/www.diarioimagen.net\/index.php?rest_route=%2Fwp%2Fv2%2Fmedia&parent=230057"}],"wp:term":[{"taxonomy":"category","embeddable":true,"href":"https:\/\/www.diarioimagen.net\/index.php?rest_route=%2Fwp%2Fv2%2Fcategories&post=230057"},{"taxonomy":"post_tag","embeddable":true,"href":"https:\/\/www.diarioimagen.net\/index.php?rest_route=%2Fwp%2Fv2%2Ftags&post=230057"}],"curies":[{"name":"wp","href":"https:\/\/api.w.org\/{rel}","templated":true}]}}