{"id":230259,"date":"2015-08-14T00:03:53","date_gmt":"2015-08-14T05:03:53","guid":{"rendered":"http:\/\/www.diarioimagen.net\/?p=230259"},"modified":"2015-08-16T23:44:39","modified_gmt":"2015-08-17T04:44:39","slug":"alcaldes-de-edomex-deberan-informar-de-salidas-al-extranjero","status":"publish","type":"post","link":"https:\/\/www.diarioimagen.net\/?p=230259","title":{"rendered":"Alcaldes de Edomex deber\u00e1n informar de salidas al extranjero"},"content":{"rendered":"<ul>\n<li><strong><em>Reforma al art\u00edculo 128 de la Constituci\u00f3n estatal<\/em><\/strong><\/li>\n<\/ul>\n<p><strong><a href=\"http:\/\/www.diarioimagen.net\/?attachment_id=230328\" rel=\"attachment wp-att-230328\"><img loading=\"lazy\" decoding=\"async\" class=\"alignleft size-medium wp-image-230328\" src=\"http:\/\/www.diarioimagen.net\/wp-content\/uploads\/2015\/08\/LEGISLATURA-2676-240x135.jpg\" alt=\"LEGISLATURA-2676\" width=\"240\" height=\"135\" srcset=\"https:\/\/www.diarioimagen.net\/wp-content\/uploads\/2015\/08\/LEGISLATURA-2676-240x135.jpg 240w, https:\/\/www.diarioimagen.net\/wp-content\/uploads\/2015\/08\/LEGISLATURA-2676-420x236.jpg 420w, https:\/\/www.diarioimagen.net\/wp-content\/uploads\/2015\/08\/LEGISLATURA-2676-235x132.jpg 235w, https:\/\/www.diarioimagen.net\/wp-content\/uploads\/2015\/08\/LEGISLATURA-2676-202x114.jpg 202w, https:\/\/www.diarioimagen.net\/wp-content\/uploads\/2015\/08\/LEGISLATURA-2676-350x196.jpg 350w, https:\/\/www.diarioimagen.net\/wp-content\/uploads\/2015\/08\/LEGISLATURA-2676-220x123.jpg 220w, https:\/\/www.diarioimagen.net\/wp-content\/uploads\/2015\/08\/LEGISLATURA-2676-237x132.jpg 237w, https:\/\/www.diarioimagen.net\/wp-content\/uploads\/2015\/08\/LEGISLATURA-2676.jpg 480w\" sizes=\"auto, (max-width: 240px) 100vw, 240px\" \/><\/a>Toluca, Estado de M\u00e9xico<\/strong>.- Los presidentes municipales deber\u00e1n comunicar por escrito, con anticipaci\u00f3n a su salida, a la Legislatura o a la Diputaci\u00f3n Permanente y al Cabildo, los prop\u00f3sitos y objetivos de los viajes al extranjero e informar de las acciones realizadas dentro de los diez d\u00edas siguientes a su regreso, establece la reforma al art\u00edculo 128 de la Constituci\u00f3n Pol\u00edtica estatal y 48 de la Ley Org\u00e1nica Municipal, aprobada por la LVIII Legislatura, a propuesta del diputado Lorenzo Roberto Gusm\u00e1n Rodr\u00edguez (Nueva Alianza).<\/p>\n<p>El dictamen, avalado por las Comisiones Unidas de Gobernaci\u00f3n y Puntos Constitucionales y de Legislaci\u00f3n y Administraci\u00f3n Municipal, que incluy\u00f3 la reserva de la diputada Adriana de Lourdes Hinojosa C\u00e9spedes (PAN) para que la obligaci\u00f3n de comunicar tambi\u00e9n sea al Cabildo, fue le\u00eddo en tribuna por el legislador Amador Monroy Estrada (PRI).<\/p>\n<p style=\"text-align: center;\"><strong>Reforma constitucional en materia de libertad de culto<\/strong><\/p>\n<p>Una vez que la mayor\u00eda de los ayuntamientos avalaron la adici\u00f3n de los p\u00e1rrafos 15 y 16 al art\u00edculo 5 de la Constituci\u00f3n Pol\u00edtica estatal para establecer que \u201cen el Estado de M\u00e9xico toda persona tiene derecho a la libertad de condiciones \u00e9ticas de conciencia, de religi\u00f3n y a tener o contar, en su caso, la de su agrado conforme a lo establecido al art\u00edculo 24 de la Constituci\u00f3n Federal, la Legislatura del Estado de M\u00e9xico declar\u00f3 la aprobaci\u00f3n de la minuta correspondiente. La diputada Laura Ivonne Ruiz Moreno (PRI) ley\u00f3 el documento respectivo.<\/p>\n<p style=\"text-align: center;\"><strong>Cambian fecha de nombramiento de ombudsman municipales<\/strong><\/p>\n<p>La convocatoria para designar defensor municipal de derechos humanos deber\u00e1 emitirse dentro de los primeros 60 d\u00edas naturales del periodo constitucional del ayuntamiento, avalaron los diputados de la LVIII Legislatura estatal.<\/p>\n<p>La reforma al art\u00edculo 147 A fracci\u00f3n I de la Ley Org\u00e1nica Municipal, propuesta por el diputado Pedro Antonio Fontaine Mart\u00ednez (PAN) incluye un tercer art\u00edculo transitorio, para que los defensores municipales que se encuentren en funciones a la entrada en vigor de este decreto contin\u00faen en su encargo hasta que sea designado quien deba suplirlos.<\/p>\n","protected":false},"excerpt":{"rendered":"<p>Los presidentes municipales deber\u00e1n comunicar por escrito, con anticipaci\u00f3n a su salida, a la Legislatura o a la Diputaci\u00f3n Permanente y al Cabildo, los prop\u00f3sitos y objetivos de los viajes al extranjero e informar de las acciones realizadas dentro de los diez d\u00edas siguientes a su regreso, establece la reforma al art\u00edculo 128 de la Constituci\u00f3n Pol\u00edtica estatal y 48 de la Ley Org\u00e1nica Municipal, aprobada por la LVIII Legislatura, a propuesta del diputado Lorenzo Roberto Gusm\u00e1n Rodr\u00edguez (Nueva Alianza).<\/p>\n","protected":false},"author":3,"featured_media":230328,"comment_status":"open","ping_status":"open","sticky":false,"template":"","format":"standard","meta":{"_monsterinsights_skip_tracking":false,"_monsterinsights_sitenote_active":false,"_monsterinsights_sitenote_note":"","_monsterinsights_sitenote_category":0,"footnotes":""},"categories":[5],"tags":[1411,43675,36734,452],"class_list":["post-230259","post","type-post","status-publish","format-standard","has-post-thumbnail","hentry","category-estado-de-mexico","tag-alcaldes","tag-estado-de-mexico","tag-extranjero","tag-toluca"],"_links":{"self":[{"href":"https:\/\/www.diarioimagen.net\/index.php?rest_route=\/wp\/v2\/posts\/230259","targetHints":{"allow":["GET"]}}],"collection":[{"href":"https:\/\/www.diarioimagen.net\/index.php?rest_route=\/wp\/v2\/posts"}],"about":[{"href":"https:\/\/www.diarioimagen.net\/index.php?rest_route=\/wp\/v2\/types\/post"}],"author":[{"embeddable":true,"href":"https:\/\/www.diarioimagen.net\/index.php?rest_route=\/wp\/v2\/users\/3"}],"replies":[{"embeddable":true,"href":"https:\/\/www.diarioimagen.net\/index.php?rest_route=%2Fwp%2Fv2%2Fcomments&post=230259"}],"version-history":[{"count":0,"href":"https:\/\/www.diarioimagen.net\/index.php?rest_route=\/wp\/v2\/posts\/230259\/revisions"}],"wp:featuredmedia":[{"embeddable":true,"href":"https:\/\/www.diarioimagen.net\/index.php?rest_route=\/wp\/v2\/media\/230328"}],"wp:attachment":[{"href":"https:\/\/www.diarioimagen.net\/index.php?rest_route=%2Fwp%2Fv2%2Fmedia&parent=230259"}],"wp:term":[{"taxonomy":"category","embeddable":true,"href":"https:\/\/www.diarioimagen.net\/index.php?rest_route=%2Fwp%2Fv2%2Fcategories&post=230259"},{"taxonomy":"post_tag","embeddable":true,"href":"https:\/\/www.diarioimagen.net\/index.php?rest_route=%2Fwp%2Fv2%2Ftags&post=230259"}],"curies":[{"name":"wp","href":"https:\/\/api.w.org\/{rel}","templated":true}]}}