{"id":230296,"date":"2015-08-14T00:09:28","date_gmt":"2015-08-14T05:09:28","guid":{"rendered":"http:\/\/www.diarioimagen.net\/?p=230296"},"modified":"2015-08-17T03:43:02","modified_gmt":"2015-08-17T08:43:02","slug":"beltrones-el-ascenso","status":"publish","type":"post","link":"https:\/\/www.diarioimagen.net\/?p=230296","title":{"rendered":"Beltrones, el ascenso"},"content":{"rendered":"<h2>Tras la puerta del poder<\/h2>\n<h5>Roberto Vizca\u00edno<\/h5>\n<p>&nbsp;<\/p>\n<ul>\n<li><strong><em>La licencia de Manlio pone fin a una carrera de 12 a\u00f1os continuos en el Legislativo<\/em><\/strong><\/li>\n<li><strong><em>Emilio y el sonorense integraron uno de los modelos de negociaci\u00f3n m\u00e1s efectivos<\/em><\/strong><\/li>\n<li><strong><em>En los hechos no existen otros pol\u00edticos que hayan durado tanto tiempo en el poder\u00a0<\/em><\/strong><\/li>\n<\/ul>\n<div id=\"attachment_230352\" style=\"width: 250px\" class=\"wp-caption alignleft\"><a href=\"http:\/\/www.diarioimagen.net\/?attachment_id=230352\" rel=\"attachment wp-att-230352\"><img loading=\"lazy\" decoding=\"async\" aria-describedby=\"caption-attachment-230352\" class=\"size-medium wp-image-230352\" src=\"http:\/\/www.diarioimagen.net\/wp-content\/uploads\/2015\/08\/navarroto-RAMON-2676-240x156.jpg\" alt=\"Navarroto... | Ram\u00f3n\" width=\"240\" height=\"156\" srcset=\"https:\/\/www.diarioimagen.net\/wp-content\/uploads\/2015\/08\/navarroto-RAMON-2676-240x156.jpg 240w, https:\/\/www.diarioimagen.net\/wp-content\/uploads\/2015\/08\/navarroto-RAMON-2676-420x272.jpg 420w, https:\/\/www.diarioimagen.net\/wp-content\/uploads\/2015\/08\/navarroto-RAMON-2676.jpg 1200w\" sizes=\"auto, (max-width: 240px) 100vw, 240px\" \/><\/a><p id=\"caption-attachment-230352\" class=\"wp-caption-text\">Navarroto&#8230; | Ram\u00f3n<\/p><\/div>\n<p>Hoy terminan 15 a\u00f1os de cogobierno del PRI desde el Congreso. Con su petici\u00f3n de licencia a la C\u00e1mara de Diputados, <strong>Manlio Fabio Beltrones<\/strong> concluye con una carrera de 12 a\u00f1os continuos de uno de los m\u00e1s sobresalientes liderazgos dentro del Congreso mexicano.<\/p>\n<p>Con ello se queda solo <strong>Emilio Gamboa<\/strong> en el Senado. El yucateco ya no tendr\u00e1 la interlocuci\u00f3n y mancuerna de negociaci\u00f3n pol\u00edtica que le representaba Manlio.<\/p>\n<p>Pero nada qu\u00e9 lamentar. Todo esto representa el fin de la incertidumbre vivida por ambos debido a que no hab\u00eda definici\u00f3n del futuro del sonorense.<\/p>\n<p>A partir del viernes 21 de este agosto, Beltrones despachar\u00e1 desde la silla principal del PRI. Su tarea tendr\u00e1 que ver con los trabajos del Congreso, pero adem\u00e1s con otros muchos temas en el pa\u00eds.<\/p>\n<p>Este final, corta una de las m\u00e1s exitosas coordinaciones de 2 l\u00edderes parlamentarios en el Poder Legislativo.<\/p>\n<p>Su salida alterar\u00e1 inevitablemente el equilibrio del poder de Emilio Gamboa dentro del Senado de la Rep\u00fablica.<\/p>\n<p>Obligar\u00e1 sin duda a modificar el predominio, estilo de negociaci\u00f3n y de alcance de acuerdos del PRI en el Congreso.<\/p>\n<p>Eso, porque ambos -Emilio y Beltrones-, no s\u00f3lo lograron ejercer uno de los modelos de coordinaci\u00f3n m\u00e1s efectivos dentro del legislativo, sino que indujeron durante los \u00faltimos 12 a\u00f1os un <em>cogobierno de hecho<\/em> desde sus respectivas posiciones en el Senado y la C\u00e1mara de Diputados.<\/p>\n<p>Su peso pol\u00edtico y acciones \u2014con una operaci\u00f3n que muchas veces trascendi\u00f3 al Congreso, y lleg\u00f3 a niveles y sectores insospechados-, las convirti\u00f3 en m\u00e1s que un contrapeso pri\u00edsta dentro de los reg\u00edmenes de los panistas Vicente Fox y Felipe Calder\u00f3n.<\/p>\n<p>Beltrones lleg\u00f3 a ser \u2014entre 2006 y 2012-, uno de los pocos factores de la estabilidad y viabilidad del sistema pol\u00edtico.<\/p>\n<p>Con el triunfo de Enrique Pe\u00f1a Nieto -que marc\u00f3 el regreso del PRI a Los Pinos-, Gamboa y Manlio se convirtieron durante los \u00faltimos dos a\u00f1os y medio, en los elementos determinantes de la negociaci\u00f3n y aprobaci\u00f3n del paquete de reformas constitucionales m\u00e1s trascendente y profundo en la historia del pa\u00eds.<\/p>\n<p>Sin ellos dif\u00edcilmente se hubiera remodelado ni modernizado al Estado mexicano.<\/p>\n<p>As\u00ed, el t\u00e9rmino de la LXII Legislatura, no s\u00f3lo define el fin de la carrera parlamentaria de Beltrones, sino de la primera etapa del gobierno de Pe\u00f1a Nieto.<\/p>\n<p style=\"text-align: center;\"><strong>EL FUTURO<\/strong><\/p>\n<p>A partir de la siguiente semana, Beltrones entrar\u00e1 en una de las posiciones de poder m\u00e1s prometedoras que ha tenido bajo su responsabilidad. \u00c9l sabe que desde ah\u00ed puede construir uno de los episodios m\u00e1s insospechados y sin l\u00edmites que se le hayan otorgado a un pol\u00edtico.<\/p>\n<p>Hasta inicios de la semana anterior, el sonorense transitaba por uno de los episodios m\u00e1s inciertos de su vida pol\u00edtica. Pero aguant\u00f3, tens\u00f3 sus posibilidades y el martes 4 \u2014seg\u00fan confirman todas las cr\u00f3nicas-, luego de un encuentro y conversaci\u00f3n privada con el presidente Enrique Pe\u00f1a Nieto, sali\u00f3 de Los Pinos con la aprobaci\u00f3n para ser el siguiente dirigente nacional del PRI, su m\u00e1xima aspiraci\u00f3n en estos momentos.<\/p>\n<p>Convertido en el \u00fanico contendiente real, discordante de Pe\u00f1a Nieto, su futuro no ten\u00eda muchas perspectivas. \u00c9l mismo hab\u00eda dejado en claro que o era presidente del PRI, o prefer\u00eda irse a su casa a cuidar de sus nietas.<\/p>\n<p>Hoy, Beltrones ya no sufre la incertidumbre. Pronto ser\u00e1 l\u00edder nacional del tricolor y sus perspectivas son simplemente inmejorables.<\/p>\n<p style=\"text-align: center;\"><strong>GAMBOA Y MANLIO<\/strong><\/p>\n<p>Manlio y Emilio son la encarnaci\u00f3n del tr\u00e1nsito del viejo al nuevo r\u00e9gimen. Surgidos y formados en el sistema de partido \u00fanico -donde el voto efectivo era un elemento ret\u00f3rico y el reparto del poder se ejerc\u00eda desde Los Pinos-, ambos han actuado durante estos a\u00f1os desde el Congreso como guardianes de la naciente democracia mexicana.<\/p>\n<p>En M\u00e9xico no existen hoy otros como Beltrones y Gamboa. En ning\u00fan partido. Nadie tiene tanta permanencia en el primer nivel del poder y la pol\u00edtica como ellos. Ning\u00fan otro con tal influencia dentro y fuera del Congreso mexicano.<\/p>\n<p>Ambos han dominado indistintamente el Senado de la Rep\u00fablica y la C\u00e1mara de Diputados desde el 2000 a la fecha. Juntos han representado uno de los enclaves m\u00e1s importantes dentro \u201c<em>del sistema<\/em>\u201d.<\/p>\n<p>En este lapso, el de la alternancia en la Presidencia de la Rep\u00fablica, en que casi desaparece el PRI y el de las m\u00e1s profundas y trascendentes reformas estructurales que han remodelado al Estado mexicano, ellos tambi\u00e9n se han innovado.<\/p>\n<p>Por sobre su edad \u2014Gamboa con 64 y Beltrones con 62-, conservan figura esbelta, imagen limpia y pulcra, sin excesos de ning\u00fan tipo \u2014pocos saben d\u00f3nde viven; no acuden a reventones partidarios o de grupo ni reportan viajes en helic\u00f3pteros o jets de lujo, o apartan secciones exclusivas en primera clase-, y a pesar de que terceros les manejan Facebook y Twitter parecen entender lo que representa hoy la penetraci\u00f3n de las redes sociales, y se mantienen a salvo de ellas.<\/p>\n<p>Nacidos los dos en agosto \u2014Gamboa en el DF el d\u00eda 23 de agosto de 1950, licenciado en Relaciones Industriales por la Ibero, y Manlio en Villa Ju\u00e1rez, Sonora el 30 de agosto de 1952, Economista por la UNAM-, han corrido casi en paralelo durante los \u00faltimos 35 a\u00f1os hacia la c\u00faspide del poder.<\/p>\n<p>Hasta el 2000 cada uno lo hizo por su propia v\u00eda.<\/p>\n<p>Ese a\u00f1o lleg\u00f3 Gamboa al Senado. Tres a\u00f1os despu\u00e9s lo hizo Beltrones a la C\u00e1mara de Diputados. Desde entonces ambos han pasado de una a otra c\u00e1mara. Desde el 2006 tienen las coordinaciones de sus grupos, es decir, controlan pr\u00e1cticamente al Congreso.<\/p>\n<p>Las circunstancias y la cantidad de legisladores bajo sus coordinaciones han sido dos elementos esenciales en el ejercicio de su poder. Pero esos dos elementos fundamentales no servir\u00edan de nada\u00a0 sin la inteligencia y experiencia pol\u00edticas de estos dos personajes.<\/p>\n<p>Hoy Gamboa tiene el control de 52 senadores de entre 128 que forman el total en el Senado.<\/p>\n<p>Beltrones por su parte lo hizo con 212 diputados de los 500 que integran el pleno de San L\u00e1zaro.<\/p>\n<p>Con esas bancadas ellos no pueden sacar adelante una votaci\u00f3n por s\u00ed mismos, siempre tienen que acudir a una negociaci\u00f3n y a compromisos con los coordinadores y l\u00edderes partidarios de las otras 6 fuerzas representadas en esa c\u00e1mara. Pero el peso y n\u00famero de sus bancadas determinan que sin ellos los otros partidos no puedan aprobar nada.<\/p>\n<p>As\u00ed toda negociaci\u00f3n real dentro del Senado y la C\u00e1mara de Diputados pas\u00f3 por su decisi\u00f3n.<\/p>\n<p>Esto a su vez determin\u00f3 su nivel y la calidad de su interlocuci\u00f3n. Con ambos negoci\u00f3 y acord\u00f3 personal y directamente desde el presidente Enrique Pe\u00f1a Nieto hasta los secretarios de Estado, directores de paraestatales, gobernadores, alcaldes; l\u00edderes partidarios, empresariales, industriales, financieros, sociales o sindicales; embajadores de M\u00e9xico en el exterior y del exterior en M\u00e9xico; con todos quienes ellos determinaron que deb\u00edan hacerlo.<\/p>\n<p>Una de sus virtudes es que, pese a todo esto, no utilizaron su poder para someter o denigrar a terceros.<\/p>\n<p>Beltrones y Gamboa son de trato suave, terso pero decisivo. Un estilo que no ejercen otros.<\/p>\n<p>Con ellos nunca hubo o hay tampoco documentos o videos comprometedores. Todo opera con base en el cumplimiento de \u201cla palabra\u201d. En el poder y la pol\u00edtica Beltrones y Emilio son reconocidos y ampliamente apreciados justamente por eso: ellos <em>si cumplen<\/em>, afirman sus interlocutores, y los miembros de sus grupos pol\u00edticos.<\/p>\n<p>Desde esta posici\u00f3n Emilio y Manlio impulsaron y colocan adem\u00e1s candidatos a gobernadores, embajadores y otros muchos cargos y posiciones con lo que han creado cada uno sus propias redes de influencia en \u00e1reas y niveles insospechados.<\/p>\n<p>Unidos por la sobrevivencia transicional, Gamboa y Beltrones han fortalecido sus enclaves de poder dentro del Senado y la C\u00e1mara de Diputados cuid\u00e1ndose, protegi\u00e9ndose uno al otro.<\/p>\n<p>Hoy ese enclave est\u00e1 a punto de cambiar con Beltrones en la c\u00faspide del PRI y Gamboa con su permanencia en el Senado.<\/p>\n<p><em><a href=\"mailto:rvizcainoa@gmail.com\" target=\"_blank\">rvizcainoa@gmail.com<\/a><\/em><\/p>\n","protected":false},"excerpt":{"rendered":"<p><span style=\"color: #005497;\"><strong>Roberto Vizca\u00edno<\/strong><\/span><br \/>\n<br \/>\nHoy terminan 15 a\u00f1os de cogobierno del PRI desde el Congreso. Con su petici\u00f3n de licencia a la C\u00e1mara de Diputados, <strong>Manlio Fabio Beltrones<\/strong> concluye con una carrera de 12 a\u00f1os continuos de uno de los m\u00e1s sobresalientes liderazgos dentro del Congreso mexicano.<\/p>\n","protected":false},"author":3,"featured_media":230352,"comment_status":"open","ping_status":"open","sticky":false,"template":"","format":"standard","meta":{"_monsterinsights_skip_tracking":false,"_monsterinsights_sitenote_active":false,"_monsterinsights_sitenote_note":"","_monsterinsights_sitenote_category":0,"footnotes":""},"categories":[136],"tags":[43674,93,94],"class_list":["post-230296","post","type-post","status-publish","format-standard","has-post-thumbnail","hentry","category-roberto-vizcaino-opinion","tag-opinion","tag-roberto-vizcaino","tag-tras-la-puerta-del-poder"],"_links":{"self":[{"href":"https:\/\/www.diarioimagen.net\/index.php?rest_route=\/wp\/v2\/posts\/230296","targetHints":{"allow":["GET"]}}],"collection":[{"href":"https:\/\/www.diarioimagen.net\/index.php?rest_route=\/wp\/v2\/posts"}],"about":[{"href":"https:\/\/www.diarioimagen.net\/index.php?rest_route=\/wp\/v2\/types\/post"}],"author":[{"embeddable":true,"href":"https:\/\/www.diarioimagen.net\/index.php?rest_route=\/wp\/v2\/users\/3"}],"replies":[{"embeddable":true,"href":"https:\/\/www.diarioimagen.net\/index.php?rest_route=%2Fwp%2Fv2%2Fcomments&post=230296"}],"version-history":[{"count":0,"href":"https:\/\/www.diarioimagen.net\/index.php?rest_route=\/wp\/v2\/posts\/230296\/revisions"}],"wp:featuredmedia":[{"embeddable":true,"href":"https:\/\/www.diarioimagen.net\/index.php?rest_route=\/wp\/v2\/media\/230352"}],"wp:attachment":[{"href":"https:\/\/www.diarioimagen.net\/index.php?rest_route=%2Fwp%2Fv2%2Fmedia&parent=230296"}],"wp:term":[{"taxonomy":"category","embeddable":true,"href":"https:\/\/www.diarioimagen.net\/index.php?rest_route=%2Fwp%2Fv2%2Fcategories&post=230296"},{"taxonomy":"post_tag","embeddable":true,"href":"https:\/\/www.diarioimagen.net\/index.php?rest_route=%2Fwp%2Fv2%2Ftags&post=230296"}],"curies":[{"name":"wp","href":"https:\/\/api.w.org\/{rel}","templated":true}]}}