{"id":230872,"date":"2015-08-19T00:09:13","date_gmt":"2015-08-19T05:09:13","guid":{"rendered":"http:\/\/www.diarioimagen.net\/?p=230872"},"modified":"2015-08-19T06:23:30","modified_gmt":"2015-08-19T11:23:30","slug":"suman-35-mil-escuelas-rehabilitadas-en-3-anos","status":"publish","type":"post","link":"https:\/\/www.diarioimagen.net\/?p=230872","title":{"rendered":"Suman 35 mil escuelas rehabilitadas en 3 a\u00f1os"},"content":{"rendered":"<ul>\n<li><strong><em>Recursos por 15 mil mdp<\/em><\/strong><\/li>\n<\/ul>\n<div id=\"attachment_230969\" style=\"width: 250px\" class=\"wp-caption alignleft\"><a href=\"http:\/\/www.diarioimagen.net\/?attachment_id=230969\" rel=\"attachment wp-att-230969\"><img loading=\"lazy\" decoding=\"async\" aria-describedby=\"caption-attachment-230969\" class=\"size-medium wp-image-230969\" src=\"http:\/\/www.diarioimagen.net\/wp-content\/uploads\/2015\/08\/ESCUELAS-2679-240x135.jpg\" alt=\"Las entidades con m\u00e1s escuelas rehabilitadas son Veracruz, Oaxaca, Chiapas, Estado de M\u00e9xico y Michoac\u00e1n.\" width=\"240\" height=\"135\" srcset=\"https:\/\/www.diarioimagen.net\/wp-content\/uploads\/2015\/08\/ESCUELAS-2679-240x135.jpg 240w, https:\/\/www.diarioimagen.net\/wp-content\/uploads\/2015\/08\/ESCUELAS-2679-420x236.jpg 420w, https:\/\/www.diarioimagen.net\/wp-content\/uploads\/2015\/08\/ESCUELAS-2679-235x132.jpg 235w, https:\/\/www.diarioimagen.net\/wp-content\/uploads\/2015\/08\/ESCUELAS-2679-202x114.jpg 202w, https:\/\/www.diarioimagen.net\/wp-content\/uploads\/2015\/08\/ESCUELAS-2679-350x196.jpg 350w, https:\/\/www.diarioimagen.net\/wp-content\/uploads\/2015\/08\/ESCUELAS-2679-220x123.jpg 220w, https:\/\/www.diarioimagen.net\/wp-content\/uploads\/2015\/08\/ESCUELAS-2679-237x132.jpg 237w, https:\/\/www.diarioimagen.net\/wp-content\/uploads\/2015\/08\/ESCUELAS-2679.jpg 480w\" sizes=\"auto, (max-width: 240px) 100vw, 240px\" \/><\/a><p id=\"caption-attachment-230969\" class=\"wp-caption-text\">Las entidades con m\u00e1s escuelas rehabilitadas son Veracruz, Oaxaca, Chiapas, Estado de M\u00e9xico y Michoac\u00e1n.<\/p><\/div>\n<p>En lo que va de la administraci\u00f3n se han rehabilitado 35 mil escuelas, con 15 mil millones de pesos, a trav\u00e9s de los programas \u201cEscuela Digna\u201d y \u201cReforma Educativa\u201d, inform\u00f3 el director general del Instituto Nacional de la Infraestructura F\u00edsica Educativa (Inifed), Miguel \u00c1ngel Vega Vargas.<\/p>\n<p>El funcionario federal se\u00f1al\u00f3 que las entidades con mayores necesidades en cuanto a infraestructura son, precisamente, las que m\u00e1s escuelas tienen: Veracruz, Oaxaca, Chiapas, el Estado de M\u00e9xico y Michoac\u00e1n.<\/p>\n<p>Anunci\u00f3 tambi\u00e9n, que ser\u00e1 a finales de a\u00f1o cuando se cuente con el diagn\u00f3stico t\u00e9cnico de todos los planteles p\u00fablicos de nivel b\u00e1sico, mismos que ascienden a m\u00e1s de 152 mil.<\/p>\n<p>Asegur\u00f3 que en los dos a\u00f1os anteriores se han realizado 74 mil diagn\u00f3sticos, cuya informaci\u00f3n ha sido fundamental para la planeaci\u00f3n de los Programas de Escuelas Dignas y de la Reforma Educativa, y este a\u00f1o estar\u00e1n listos los 78 mil restantes.<\/p>\n<p>Entre las acciones que arrancar\u00e1n este a\u00f1o, est\u00e1 el programa de bebederos, con 11 mil escuelas; mientras que para septiembre iniciar\u00e1 la licitaci\u00f3n p\u00fablica para que en el ciclo escolar 2015-2016 esten instalados todos.<\/p>\n<p>En cuanto al presupuesto 2016, Vega Vargas inform\u00f3 que ya se hizo la presentaci\u00f3n, aunque desconoce cu\u00e1ndo ser\u00e1 aprobado.<\/p>\n<p>\u201cPero el monto que hemos establecido es similar al que estamos manejando este a\u00f1o, m\u00e1s de 3 mil millones de pesos en el caso del Programa de Escuelas Dignas, una cantidad similar de mil 300 en el caso de bebederos tambi\u00e9n, que forma parte de este mismo programa\u201d.<\/p>\n<p>Record\u00f3 que existen otros programas similares a \u00e9ste, como el de la reforma educativa, donde se hace entrega del recurso a los padres de familia y directivos para que ellos tambi\u00e9n contin\u00faen llevando a cabo cosas sencillas.<\/p>\n<p>Respecto a las escuelas sin luz, dijo que el porcentaje es bajo ya que m\u00e1s de 90 por ciento cuenta con este servicio. Son entre 3 y 4 mil las escuelas que carecen de \u00e9l, Destac\u00f3 que existen un 20 por ciento de escuelas que no cuentan con agua potable.<\/p>\n<p>Ante ello, abund\u00f3 que recientemente se reunieron con la Comisi\u00f3n Federal de Electricidad para crear un programa espec\u00edfico que permita cumplir la meta de 100 por ciento, e incluso se piensa en buscar sistemas alternativos, como fotoceldas.<\/p>\n<p style=\"text-align: center;\"><strong>Garantizan suministro de luz para escuelas de Oaxaca <\/strong><\/p>\n<p>Con el prop\u00f3sito de que todas las escuelas del estado cuenten con el suministro de energ\u00eda el\u00e9ctrica, el gobierno de la entidad, la Comisi\u00f3n Federal de Electricidad (CFE) y el Instituto Estatal de Educaci\u00f3n P\u00fablica de Oaxaca (IEEPO) firmaron un convenio.<\/p>\n<p>El acuerdo se firm\u00f3, en el marco del evento \u201cFortalecimiento de los Servicios Educativos CFE-IEEPO\u201d, realizado en esta ciudad, con la presencia del gobernador Gabino Cu\u00e9 y el director general de la CFE, Enrique Ochoa Reza.<\/p>\n<p>&nbsp;<\/p>\n","protected":false},"excerpt":{"rendered":"<p>En lo que va de la administraci\u00f3n se han rehabilitado 35 mil escuelas, con 15 mil millones de pesos, a trav\u00e9s de los programas \u201cEscuela Digna\u201d y \u201cReforma Educativa\u201d, inform\u00f3 el director general del Instituto Nacional de la Infraestructura F\u00edsica Educativa (Inifed), Miguel \u00c1ngel Vega Vargas.<\/p>\n","protected":false},"author":3,"featured_media":230969,"comment_status":"open","ping_status":"open","sticky":false,"template":"","format":"standard","meta":{"_monsterinsights_skip_tracking":false,"_monsterinsights_sitenote_active":false,"_monsterinsights_sitenote_note":"","_monsterinsights_sitenote_category":0,"footnotes":""},"categories":[3],"tags":[139,207,42786,491,25687,8519],"class_list":["post-230872","post","type-post","status-publish","format-standard","has-post-thumbnail","hentry","category-nacional","tag-cfe","tag-escuelas","tag-ieepo","tag-oaxaca","tag-reforma-educativa","tag-rehabilitacion"],"_links":{"self":[{"href":"https:\/\/www.diarioimagen.net\/index.php?rest_route=\/wp\/v2\/posts\/230872","targetHints":{"allow":["GET"]}}],"collection":[{"href":"https:\/\/www.diarioimagen.net\/index.php?rest_route=\/wp\/v2\/posts"}],"about":[{"href":"https:\/\/www.diarioimagen.net\/index.php?rest_route=\/wp\/v2\/types\/post"}],"author":[{"embeddable":true,"href":"https:\/\/www.diarioimagen.net\/index.php?rest_route=\/wp\/v2\/users\/3"}],"replies":[{"embeddable":true,"href":"https:\/\/www.diarioimagen.net\/index.php?rest_route=%2Fwp%2Fv2%2Fcomments&post=230872"}],"version-history":[{"count":0,"href":"https:\/\/www.diarioimagen.net\/index.php?rest_route=\/wp\/v2\/posts\/230872\/revisions"}],"wp:featuredmedia":[{"embeddable":true,"href":"https:\/\/www.diarioimagen.net\/index.php?rest_route=\/wp\/v2\/media\/230969"}],"wp:attachment":[{"href":"https:\/\/www.diarioimagen.net\/index.php?rest_route=%2Fwp%2Fv2%2Fmedia&parent=230872"}],"wp:term":[{"taxonomy":"category","embeddable":true,"href":"https:\/\/www.diarioimagen.net\/index.php?rest_route=%2Fwp%2Fv2%2Fcategories&post=230872"},{"taxonomy":"post_tag","embeddable":true,"href":"https:\/\/www.diarioimagen.net\/index.php?rest_route=%2Fwp%2Fv2%2Ftags&post=230872"}],"curies":[{"name":"wp","href":"https:\/\/api.w.org\/{rel}","templated":true}]}}