{"id":231695,"date":"2015-08-25T00:09:07","date_gmt":"2015-08-25T05:09:07","guid":{"rendered":"http:\/\/www.diarioimagen.net\/?p=231695"},"modified":"2015-08-25T06:20:07","modified_gmt":"2015-08-25T11:20:07","slug":"el-ine-paso-la-prueba-cordova","status":"publish","type":"post","link":"https:\/\/www.diarioimagen.net\/?p=231695","title":{"rendered":"El INE pas\u00f3 la prueba: C\u00f3rdova"},"content":{"rendered":"<h2>Tras la puerta del poder<\/h2>\n<h5>Roberto Vizca\u00edno<\/h5>\n<p>&nbsp;<\/p>\n<ul>\n<li><em>El examen para el INE incluy\u00f3 amenazas de boicot y agresiones a instalaciones estatales<\/em><\/li>\n<li><em>Al final, dijo, hubo elecciones en todo el pa\u00eds y la renovaci\u00f3n de poderes se realiz\u00f3 en paz<\/em><\/li>\n<li><em>El uso creciente de materiales flamables, as\u00ed como instalaciones el\u00e9ctricas deficientes provocan incendios<\/em><\/li>\n<\/ul>\n<div id=\"attachment_231783\" style=\"width: 250px\" class=\"wp-caption alignleft\"><a href=\"http:\/\/www.diarioimagen.net\/?attachment_id=231783\" rel=\"attachment wp-att-231783\"><img loading=\"lazy\" decoding=\"async\" aria-describedby=\"caption-attachment-231783\" class=\"size-medium wp-image-231783\" src=\"http:\/\/www.diarioimagen.net\/wp-content\/uploads\/2015\/08\/fidel-89-RAMON-2683-240x160.jpg\" alt=\"Fidel 89... | Ram\u00f3n\" width=\"240\" height=\"160\" srcset=\"https:\/\/www.diarioimagen.net\/wp-content\/uploads\/2015\/08\/fidel-89-RAMON-2683-240x160.jpg 240w, https:\/\/www.diarioimagen.net\/wp-content\/uploads\/2015\/08\/fidel-89-RAMON-2683-420x280.jpg 420w, https:\/\/www.diarioimagen.net\/wp-content\/uploads\/2015\/08\/fidel-89-RAMON-2683.jpg 1200w\" sizes=\"auto, (max-width: 240px) 100vw, 240px\" \/><\/a><p id=\"caption-attachment-231783\" class=\"wp-caption-text\">Fidel 89&#8230; | Ram\u00f3n<\/p><\/div>\n<p>Con la asignaci\u00f3n final de las 200 diputaciones plurinominales, el Consejo General del INE declar\u00f3 el domingo concluido el proceso electoral 2014-2015.<\/p>\n<p>E inmediatamente ayer inici\u00f3 los preparativos del proceso electoral 2015-2016 que incluyen 13 comicios, 12 de los cuales ser\u00e1n para elegir nuevos gobernadores.<\/p>\n<p>En los hechos el domingo el INE pas\u00f3 la prueba de su primer proceso.<\/p>\n<p>Al reconocerlo, el presidente del INE, Lorenzo C\u00f3rdova, se dijo satisfecho del primer balance porque \u201chubo elecciones a pesar de la complejidad del contexto, de la complejidad organizativa, de la complejidad de la normatividad derivada de la reforma\u201d.<\/p>\n<p>Dijo que pese a las amenazas vertidas en varias entidades y de los intentos por sabotear los comicios en otras, finalmente \u201chubo elecciones en todo el pa\u00eds, y sirvieron para procesar una vez m\u00e1s, en paz, las diferencias, y para recrear el intenso pluralismo pol\u00edtico\u201d, existente en M\u00e9xico.<\/p>\n<p>Y agreg\u00f3:<\/p>\n<p>\u201cCon la asignaci\u00f3n de diputados de representaci\u00f3n proporcional, se constat\u00f3, una vez m\u00e1s, c\u00f3mo se han instalado entre nosotros, como parte de nuestra normalidad democr\u00e1tica, fen\u00f3menos t\u00edpicamente democr\u00e1ticos, t\u00edpicos de las democracias en el mundo, como la alternancia, la falta de mayor\u00edas, los gobiernos divididos, la alta competencia electoral.<\/p>\n<p>\u201cAhora se impone mirar hacia adelante, con el aprendizaje que se derivar\u00e1 de este corte de caja\u2026\u201d<\/p>\n<p>C\u00f3rdova Vianello hizo su balance al firmar ayer un nuevo acuerdo entre el INE y la ANUIES que aglutina a las universidades p\u00fablicas de M\u00e9xico.<\/p>\n<p>Como pocas veces, agreg\u00f3, el proceso electoral fue un recept\u00e1culo de los problemas, de las graves problem\u00e1ticas que aquejan a la sociedad mexicana.<\/p>\n<p>\u201cLas elecciones fueron, no s\u00f3lo un espacio en donde las diferencias pol\u00edticas se expresaron y se procesaron de manera pac\u00edfica, sino tambi\u00e9n un espacio en donde los muchos problemas que aquejan a la sociedad mexicana afloraron y se expresaron, en ocasiones incluso, recurriendo a la v\u00eda de amenazar la realizaci\u00f3n de las elecciones.<\/p>\n<p>\u201cPor eso, me parece que es indispensable impulsar decididamente la construcci\u00f3n ciudadan\u00eda, empoderar a los ciudadanos para que a trav\u00e9s de su involucramiento en las decisiones que les afectan, contribuyan a crear los contextos de exigencia que nos lleven a eliminar los problemas estructurales de desigualdad, injusticia y pobreza que aquejan a la sociedad\u201d, precis\u00f3.<\/p>\n<p>Consider\u00f3 que las elecciones se han convertido en un poderoso est\u00edmulo intermitente, peri\u00f3dico para que los ciudadanos participen en la vida p\u00fablica.<\/p>\n<p>\u201cPero para que esa movilizaci\u00f3n y sensibilizaci\u00f3n peri\u00f3dica se interiorice y se convierta en una pr\u00e1ctica cotidiana, necesitamos de una pol\u00edtica de Estado como dec\u00eda en materia de Educaci\u00f3n C\u00edvica; eso significa tener objetivos compartidos, transversales y permanentes\u201d, entre el INE y las Universidades.<\/p>\n<p>El INE es hoy, explic\u00f3, una instituci\u00f3n con responsabilidades nacionales que trascienden las elecciones federales, que afectan los comicios locales y que deben incidir en el desarrollo de una nueva cultura pol\u00edtica de todos, partidos, candidatos, electores y ciudadanos.<\/p>\n<p>\u201cClaramente en las m\u00e1s de dos d\u00e9cadas de cambio pol\u00edtico, la sociedad mexicana ha asumido en general el poder del voto y la importancia de las elecciones, la pasada elecci\u00f3n federal refrenda el hecho, la cantidad de alternancias a nivel local, a nivel federal, hablan precisamente del empoderamiento de los ciudadanos o del voto de los ciudadanos a trav\u00e9s de su voto.<\/p>\n<p>\u201cAhora necesitamos fortalecer el desarrollo de una ciudadan\u00eda integral e impulsar que desde nuestros espacios personales e institucionales, todos asumamos la parte que nos corresponde en el concierto colectivo que significa la construcci\u00f3n y la recreaci\u00f3n de la vida democr\u00e1tica de M\u00e9xico.<\/p>\n<p>\u201cEstoy convencido que elevar la calidad de la ciudadan\u00eda contribuir\u00e1 al fortalecimiento del mandato constitucional del INE, de estandarizar las condiciones de la competencia en todos los \u00e1mbitos electorales del pa\u00eds, y a los prop\u00f3sitos de desarrollo educativo de la ANUIES\u201d, precis\u00f3.<\/p>\n<p><strong>NUMERALIA DEMOCR\u00c1TICA<\/strong><\/p>\n<p>En el centro del proceso formalmente concluido est\u00e1n los n\u00fameros finales de la elecci\u00f3n.<\/p>\n<p>Y, luego de procesar conflictos y dem\u00e1s inconformidades, el Tribunal Electoral del Poder Judicial de la Federaci\u00f3n indic\u00f3 que la votaci\u00f3n v\u00e1lida emitida es la cifra que corresponde a la totalidad de los votos, menos los nulos y los marcados a favor de candidatos no registrados.<\/p>\n<p>De ah\u00ed que, si se resta 1 mill\u00f3n 900 mil 449 votos nulos y 52 mil 361 votos para candidatos no registrados deja una votaci\u00f3n v\u00e1lida emitida de 37 millones 911 mil 262 sufragios.<\/p>\n<p>Esta es la cifra final v\u00e1lida.<\/p>\n<p>Una vez hecho el desglose, los resultados por cada partido son:<\/p>\n<p>&#8211; El PAN obtuvo 8 millones 377 mil 535 votos, es decir, el 22.09% que le dio 53 diputados pluris.<\/p>\n<p>&#8211; El PRI recibi\u00f3 11 millones 636 mil 957 votos, el 30.69% con lo cual alcanz\u00f3 48 diputados de representaci\u00f3n proporcional.<\/p>\n<p>&#8211; El PRD, pese a sus conflictos, obtuvo 4 millones 335 mil 321 votos, que representan el 11.43% y 27 diputados pluris.<\/p>\n<p>&#8211; El vapuleado pero exitoso PVEM recibi\u00f3 2 millones 757 mil 170 votos, es decir, el 7.27% de los votos que le validaron 18 diputados pluris.<\/p>\n<p>&#8211; El Movimiento Ciudadano de Dante Delgado obtuvo 2 millones 431 mil 63 votos, equivalentes al 6.41% de los votos, con lo cual le asignaron 15 diputados pluris.<\/p>\n<p>&#8211; Nueva Alianza obtuvo a su vez 1 mill\u00f3n 486 mil 626 votos que representan el 3.92% del c\u00f3mputo total, con lo cual accede a 10 diputados pluris.<\/p>\n<p>&#8211; Morena a su vez logr\u00f3 3 millones 345 mil 712 votos, es decir un 8.82% de los sufragios, y con ello 21 diputados pluris.<\/p>\n<p>&#8211; El naciente Partido Encuentro Social recibi\u00f3 1 mill\u00f3n 325 mil 32 votos, el 3.49% con lo cual accede a 8 diputados pluris.<\/p>\n<p>Los candidatos independientes lograron en total 225 mil 29 votos, es decir el 0.59% de la votaci\u00f3n v\u00e1lida emitida.<\/p>\n<p>El Partido del Trabajo obtuvo 1 mill\u00f3n 134 mil 101 votos. Es decir, el 2.99 por ciento de la votaci\u00f3n v\u00e1lida emitida. Y el Partido Humanista obtuvo 856 mil 716 votos. Es decir, el 2.25 por ciento.<\/p>\n<p><strong>DENUNCIA<\/strong><\/p>\n<p>El creciente e indiscriminado uso de nuevos materiales de construcci\u00f3n altamente flamables, junto a la deficiente instalaci\u00f3n de redes el\u00e9ctricas, y el descuido aunado a la falta de prevenci\u00f3n, son la causa de m\u00e1s incendios en el pa\u00eds, advirti\u00f3 Carlos Morett, presidente de la Asociaci\u00f3n Mexicana de Rociadores Autom\u00e1ticos Contra Incendios, la AMRACI.<\/p>\n<p>De acuerdo a informes del Inegi, dijo, en M\u00e9xico los incendios en los hogares provocan cerca de 50 mil v\u00edctimas anuales, adem\u00e1s de p\u00e9rdidas materiales que superan el 0.3 por ciento del PIB, lo que muestra la urgencia de contar con una cultura de prevenci\u00f3n en esta materia.<\/p>\n<p>S\u00f3lo en los \u00faltimos dos meses, se\u00f1al\u00f3, han ocurrido graves incendios en industrias y centros comerciales. Parte de ello fueron los que consumieron instalaciones industriales en Tlalnepantla y Xalostoc, Estado de M\u00e9xico, as\u00ed como en Monterrey, Nuevo Le\u00f3n.<\/p>\n<p>Los peritajes indicaron en todos estos casos que las fallas que provocaron los incendios fueron las deficientes instalaciones el\u00e9ctricas.<\/p>\n<p>No debemos esperan que vuelva a ocurrir otro incendio como el de la Guarder\u00eda ABC o el del asilo de Mexicali, para crear una campa\u00f1a de prevenci\u00f3n precis\u00f3.<\/p>\n<p>Dijo que la Asociaci\u00f3n que preside, junto con Protecci\u00f3n Civil del Distrito Federal, la Asociaci\u00f3n Nacional de Jefes de Bomberos, as\u00ed como la Fundaci\u00f3n Michou y Mau, llevan a cabo la Campa\u00f1a Nacional de Prevenci\u00f3n contra Incendios.<\/p>\n<p><em><a href=\"mailto:rvizcainoa@gmail.com\" target=\"_blank\">rvizcainoa@gmail.com<\/a><\/em><\/p>\n","protected":false},"excerpt":{"rendered":"<p><span style=\"color: #005497;\"><strong>Roberto Vizca\u00edno<\/strong><\/span><br \/>\n<br \/>\nCon la asignaci\u00f3n final de las 200 diputaciones plurinominales, el Consejo General del INE declar\u00f3 el domingo concluido el proceso electoral 2014-2015.<\/p>\n","protected":false},"author":3,"featured_media":231783,"comment_status":"open","ping_status":"open","sticky":false,"template":"","format":"standard","meta":{"_monsterinsights_skip_tracking":false,"_monsterinsights_sitenote_active":false,"_monsterinsights_sitenote_note":"","_monsterinsights_sitenote_category":0,"footnotes":""},"categories":[136],"tags":[43674,93,94],"class_list":["post-231695","post","type-post","status-publish","format-standard","has-post-thumbnail","hentry","category-roberto-vizcaino-opinion","tag-opinion","tag-roberto-vizcaino","tag-tras-la-puerta-del-poder"],"_links":{"self":[{"href":"https:\/\/www.diarioimagen.net\/index.php?rest_route=\/wp\/v2\/posts\/231695","targetHints":{"allow":["GET"]}}],"collection":[{"href":"https:\/\/www.diarioimagen.net\/index.php?rest_route=\/wp\/v2\/posts"}],"about":[{"href":"https:\/\/www.diarioimagen.net\/index.php?rest_route=\/wp\/v2\/types\/post"}],"author":[{"embeddable":true,"href":"https:\/\/www.diarioimagen.net\/index.php?rest_route=\/wp\/v2\/users\/3"}],"replies":[{"embeddable":true,"href":"https:\/\/www.diarioimagen.net\/index.php?rest_route=%2Fwp%2Fv2%2Fcomments&post=231695"}],"version-history":[{"count":0,"href":"https:\/\/www.diarioimagen.net\/index.php?rest_route=\/wp\/v2\/posts\/231695\/revisions"}],"wp:featuredmedia":[{"embeddable":true,"href":"https:\/\/www.diarioimagen.net\/index.php?rest_route=\/wp\/v2\/media\/231783"}],"wp:attachment":[{"href":"https:\/\/www.diarioimagen.net\/index.php?rest_route=%2Fwp%2Fv2%2Fmedia&parent=231695"}],"wp:term":[{"taxonomy":"category","embeddable":true,"href":"https:\/\/www.diarioimagen.net\/index.php?rest_route=%2Fwp%2Fv2%2Fcategories&post=231695"},{"taxonomy":"post_tag","embeddable":true,"href":"https:\/\/www.diarioimagen.net\/index.php?rest_route=%2Fwp%2Fv2%2Ftags&post=231695"}],"curies":[{"name":"wp","href":"https:\/\/api.w.org\/{rel}","templated":true}]}}