{"id":231797,"date":"2015-08-26T00:04:44","date_gmt":"2015-08-26T05:04:44","guid":{"rendered":"http:\/\/www.diarioimagen.net\/?p=231797"},"modified":"2015-08-27T00:04:21","modified_gmt":"2015-08-27T05:04:21","slug":"presupuesto-debe-garantizar-estabilidad-y-mercado-fuerte-coparmex","status":"publish","type":"post","link":"https:\/\/www.diarioimagen.net\/?p=231797","title":{"rendered":"El presupuesto debe garantizar estabilidad, plantea la Coparmex"},"content":{"rendered":"<ul>\n<li><strong><em>Exhorto a nuevos diputados<\/em><\/strong><\/li>\n<\/ul>\n<div id=\"attachment_231798\" style=\"width: 250px\" class=\"wp-caption alignleft\"><a href=\"http:\/\/www.diarioimagen.net\/?attachment_id=231798\" rel=\"attachment wp-att-231798\"><img loading=\"lazy\" decoding=\"async\" aria-describedby=\"caption-attachment-231798\" class=\"wp-image-231798 size-medium\" src=\"http:\/\/www.diarioimagen.net\/wp-content\/uploads\/2015\/08\/PRESUPUESTO-portal-240x140.jpg\" alt=\"El presidente de la Coparmex, Juan Pablo Casta\u00f1\u00f3n, consider\u00f3 necesario recortar el gasto p\u00fablico y bajar la deuda para dar paso a una asignaci\u00f3n m\u00e1s eficiente y m\u00e1s eficaz de los recursos.\" width=\"240\" height=\"140\" srcset=\"https:\/\/www.diarioimagen.net\/wp-content\/uploads\/2015\/08\/PRESUPUESTO-portal-240x140.jpg 240w, https:\/\/www.diarioimagen.net\/wp-content\/uploads\/2015\/08\/PRESUPUESTO-portal-420x245.jpg 420w, https:\/\/www.diarioimagen.net\/wp-content\/uploads\/2015\/08\/PRESUPUESTO-portal.jpg 480w\" sizes=\"auto, (max-width: 240px) 100vw, 240px\" \/><\/a><p id=\"caption-attachment-231798\" class=\"wp-caption-text\">El presidente de la Coparmex, Juan Pablo Casta\u00f1\u00f3n, consider\u00f3 necesario recortar el gasto p\u00fablico y bajar la deuda para dar paso a una asignaci\u00f3n m\u00e1s eficiente y m\u00e1s eficaz de los recursos.<\/p><\/div>\n<p>Privilegiar la estabilidad de las variables macroecon\u00f3micas y el fortalecimiento del mercado interno, pide el sector empresarial a los nuevos legisladores en la aprobaci\u00f3n del presupuesto base cero.<\/p>\n<p>\u201cEn estos momentos debe procurarse incrementar la capacidad de consumo y la calidad de vida de m\u00e1s mexicanos, pues s\u00f3lo as\u00ed podr\u00e1 apuntalarse el crecimiento econ\u00f3mico del pa\u00eds\u201d, puntualiz\u00f3 el presidente de la Confederaci\u00f3n Patronal de la Rep\u00fablica Mexicana (Coparmex), Juan Pablo Casta\u00f1\u00f3n.<\/p>\n<p>Consider\u00f3 necesario recortar el gasto p\u00fablico y bajar la deuda, controlarla; dejar atr\u00e1s esquemas inerciales para dar paso a una asignaci\u00f3n m\u00e1s eficiente y m\u00e1s eficaz de los recursos.<\/p>\n<p>Se\u00f1al\u00f3 que de tal manera, el Estado tendr\u00eda la capacidad de cumplir con sus funciones esenciales y al mismo tiempo favorecer un desarrollo m\u00e1s equilibrado de las regiones.<\/p>\n<p>Afirm\u00f3 que el presupuesto de egresos federal necesita soportarse en los principios de eficiencia, racionalidad y prioridad, para hacer frente a una compleja realidad en la que se prev\u00e9 menor disponibilidad de recursos, a causa de la baja de los precios del petr\u00f3leo y su producci\u00f3n en M\u00e9xico.<\/p>\n<p>\u201cSe requiere un verdadero compromiso para realizar una profunda reingenier\u00eda de los programas presupuestales, eliminar duplicidades y asegurar mayor eficiencia en el uso de los recursos, para profundizar en la aplicaci\u00f3n de los mismos, y disminuir la administraci\u00f3n de los recursos, propuestas hist\u00f3ricas de la Coparmex\u201d, subray\u00f3.<\/p>\n<p>Juan Pablo Casta\u00f1\u00f3n refiri\u00f3 que el pa\u00eds tambi\u00e9n necesita la construcci\u00f3n de acuerdos en materia de lucha contra la corrupci\u00f3n, tema que, dijo, debe ser otra de las prioridades de la agenda legislativa.<\/p>\n","protected":false},"excerpt":{"rendered":"<p>Privilegiar la estabilidad de las variables macroecon\u00f3micas y el fortalecimiento del mercado interno, pide el sector empresarial a los nuevos legisladores en la aprobaci\u00f3n del presupuesto base cero.<\/p>\n","protected":false},"author":5,"featured_media":231798,"comment_status":"open","ping_status":"open","sticky":false,"template":"","format":"standard","meta":{"_monsterinsights_skip_tracking":false,"_monsterinsights_sitenote_active":false,"_monsterinsights_sitenote_note":"","_monsterinsights_sitenote_category":0,"footnotes":""},"categories":[3],"tags":[3768,308,17565,28280,43673,6053],"class_list":["post-231797","post","type-post","status-publish","format-standard","has-post-thumbnail","hentry","category-nacional","tag-confederacion-patronal-de-la-republica-mexicana","tag-coparmex","tag-estabilidad","tag-juan-pablo-castanon","tag-nacional","tag-presupuesto"],"_links":{"self":[{"href":"https:\/\/www.diarioimagen.net\/index.php?rest_route=\/wp\/v2\/posts\/231797","targetHints":{"allow":["GET"]}}],"collection":[{"href":"https:\/\/www.diarioimagen.net\/index.php?rest_route=\/wp\/v2\/posts"}],"about":[{"href":"https:\/\/www.diarioimagen.net\/index.php?rest_route=\/wp\/v2\/types\/post"}],"author":[{"embeddable":true,"href":"https:\/\/www.diarioimagen.net\/index.php?rest_route=\/wp\/v2\/users\/5"}],"replies":[{"embeddable":true,"href":"https:\/\/www.diarioimagen.net\/index.php?rest_route=%2Fwp%2Fv2%2Fcomments&post=231797"}],"version-history":[{"count":0,"href":"https:\/\/www.diarioimagen.net\/index.php?rest_route=\/wp\/v2\/posts\/231797\/revisions"}],"wp:featuredmedia":[{"embeddable":true,"href":"https:\/\/www.diarioimagen.net\/index.php?rest_route=\/wp\/v2\/media\/231798"}],"wp:attachment":[{"href":"https:\/\/www.diarioimagen.net\/index.php?rest_route=%2Fwp%2Fv2%2Fmedia&parent=231797"}],"wp:term":[{"taxonomy":"category","embeddable":true,"href":"https:\/\/www.diarioimagen.net\/index.php?rest_route=%2Fwp%2Fv2%2Fcategories&post=231797"},{"taxonomy":"post_tag","embeddable":true,"href":"https:\/\/www.diarioimagen.net\/index.php?rest_route=%2Fwp%2Fv2%2Ftags&post=231797"}],"curies":[{"name":"wp","href":"https:\/\/api.w.org\/{rel}","templated":true}]}}