{"id":232552,"date":"2015-09-01T00:06:02","date_gmt":"2015-09-01T05:06:02","guid":{"rendered":"http:\/\/www.diarioimagen.net\/?p=232552"},"modified":"2015-09-02T01:40:14","modified_gmt":"2015-09-02T06:40:14","slug":"inaugurara-pena-nieto-el-macromural-pachuca-se-pinta","status":"publish","type":"post","link":"https:\/\/www.diarioimagen.net\/?p=232552","title":{"rendered":"Prevenci\u00f3n integral ha reducido violencia: EPN"},"content":{"rendered":"<ul>\n<li><strong><em>Inaugura macromural en Pachuca<\/em><\/strong><\/li>\n<\/ul>\n<div id=\"attachment_232553\" style=\"width: 250px\" class=\"wp-caption alignleft\"><a href=\"http:\/\/www.diarioimagen.net\/?attachment_id=232553\" rel=\"attachment wp-att-232553\"><img loading=\"lazy\" decoding=\"async\" aria-describedby=\"caption-attachment-232553\" class=\"wp-image-232553 size-medium\" src=\"http:\/\/www.diarioimagen.net\/wp-content\/uploads\/2015\/08\/PE\u00d1A-portal6-240x140.jpg\" alt=\"Al inaugurar el Macro Mural \u201cPachuca Se pinta\u201d, el presidente Enrique Pe\u00f1a Nieto dijo que el Gobierno de la Rep\u00fablica ha convocado a una pol\u00edtica de paz y tranquilidad.\" width=\"240\" height=\"140\" srcset=\"https:\/\/www.diarioimagen.net\/wp-content\/uploads\/2015\/08\/PE\u00d1A-portal6-240x140.jpg 240w, https:\/\/www.diarioimagen.net\/wp-content\/uploads\/2015\/08\/PE\u00d1A-portal6-420x245.jpg 420w, https:\/\/www.diarioimagen.net\/wp-content\/uploads\/2015\/08\/PE\u00d1A-portal6.jpg 480w\" sizes=\"auto, (max-width: 240px) 100vw, 240px\" \/><\/a><p id=\"caption-attachment-232553\" class=\"wp-caption-text\">Al inaugurar el Macro Mural \u201cPachuca se pinta\u201d, el presidente Enrique Pe\u00f1a Nieto dijo que el gobierno de la Rep\u00fablica ha convocado a una pol\u00edtica de paz y tranquilidad.<\/p><\/div>\n<p>El presidente Enrique Pe\u00f1a Nieto destac\u00f3 que en las comunidades en las que se aplica el Programa de Prevenci\u00f3n Social de la Violencia y la Delincuencia, se ha logrado disminuir 34 por ciento este fen\u00f3meno.<\/p>\n<p>Esta cifra es cuatro veces superior a lo que ha disminuido la violencia y la delincuencia en otras partes del pa\u00eds, gracias al programa en el que se han invertido m\u00e1s 7 mil 500 millones de pesos.<\/p>\n<p>Al inaugurar el Macro Mural \u201cPachuca se pinta\u201d, dijo que el gobierno de la Rep\u00fablica ha convocado a una pol\u00edtica de paz y tranquilidad, no s\u00f3lo mediante el combate al crimen organizado a trav\u00e9s de instancias de seguridad p\u00fablica, sino atacando el problema de ra\u00edz.<\/p>\n<p>Asever\u00f3 que la pol\u00edtica de prevenci\u00f3n de la violencia en el pa\u00eds es integral, ya que incluye el esfuerzo de todos, sociedad y gobierno, para construir un mejor pa\u00eds y garantizar el bienestar social, con el rescate de comunidades \u201cque se han descompuesto\u201d.<\/p>\n<p>Acompa\u00f1ado del secretario de Gobernaci\u00f3n, Miguel \u00c1ngel Osorio Chong, el mandatario federal apunt\u00f3 que una de las aristas menos apreciadas es el de la prevenci\u00f3n del delito, estrategia que se lleva a cabo en los pol\u00edgonos con alta incidencia delictiva.<\/p>\n<p>Ese plan se implementa con acciones de recuperaci\u00f3n de espacios p\u00fablicos, actividades culturales, deportivas y recreativas y el cambio de imagen para hacer espacios m\u00e1s bellos que convoquen a una mejor convivencia.<\/p>\n<p>Resalt\u00f3 que acciones como este mural, pintado en fachadas de las casas de la colonia Palmitas, en un cerro de esta capital, permiten a la comunidad participar en acciones productivas de embellecimiento y de prevenci\u00f3n integral de la violencia y la delincuencia.<\/p>\n<p>El presidente Pe\u00f1a Nieto record\u00f3 que la recomposici\u00f3n de la sociedad y la recuperaci\u00f3n de los espacios perdidos que antes se caracterizaban por la violencia y la intranquilidad, \u201cimplica un esfuerzo de todos, no s\u00f3lo del gobierno, sino de toda la comunidad\u201d.<\/p>\n<p>Bajo fuerte lluvia, el Ejecutivo recorri\u00f3 las calles de este barrio y recibi\u00f3 una explicaci\u00f3n de la secretaria de Prevenci\u00f3n Social de la Violencia y la Delincuencia, de la Secretar\u00eda de Gobernaci\u00f3n, Eunice Rend\u00f3n.<\/p>\n<p>Durante el acto inaugural, el secretario de Gobernaci\u00f3n, Miguel \u00c1ngel Osorio Chong, recalc\u00f3 que construir una seguridad duradera exige de acciones inmediatas de largo alcance y \u201capostar por las soluciones de fondo ha sido desde el inicio de la administraci\u00f3n la visi\u00f3n que plante\u00f3 el presidente Enrique Pe\u00f1a Nieto\u201d.<\/p>\n<p>El titular de la Segob destac\u00f3 que en tres a\u00f1os se pas\u00f3 de una pol\u00edtica que \u00fanicamente reacciona, a una que prev\u00e9 y act\u00faa y que no s\u00f3lo hace frente a los efectos, sino que va a la ra\u00edz y atiende las causas.<\/p>\n<p>Dio a conocer que se identificaron las zonas del pa\u00eds que concentran casi 60 por ciento de la incidencia delictiva, donde se pusieron en marcha distintos proyectos para generar un cambio en las condiciones de vida de las personas.<\/p>\n<p>Expuso que entre 2013 y 2015 se ha invertido mil 780 millones de pesos en acciones de infraestructura, reconstrucci\u00f3n y rehabilitaci\u00f3n de espacios, acompa\u00f1adas de acciones que promueven la cohesi\u00f3n comunitaria.<\/p>\n","protected":false},"excerpt":{"rendered":"<p>El presidente Enrique Pe\u00f1a Nieto destac\u00f3 que en las comunidades en las que se aplica el Programa de Prevenci\u00f3n Social de la Violencia y la Delincuencia, se ha logrado disminuir 34 por ciento este fen\u00f3meno.<\/p>\n","protected":false},"author":5,"featured_media":232553,"comment_status":"open","ping_status":"open","sticky":false,"template":"","format":"standard","meta":{"_monsterinsights_skip_tracking":false,"_monsterinsights_sitenote_active":false,"_monsterinsights_sitenote_note":"","_monsterinsights_sitenote_category":0,"footnotes":""},"categories":[3],"tags":[18,43673,2393,5066],"class_list":["post-232552","post","type-post","status-publish","format-standard","has-post-thumbnail","hentry","category-nacional","tag-enrique-pena-nieto","tag-nacional","tag-pachuca","tag-violencia"],"_links":{"self":[{"href":"https:\/\/www.diarioimagen.net\/index.php?rest_route=\/wp\/v2\/posts\/232552","targetHints":{"allow":["GET"]}}],"collection":[{"href":"https:\/\/www.diarioimagen.net\/index.php?rest_route=\/wp\/v2\/posts"}],"about":[{"href":"https:\/\/www.diarioimagen.net\/index.php?rest_route=\/wp\/v2\/types\/post"}],"author":[{"embeddable":true,"href":"https:\/\/www.diarioimagen.net\/index.php?rest_route=\/wp\/v2\/users\/5"}],"replies":[{"embeddable":true,"href":"https:\/\/www.diarioimagen.net\/index.php?rest_route=%2Fwp%2Fv2%2Fcomments&post=232552"}],"version-history":[{"count":0,"href":"https:\/\/www.diarioimagen.net\/index.php?rest_route=\/wp\/v2\/posts\/232552\/revisions"}],"wp:featuredmedia":[{"embeddable":true,"href":"https:\/\/www.diarioimagen.net\/index.php?rest_route=\/wp\/v2\/media\/232553"}],"wp:attachment":[{"href":"https:\/\/www.diarioimagen.net\/index.php?rest_route=%2Fwp%2Fv2%2Fmedia&parent=232552"}],"wp:term":[{"taxonomy":"category","embeddable":true,"href":"https:\/\/www.diarioimagen.net\/index.php?rest_route=%2Fwp%2Fv2%2Fcategories&post=232552"},{"taxonomy":"post_tag","embeddable":true,"href":"https:\/\/www.diarioimagen.net\/index.php?rest_route=%2Fwp%2Fv2%2Ftags&post=232552"}],"curies":[{"name":"wp","href":"https:\/\/api.w.org\/{rel}","templated":true}]}}