{"id":232671,"date":"2015-09-01T00:01:25","date_gmt":"2015-09-01T05:01:25","guid":{"rendered":"http:\/\/www.diarioimagen.net\/?p=232671"},"modified":"2015-09-02T03:35:49","modified_gmt":"2015-09-02T08:35:49","slug":"skyteam-15-anos-conectando-al-mundo-desde-su-fundacion-ha-trasladado-a-mas-de-26-millones-de-pasajeros","status":"publish","type":"post","link":"https:\/\/www.diarioimagen.net\/?p=232671","title":{"rendered":"<em>SkyTeam<\/em>: 15 a\u00f1os conectando al mundo; desde su fundaci\u00f3n ha trasladado a m\u00e1s de 26 millones de pasajeros"},"content":{"rendered":"<h2>De cinco estrellas<\/h2>\n<h5>Victoria Gonz\u00e1lez Prado<\/h5>\n<p>&nbsp;<\/p>\n<ul>\n<li><em><strong>El Festival Internacional de Gastronom\u00eda y Vino \u201cSabor a Cabo\u201d, ser\u00e1 del 2 al 5 de diciembre en Los Cabos<\/strong><\/em><\/li>\n<li><em><strong>Inauguran los trabajos de conservaci\u00f3n de la Catedral de Puebla, reconocida como Patrimonio Cultural de la Humanidad<\/strong><\/em><\/li>\n<\/ul>\n<div id=\"attachment_232735\" style=\"width: 250px\" class=\"wp-caption alignleft\"><a href=\"http:\/\/www.diarioimagen.net\/?attachment_id=232735\" rel=\"attachment wp-att-232735\"><img loading=\"lazy\" decoding=\"async\" aria-describedby=\"caption-attachment-232735\" class=\"size-medium wp-image-232735\" src=\"http:\/\/www.diarioimagen.net\/wp-content\/uploads\/2015\/09\/turismo-2688-240x135.jpg\" alt=\"Aerom\u00e9xico es socio fundador de SkyTeam.\" width=\"240\" height=\"135\" srcset=\"https:\/\/www.diarioimagen.net\/wp-content\/uploads\/2015\/09\/turismo-2688-240x135.jpg 240w, https:\/\/www.diarioimagen.net\/wp-content\/uploads\/2015\/09\/turismo-2688-420x236.jpg 420w, https:\/\/www.diarioimagen.net\/wp-content\/uploads\/2015\/09\/turismo-2688-235x132.jpg 235w, https:\/\/www.diarioimagen.net\/wp-content\/uploads\/2015\/09\/turismo-2688-202x114.jpg 202w, https:\/\/www.diarioimagen.net\/wp-content\/uploads\/2015\/09\/turismo-2688-350x196.jpg 350w, https:\/\/www.diarioimagen.net\/wp-content\/uploads\/2015\/09\/turismo-2688-220x123.jpg 220w, https:\/\/www.diarioimagen.net\/wp-content\/uploads\/2015\/09\/turismo-2688-237x132.jpg 237w, https:\/\/www.diarioimagen.net\/wp-content\/uploads\/2015\/09\/turismo-2688.jpg 480w\" sizes=\"auto, (max-width: 240px) 100vw, 240px\" \/><\/a><p id=\"caption-attachment-232735\" class=\"wp-caption-text\">Aerom\u00e9xico es socio fundador de SkyTeam.<\/p><\/div>\n<p>Aerom\u00e9xico es socio fundador de <em>SkyTeam<\/em> desde el a\u00f1o 2000. Esta alianza global a\u00e9rea, l\u00edder con 20 l\u00edneas a\u00e9reas socias alrededor del mundo, conecta a m\u00e1s de mil destinos en 179 pa\u00edses, cubriendo el 90 por ciento de las rutas a\u00e9reas globales m\u00e1s importantes y trasladando a m\u00e1s de 26 millones de pasajeros desde su fundaci\u00f3n.<\/p>\n<p>Este a\u00f1o, la alianza celebra su aniversario n\u00famero 15, demostrando el compromiso con todos los viajeros alrededor del mundo. Desde su fundaci\u00f3n, <em>SkyTeam<\/em> se ha diferenciado por sus productos \u00fanicos para todo tipo de viajero, como el <em>Round the World Planner<\/em>, un servicio en l\u00ednea y f\u00e1cil de usar que te ayuda a elegir vuelos en cualquier continente, ayudando a maximizar tus opciones de viaje.<\/p>\n<p>Actualmente, los socios de <em>SkyTeam<\/em> transportan al 19 por ciento de los pasajeros a\u00e9reos a nivel mundial, los cuales pueden hacer uso de sus servicios exclusivos como: 636 Salas VIP -ubicadas en los principales aeropuertos del mundo que brindan una experiencia de mayor comodidad, <em>Sky Priority<\/em>&#8211; que permite reducir los tiempos de conexi\u00f3n al viajar, entre mucho otros.<\/p>\n<p><em>SkyTeam <\/em>te conecta con todo el mundo, gracias a los m\u00e1s de 16 mil vuelos diarios que operan las aerol\u00edneas que la integran, originarias de Rusia, Argentina, M\u00e9xico, Francia, Italia, China, Rep\u00fablica Checa, Estados Unidos, Indonesia, Kenya, \u00c1msterdam, Korea, L\u00edbano, Arabia Saud\u00ed, Rumania y Vietnam.<\/p>\n<p>\u2730\u2730\u2730\u2730\u2730 Luego de diez a\u00f1os de trabajo arduo y consecutivo, el Festival Internacional de Gastronom\u00eda y Vino \u201cSabor a Cabo\u201d, se posiciona como uno de los mejores eventos en su tipo.<\/p>\n<p>El Fideicomiso de Turismo de Los Cabos (Fiturca), patrocinador de este evento, inform\u00f3 que ser\u00e1 del 2 al 5 de diciembre cuando los amantes del buen comer podr\u00e1n degustar de la mejor gastronom\u00eda local, nacional e internacional. Indic\u00f3 que como en cada edici\u00f3n, este evento congregar\u00e1 a los mejores chefs de Los Cabos, con sus m\u00e1s novedosas propuestas y una selecta cava de vinos de la regi\u00f3n.<\/p>\n<p>En tanto, la C\u00e1mara de la Industria de Restaurantes y Alimentos Condimentados (Canirac), destac\u00f3 que al llegar a su d\u00e9cima edici\u00f3n, \u201cSabor a Cabo\u201d se consolida como evento internacional y de esta manera el sector restaurantero,\u00a0 aporta un atractivo m\u00e1s para Los Cabos, como es la pesca deportiva, los campos de golf y su infraestructura hotelera.<\/p>\n<p><strong>Alfonso V\u00e1zquez Olivas<\/strong>, presidente de \u201cSabor a Cabo\u201d, subray\u00f3 que dicho festival tendr\u00e1 como lema \u201ccocinando a fuego lento\u2026 homenaje a las ra\u00edces mexicanas\u201d, en el que se resaltar\u00e1 la famosa cocina tradicional de\u00a0 Baja California Sur y los vinos de la regi\u00f3n.<\/p>\n<p>El programa para esta d\u00e9cima edici\u00f3n ser\u00e1 el siguiente: <strong><em>Sabor a Cabo Beer Fest. <\/em><\/strong>Mi\u00e9rcoles 2 de diciembre a las 17:00 horas en Plaza El Pescador en San Jos\u00e9 del Cabo, arranca Sabor a <em>Cabo Beer Fest,<\/em> donde los asistentes podr\u00e1n saborear cerveza artesanal mientras disfrutan de un ambiente excepcional, donde no faltar\u00e1n los puestos de comida, artesan\u00edas tradicionales y regionales, m\u00fasica y por supuesto las mejores cervezas de todo M\u00e9xico.<\/p>\n<p><strong><em>Sabor a Cabo Art Walk &amp; Wine. <\/em><\/strong>Jueves 3 de diciembre a partir de las 17:00 horas se realiza Sabor a Cabo <em>Art Walk &amp; Wine,<\/em> en San Jos\u00e9 del Cabo, donde el p\u00fablico caminar\u00e1 por el Distrito del Arte mientras degusta diversas propuestas gastron\u00f3micas acompa\u00f1adas de una fina selecci\u00f3n de vinos de la regi\u00f3n.<\/p>\n<p><strong>Velada bajo la luz de las estrellas. <\/strong>El s\u00e1bado 5 de diciembre se efectuar\u00e1 el evento principal, \u201cSabor a Cabo\u201d, en <em>Chileno Bay,<\/em> en el que participar\u00e1n m\u00e1s de 40 restaurantes\u00a0 y se espera que atraiga a miles de asistentes.\u00a0 El costo de los boletos en preventa, ser\u00e1 desde 120 d\u00f3lares por persona.<\/p>\n<p>Durante la velada se contar\u00e1 con la participaci\u00f3n de la cantante y compositora, <strong>Lila Downs<\/strong>, quien interpretar\u00e1 diversas melod\u00edas de su amplio repertorio.<\/p>\n<p>Como cada a\u00f1o, la recaudaci\u00f3n del evento ser\u00e1 donada al Heroico Cuerpo de Bomberos y <em>Childrens Foundation.<\/em><\/p>\n<p>Para m\u00e1s informaci\u00f3n y compra de boletos: <a href=\"http:\/\/www.saboracabo.mx\" target=\"_blank\">www.saboracabo.mx<\/a> o por correo electr\u00f3nico\u00a0<a href=\"mailto:info@loscabos.mx\" target=\"_blank\">info@loscabos.mx<\/a><\/p>\n<p>\u2730\u2730\u2730\u2730\u2730 Recientemente fueron inaugurados los trabajos de conservaci\u00f3n de la Catedral de Puebla, reconocida como Patrimonio Cultural de la Humanidad y orgullo de los mexicanos.<\/p>\n<p><strong>Rafael Moreno Valle<\/strong>, gobernador de la entidad, ratific\u00f3 que continuar\u00e1 trabajando para fortalecer este sector y as\u00ed atraer m\u00e1s turistas, inversiones y desarrollo para la entidad.<\/p>\n<p>Hoy \u00a0ponemos al servicio de todos los habitantes y visitantes esta acci\u00f3n que const\u00f3 de iluminaci\u00f3n art\u00edstica, cambio de transformadores, pintura, impermeabilizaci\u00f3n y restauraci\u00f3n del reloj, entre otros servicios, para que se deleiten con la belleza de este recinto, que tuvo\u00a0una inversi\u00f3n de 76 millones de pesos.<\/p>\n<p><strong>Moreno Valle<\/strong> ha encontrado en el turismo una fuente de oportunidades, as\u00ed como la importancia de conservar y preservar nuestro patrimonio cultural. Es por ello, dijo, hemos detonado una inversi\u00f3n conjunta de m\u00e1s de 470 millones de pesos para rescatar y rehabilitar centros hist\u00f3ricos, consolidar y construir nuevos museos y recuperar edificios hist\u00f3ricos como la Ex-Hacienda de Chautla, para consolidar el car\u00e1cter de Puebla como destino tur\u00edstico prioritario.<\/p>\n<p>El pr\u00f3ximas semanas, se realizar\u00e1 en la entidad la Segunda Feria de Pueblos M\u00e1gicos donde los 83 destinos del pa\u00eds expondr\u00e1n y ofertar\u00e1n sus servicios y atractivos tur\u00edsticos, ya que cuidar el patrimonio es una manera de detonar actividad econ\u00f3mica.<\/p>\n<p>En su mensaje, el gobernador destac\u00f3 que un mill\u00f3n de personas al a\u00f1o visitan la Catedral de Puebla, por lo que se ha realizado un proyecto integral en torno a la misma, donde destacan el Museo Tesoros de la Catedral, el video <em>mapping <\/em>proyectado en la misma y la Biblioteca Palafoxiana, que forman parte de este esfuerzo que impulsa el turismo.<\/p>\n<p>El turismo es una fuente de generaci\u00f3n de ingresos que promueve el crecimiento y desarrollo, resalt\u00f3, al referir que el Centro Hist\u00f3rico es patrimonio de los poblanos.<\/p>\n<p>Agradeci\u00f3 el apoyo del director general del Fondo Nacional de Fomento al Turismo, <strong>H\u00e9ctor G\u00f3mez Barraza<\/strong>, con quien de mano del gobierno federal y su administraci\u00f3n, impulsan el primer Desarrollo Fonatur en un destino que no es de sol y playa.<\/p>\n<p><em><i><a href=\"mailto:victoriagprado@gmail.com\" target=\"_blank\">victoriagprado@gmail.com<\/a><\/i><\/em><\/p>\n","protected":false},"excerpt":{"rendered":"<p>Aerom\u00e9xico es socio fundador de <em>SkyTeam<\/em> desde el a\u00f1o 2000. Esta alianza global a\u00e9rea, l\u00edder con 20 l\u00edneas a\u00e9reas socias alrededor del mundo, conecta a m\u00e1s de mil destinos en 179 pa\u00edses, cubriendo el 90 por ciento de las rutas a\u00e9reas globales m\u00e1s importantes y trasladando a m\u00e1s de 26 millones de pasajeros desde su fundaci\u00f3n.<\/p>\n","protected":false},"author":3,"featured_media":232735,"comment_status":"open","ping_status":"open","sticky":false,"template":"","format":"standard","meta":{"_monsterinsights_skip_tracking":false,"_monsterinsights_sitenote_active":false,"_monsterinsights_sitenote_note":"","_monsterinsights_sitenote_category":0,"footnotes":""},"categories":[11],"tags":[107,43674,43681,106],"class_list":["post-232671","post","type-post","status-publish","format-standard","has-post-thumbnail","hentry","category-turismo","tag-de-cinco-estrellas","tag-opinion","tag-turismo","tag-victoria-gonzalez-prado"],"_links":{"self":[{"href":"https:\/\/www.diarioimagen.net\/index.php?rest_route=\/wp\/v2\/posts\/232671","targetHints":{"allow":["GET"]}}],"collection":[{"href":"https:\/\/www.diarioimagen.net\/index.php?rest_route=\/wp\/v2\/posts"}],"about":[{"href":"https:\/\/www.diarioimagen.net\/index.php?rest_route=\/wp\/v2\/types\/post"}],"author":[{"embeddable":true,"href":"https:\/\/www.diarioimagen.net\/index.php?rest_route=\/wp\/v2\/users\/3"}],"replies":[{"embeddable":true,"href":"https:\/\/www.diarioimagen.net\/index.php?rest_route=%2Fwp%2Fv2%2Fcomments&post=232671"}],"version-history":[{"count":0,"href":"https:\/\/www.diarioimagen.net\/index.php?rest_route=\/wp\/v2\/posts\/232671\/revisions"}],"wp:featuredmedia":[{"embeddable":true,"href":"https:\/\/www.diarioimagen.net\/index.php?rest_route=\/wp\/v2\/media\/232735"}],"wp:attachment":[{"href":"https:\/\/www.diarioimagen.net\/index.php?rest_route=%2Fwp%2Fv2%2Fmedia&parent=232671"}],"wp:term":[{"taxonomy":"category","embeddable":true,"href":"https:\/\/www.diarioimagen.net\/index.php?rest_route=%2Fwp%2Fv2%2Fcategories&post=232671"},{"taxonomy":"post_tag","embeddable":true,"href":"https:\/\/www.diarioimagen.net\/index.php?rest_route=%2Fwp%2Fv2%2Ftags&post=232671"}],"curies":[{"name":"wp","href":"https:\/\/api.w.org\/{rel}","templated":true}]}}