{"id":232760,"date":"2015-09-02T00:01:30","date_gmt":"2015-09-02T05:01:30","guid":{"rendered":"http:\/\/www.diarioimagen.net\/?p=232760"},"modified":"2015-09-03T03:44:35","modified_gmt":"2015-09-03T08:44:35","slug":"congreso-retira-inmunidad-al-presidente-de-guatemala","status":"publish","type":"post","link":"https:\/\/www.diarioimagen.net\/?p=232760","title":{"rendered":"Congreso retira inmunidad al presidente de Guatemala"},"content":{"rendered":"<ul>\n<li><em><strong>Acusaciones de corrupci\u00f3n<\/strong><\/em><\/li>\n<\/ul>\n<div id=\"attachment_232761\" style=\"width: 250px\" class=\"wp-caption alignleft\"><a href=\"http:\/\/www.diarioimagen.net\/?attachment_id=232761\" rel=\"attachment wp-att-232761\"><img loading=\"lazy\" decoding=\"async\" aria-describedby=\"caption-attachment-232761\" class=\"size-medium wp-image-232761\" src=\"http:\/\/www.diarioimagen.net\/wp-content\/uploads\/2015\/09\/GUATEMALA2-240x160.jpg\" alt=\"En una votaci\u00f3n hist\u00f3rica, el Congreso de Guatemala aprob\u00f3 retirar inmunidad al presidente Otto P\u00e9rez Molina.\" width=\"240\" height=\"160\" srcset=\"https:\/\/www.diarioimagen.net\/wp-content\/uploads\/2015\/09\/GUATEMALA2-240x160.jpg 240w, https:\/\/www.diarioimagen.net\/wp-content\/uploads\/2015\/09\/GUATEMALA2-420x280.jpg 420w, https:\/\/www.diarioimagen.net\/wp-content\/uploads\/2015\/09\/GUATEMALA2.jpg 1500w\" sizes=\"auto, (max-width: 240px) 100vw, 240px\" \/><\/a><p id=\"caption-attachment-232761\" class=\"wp-caption-text\">En una votaci\u00f3n hist\u00f3rica, el Congreso de Guatemala aprob\u00f3 retirar inmunidad al presidente Otto P\u00e9rez Molina.<\/p><\/div>\n<p>Por unan imidad, el Congreso de Guatemala aprob\u00f3 este martes retirar la inmunidad al presidente Otto P\u00e9rez Molina, a fin de que enfrente la justicia por acusaciones de corrupci\u00f3n.<\/p>\n<p>En una votaci\u00f3n hist\u00f3rica por su unanimidad, con el consenso incluso de los diputados oficialistas, el pleno legislativo aprob\u00f3 el dictamen de antejuicio contra el mandatario.<\/p>\n<p>El presidente P\u00e9rez Molina es se\u00f1alado en una investigaci\u00f3n por fraude en la autoridad recaudadora de impuestos de Guatemala, un caso por el que est\u00e1 detenida la exvicemandataria Roxana Baldetti.<\/p>\n<p>El abogado constitucionalista Stuardo Ral\u00f3n dijo a periodistas que P\u00e9rez Molina continuar\u00e1 en el cargo en tanto los tribunales no lo vinculen a proceso penal y le dicten una orden de captura provisional.<\/p>\n<p>Explic\u00f3 que la ley de antejuicio establece que en ese caso, P\u00e9rez Molina deber\u00e1 dejar la presidencia a cargo del vicepresidente Alejandro Maldonado Aguirre, hasta terminar el actual mandato constitucional, que concluye el pr\u00f3ximo 14 de enero.<\/p>\n<p>De los 158 diputados, se requer\u00eda el voto de al menos 105 legisladores para aprobar el dictamen del antejuicio presidencial, que se tramit\u00f3 en la sesi\u00f3n plenaria.<\/p>\n<p>Asistieron a la sesi\u00f3n 132 diputados, mientras que 26 estuvieron ausentes, y todos los presentes, incluidos 28 del oficialista Partido Patriota (PP) votaron por la iniciativa de levantar la inmunidad al mandatario.<\/p>\n<p>De esta manera, el presidente P\u00e9rez Molina deber\u00e1 someterse a la justicia por su presunta participaci\u00f3n en la red de corrupci\u00f3n conocida como La L\u00ednea, dedicada a la defraudaci\u00f3n fiscal en la Superintendencia de Administraci\u00f3n Tributaria (SAT).<\/p>\n<p>Seg\u00fan la investigaci\u00f3n del Ministerio P\u00fablico (MP) y la Comisi\u00f3n Internacional Contra la Impunidad (CICIG), dependiente de Naciones Unidas, se tienen pruebas de las acusaciones como las escuchas telef\u00f3nicas autorizadas.<\/p>\n<p>La exvicepresidenta Baldetti, que renunci\u00f3 al cargo el 8 de mayo pasado ante la presi\u00f3n de las movilizaciones ciudadanas contra la corrupci\u00f3n del gobierno, est\u00e1 en prisi\u00f3n por este caso de corrupci\u00f3n en la SAT.<\/p>\n","protected":false},"excerpt":{"rendered":"<p>Por unan imidad, el Congreso de Guatemala aprob\u00f3 este martes retirar la inmunidad al presidente Otto P\u00e9rez Molina, a fin de que enfrente la justicia por acusaciones de corrupci\u00f3n.<\/p>\n","protected":false},"author":5,"featured_media":232761,"comment_status":"open","ping_status":"open","sticky":false,"template":"","format":"standard","meta":{"_monsterinsights_skip_tracking":false,"_monsterinsights_sitenote_active":false,"_monsterinsights_sitenote_note":"","_monsterinsights_sitenote_category":0,"footnotes":""},"categories":[9],"tags":[5075],"class_list":["post-232760","post","type-post","status-publish","format-standard","has-post-thumbnail","hentry","category-mundo","tag-guatemala"],"_links":{"self":[{"href":"https:\/\/www.diarioimagen.net\/index.php?rest_route=\/wp\/v2\/posts\/232760","targetHints":{"allow":["GET"]}}],"collection":[{"href":"https:\/\/www.diarioimagen.net\/index.php?rest_route=\/wp\/v2\/posts"}],"about":[{"href":"https:\/\/www.diarioimagen.net\/index.php?rest_route=\/wp\/v2\/types\/post"}],"author":[{"embeddable":true,"href":"https:\/\/www.diarioimagen.net\/index.php?rest_route=\/wp\/v2\/users\/5"}],"replies":[{"embeddable":true,"href":"https:\/\/www.diarioimagen.net\/index.php?rest_route=%2Fwp%2Fv2%2Fcomments&post=232760"}],"version-history":[{"count":0,"href":"https:\/\/www.diarioimagen.net\/index.php?rest_route=\/wp\/v2\/posts\/232760\/revisions"}],"wp:featuredmedia":[{"embeddable":true,"href":"https:\/\/www.diarioimagen.net\/index.php?rest_route=\/wp\/v2\/media\/232761"}],"wp:attachment":[{"href":"https:\/\/www.diarioimagen.net\/index.php?rest_route=%2Fwp%2Fv2%2Fmedia&parent=232760"}],"wp:term":[{"taxonomy":"category","embeddable":true,"href":"https:\/\/www.diarioimagen.net\/index.php?rest_route=%2Fwp%2Fv2%2Fcategories&post=232760"},{"taxonomy":"post_tag","embeddable":true,"href":"https:\/\/www.diarioimagen.net\/index.php?rest_route=%2Fwp%2Fv2%2Ftags&post=232760"}],"curies":[{"name":"wp","href":"https:\/\/api.w.org\/{rel}","templated":true}]}}