{"id":232962,"date":"2015-09-03T00:09:29","date_gmt":"2015-09-03T05:09:29","guid":{"rendered":"http:\/\/www.diarioimagen.net\/?p=232962"},"modified":"2015-09-03T05:39:15","modified_gmt":"2015-09-03T10:39:15","slug":"cerraran-2-meses-pino-suarez-en-limites-de-toluca-y-metepec","status":"publish","type":"post","link":"https:\/\/www.diarioimagen.net\/?p=232962","title":{"rendered":"Cerrar\u00e1n 2 meses Pino Su\u00e1rez, en l\u00edmites de Toluca y Metepec"},"content":{"rendered":"<ul>\n<li><strong><em>Este viernes se determinar\u00e1n rutas alternas o definitivas\u00a0<\/em><\/strong><\/li>\n<\/ul>\n<div id=\"attachment_233055\" style=\"width: 250px\" class=\"wp-caption alignleft\"><a href=\"http:\/\/www.diarioimagen.net\/?attachment_id=233055\" rel=\"attachment wp-att-233055\"><img loading=\"lazy\" decoding=\"async\" aria-describedby=\"caption-attachment-233055\" class=\"size-medium wp-image-233055\" src=\"http:\/\/www.diarioimagen.net\/wp-content\/uploads\/2015\/09\/EDOMEX-2690-240x135.jpg\" alt=\"La SCT prev\u00e9 cerrar durante dos meses el cruce de las avenidas Las Torres y Pino Su\u00e1rez, por obras del Tren Interurbano.\" width=\"240\" height=\"135\" srcset=\"https:\/\/www.diarioimagen.net\/wp-content\/uploads\/2015\/09\/EDOMEX-2690-240x135.jpg 240w, https:\/\/www.diarioimagen.net\/wp-content\/uploads\/2015\/09\/EDOMEX-2690-420x236.jpg 420w, https:\/\/www.diarioimagen.net\/wp-content\/uploads\/2015\/09\/EDOMEX-2690-235x132.jpg 235w, https:\/\/www.diarioimagen.net\/wp-content\/uploads\/2015\/09\/EDOMEX-2690-202x114.jpg 202w, https:\/\/www.diarioimagen.net\/wp-content\/uploads\/2015\/09\/EDOMEX-2690-350x196.jpg 350w, https:\/\/www.diarioimagen.net\/wp-content\/uploads\/2015\/09\/EDOMEX-2690-220x123.jpg 220w, https:\/\/www.diarioimagen.net\/wp-content\/uploads\/2015\/09\/EDOMEX-2690-237x132.jpg 237w, https:\/\/www.diarioimagen.net\/wp-content\/uploads\/2015\/09\/EDOMEX-2690.jpg 480w\" sizes=\"auto, (max-width: 240px) 100vw, 240px\" \/><\/a><p id=\"caption-attachment-233055\" class=\"wp-caption-text\">La SCT prev\u00e9 cerrar durante dos meses el cruce de las avenidas Las Torres y Pino Su\u00e1rez, por obras del Tren Interurbano.<\/p><\/div>\n<p><strong>Toluca, Estado de M\u00e9xico<\/strong>.-\u00a0Debido a las obras de construcci\u00f3n del Tren Interurbano M\u00e9xico-Toluca, la Secretar\u00eda de Comunicaciones y Transportes (SCT) prev\u00e9 cerrar durante dos meses el cruce de las avenidas Las Torres y Pino Su\u00e1rez, para lo cual\u00a0este viernes, 4 de septiembre, las autoridades federales, estatales y municipales definir\u00e1n con precisi\u00f3n los plazos, tiempos de cierre y las rutas alternas que ser\u00e1n implementadas.<\/p>\n<p>Ante ello, las secretar\u00edas de Infraestructura y de Movilidad del Estado de M\u00e9xico, en coordinaci\u00f3n con la SCT y los gobiernos municipales de Metepec y Toluca, preparan las alternativas viales durante el tiempo que duren las obras, previstas para iniciar este 15 de septiembre.<\/p>\n<p>En un recorrido por esta zona, las dependencias definieron que las calles\u00a0Sierra de Ixtl\u00e1n, San Pablo Guelatao\u00a0y Citlalt\u00e9petl\u00a0podr\u00edan modificar su sentido desde la Avenida Heriberto Enr\u00edquez hacia Pino Su\u00e1rez, para aligerar la circulaci\u00f3n por estas arterias, adem\u00e1s de prever operativos de tr\u00e1nsito, con la participaci\u00f3n de agentes estatales y municipales.<\/p>\n<p>&nbsp;<\/p>\n","protected":false},"excerpt":{"rendered":"<p>Debido a las obras de construcci\u00f3n del Tren Interurbano M\u00e9xico-Toluca, la Secretar\u00eda de Comunicaciones y Transportes (SCT) prev\u00e9 cerrar durante dos meses el cruce de las avenidas Las Torres y Pino Su\u00e1rez, para lo cual este viernes, 4 de septiembre, las autoridades federales, estatales y municipales definir\u00e1n con precisi\u00f3n los plazos, tiempos de cierre y las rutas alternas que ser\u00e1n implementadas.<\/p>\n","protected":false},"author":3,"featured_media":233055,"comment_status":"open","ping_status":"open","sticky":false,"template":"","format":"standard","meta":{"_monsterinsights_skip_tracking":false,"_monsterinsights_sitenote_active":false,"_monsterinsights_sitenote_note":"","_monsterinsights_sitenote_category":0,"footnotes":""},"categories":[5],"tags":[43675,876,5790,347,452],"class_list":["post-232962","post","type-post","status-publish","format-standard","has-post-thumbnail","hentry","category-estado-de-mexico","tag-estado-de-mexico","tag-metepec","tag-pino-suarez","tag-sct","tag-toluca"],"_links":{"self":[{"href":"https:\/\/www.diarioimagen.net\/index.php?rest_route=\/wp\/v2\/posts\/232962","targetHints":{"allow":["GET"]}}],"collection":[{"href":"https:\/\/www.diarioimagen.net\/index.php?rest_route=\/wp\/v2\/posts"}],"about":[{"href":"https:\/\/www.diarioimagen.net\/index.php?rest_route=\/wp\/v2\/types\/post"}],"author":[{"embeddable":true,"href":"https:\/\/www.diarioimagen.net\/index.php?rest_route=\/wp\/v2\/users\/3"}],"replies":[{"embeddable":true,"href":"https:\/\/www.diarioimagen.net\/index.php?rest_route=%2Fwp%2Fv2%2Fcomments&post=232962"}],"version-history":[{"count":0,"href":"https:\/\/www.diarioimagen.net\/index.php?rest_route=\/wp\/v2\/posts\/232962\/revisions"}],"wp:featuredmedia":[{"embeddable":true,"href":"https:\/\/www.diarioimagen.net\/index.php?rest_route=\/wp\/v2\/media\/233055"}],"wp:attachment":[{"href":"https:\/\/www.diarioimagen.net\/index.php?rest_route=%2Fwp%2Fv2%2Fmedia&parent=232962"}],"wp:term":[{"taxonomy":"category","embeddable":true,"href":"https:\/\/www.diarioimagen.net\/index.php?rest_route=%2Fwp%2Fv2%2Fcategories&post=232962"},{"taxonomy":"post_tag","embeddable":true,"href":"https:\/\/www.diarioimagen.net\/index.php?rest_route=%2Fwp%2Fv2%2Ftags&post=232962"}],"curies":[{"name":"wp","href":"https:\/\/api.w.org\/{rel}","templated":true}]}}