{"id":233038,"date":"2015-09-03T00:04:15","date_gmt":"2015-09-03T05:04:15","guid":{"rendered":"http:\/\/www.diarioimagen.net\/?p=233038"},"modified":"2015-09-03T04:05:54","modified_gmt":"2015-09-03T09:05:54","slug":"nuno-sin-el-calor-de-los-pinos","status":"publish","type":"post","link":"https:\/\/www.diarioimagen.net\/?p=233038","title":{"rendered":"Nu\u00f1o, sin el calor de Los Pinos"},"content":{"rendered":"<h2>Acta P\u00fablica<\/h2>\n<h5>Claudia Rodr\u00edguez<\/h5>\n<p>&nbsp;<\/p>\n<p>Aurelio Nu\u00f1o Mayer ya no es m\u00e1s el jefe de Oficina de la Presidencia, ahora es secretario de Educaci\u00f3n y aunque la cercan\u00eda con el presidente Enrique Pe\u00f1a Nieto no se ver\u00e1 mermada, es un hecho que ahora estar\u00e1 expuesto ante la opini\u00f3n p\u00fablica y no s\u00f3lo frente a quienes siguen m\u00e1s a los pol\u00edticos que a los eventos torales de la vida social de los mexicanos.<\/p>\n<p>Nu\u00f1o, quien reci\u00e9n instrument\u00f3 el desmantelamiento del Instituto Estatal de Educaci\u00f3n P\u00fablica de Oaxaca (IEEPO) y con esto se le dio un golpe brutal a la Coordinadora Nacional de Trabajadores de la Educaci\u00f3n (CNTE), por oponerse a la evaluaci\u00f3n magisterial, tiene ganada una batalla en lo que se refiere a la instrumentaci\u00f3n de la reforma educativa, pero para nada tiene amarrado el \u00e9xito de la misma en este mismo sexenio.<\/p>\n<p>El reci\u00e9n estrenado titular de la Secretar\u00eda de Educaci\u00f3n P\u00fablica (SEP), antes instrumentador y sensor entre otras cosas de la pol\u00edtica de comunicaci\u00f3n del gobierno federal, sin duda aspira a que los estrategas de Pe\u00f1a Nieto fallen al final en su gesti\u00f3n -Videgaray, Osorio y Beltrones- y tenga as\u00ed una oportunidad para aspirar a la candidatura pri\u00edsta rumbo al 2018, aun cuando rebase a su mentor que despacha en Hacienda.<\/p>\n<p>No debe preocuparle a Nu\u00f1o en sus aspiraciones el que los estatutos del Partido Revolucionario Institucional -en el que milita, como nos dej\u00f3 claro el ex dirigente pri\u00edsta, C\u00e9sar Camacho Quiroz-, se\u00f1alen alg\u00fan impedimento para ser candidato presidencial, pues eso se arregla con\u00a0acuerdos pol\u00edticos. Lo que debe preocuparle a Nu\u00f1o es su tarea y desempe\u00f1o al frente de la SEP, pues ser\u00e1 su plataforma o su ruina.<\/p>\n<p>Debe saber Nu\u00f1o que nadie quiere sangre, pero es terrible escucharlo en los medios en su papel de titular de Educaci\u00f3n, desplegando un discurso o varias respuestas en las que las muletillas verbales afloran m\u00e1s que las estrategias.<\/p>\n<p>Nu\u00f1o no tiene m\u00e1s el calor de Los Pinos, ni la vista del piso m\u00e1s alto de la pol\u00edtica mexicana. Ha descendido a la dif\u00edcil tarea gubernamental como funcionario de una de las secretar\u00edas en las que igual el jefe de su jefe se juega gran parte de su popularidad y aceptaci\u00f3n.<\/p>\n<p><strong><em>Acta Divina\u2026<\/em><\/strong> El titular de la SEP, Aurelio Nu\u00f1o, se\u00f1al\u00f3 que no tiene otra misi\u00f3n, m\u00e1s que cumplir su labor al frente de esa dependencia.<\/p>\n<p><em><a href=\"mailto:actapublica@gmail.com\" target=\"_blank\">actapublica@gmail.com<\/a><\/em><\/p>\n","protected":false},"excerpt":{"rendered":"<p><span style=\"color: #005497;\"><strong>Claudia Rodr\u00edguez<\/strong><\/span><\/p>\n","protected":false},"author":3,"featured_media":0,"comment_status":"open","ping_status":"open","sticky":false,"template":"","format":"standard","meta":{"_monsterinsights_skip_tracking":false,"_monsterinsights_sitenote_active":false,"_monsterinsights_sitenote_note":"","_monsterinsights_sitenote_category":0,"footnotes":""},"categories":[1281],"tags":[43674],"class_list":["post-233038","post","type-post","status-publish","format-standard","hentry","category-claudia-rodriguez","tag-opinion"],"_links":{"self":[{"href":"https:\/\/www.diarioimagen.net\/index.php?rest_route=\/wp\/v2\/posts\/233038","targetHints":{"allow":["GET"]}}],"collection":[{"href":"https:\/\/www.diarioimagen.net\/index.php?rest_route=\/wp\/v2\/posts"}],"about":[{"href":"https:\/\/www.diarioimagen.net\/index.php?rest_route=\/wp\/v2\/types\/post"}],"author":[{"embeddable":true,"href":"https:\/\/www.diarioimagen.net\/index.php?rest_route=\/wp\/v2\/users\/3"}],"replies":[{"embeddable":true,"href":"https:\/\/www.diarioimagen.net\/index.php?rest_route=%2Fwp%2Fv2%2Fcomments&post=233038"}],"version-history":[{"count":0,"href":"https:\/\/www.diarioimagen.net\/index.php?rest_route=\/wp\/v2\/posts\/233038\/revisions"}],"wp:attachment":[{"href":"https:\/\/www.diarioimagen.net\/index.php?rest_route=%2Fwp%2Fv2%2Fmedia&parent=233038"}],"wp:term":[{"taxonomy":"category","embeddable":true,"href":"https:\/\/www.diarioimagen.net\/index.php?rest_route=%2Fwp%2Fv2%2Fcategories&post=233038"},{"taxonomy":"post_tag","embeddable":true,"href":"https:\/\/www.diarioimagen.net\/index.php?rest_route=%2Fwp%2Fv2%2Ftags&post=233038"}],"curies":[{"name":"wp","href":"https:\/\/api.w.org\/{rel}","templated":true}]}}