{"id":233048,"date":"2015-09-03T00:09:32","date_gmt":"2015-09-03T05:09:32","guid":{"rendered":"http:\/\/www.diarioimagen.net\/?p=233048"},"modified":"2015-09-03T06:05:24","modified_gmt":"2015-09-03T11:05:24","slug":"mexico-entre-populismo-crisis-incertidumbre-e-irritacion","status":"publish","type":"post","link":"https:\/\/www.diarioimagen.net\/?p=233048","title":{"rendered":"M\u00e9xico, entre populismo, crisis, incertidumbre e irritaci\u00f3n"},"content":{"rendered":"<h2>Tras la puerta del poder<\/h2>\n<h5>Roberto Vizca\u00edno<\/h5>\n<p>&nbsp;<\/p>\n<ul>\n<li><strong><em>Pe\u00f1a Nieto anunci\u00f3 la aplicaci\u00f3n de 10 grandes medidas, que incluyen la participaci\u00f3n de la IP y la Bolsa<\/em><\/strong><\/li>\n<\/ul>\n<p><a href=\"http:\/\/www.diarioimagen.net\/?attachment_id=233084\" rel=\"attachment wp-att-233084\"><img loading=\"lazy\" decoding=\"async\" class=\"alignleft size-medium wp-image-233084\" src=\"http:\/\/www.diarioimagen.net\/wp-content\/uploads\/2015\/09\/EL-RUEGO-DE-RIVERA-jose-luis-2690-240x198.jpg\" alt=\"EL-RUEGO-DE-RIVERA-jose-luis-2690\" width=\"240\" height=\"198\" srcset=\"https:\/\/www.diarioimagen.net\/wp-content\/uploads\/2015\/09\/EL-RUEGO-DE-RIVERA-jose-luis-2690-240x198.jpg 240w, https:\/\/www.diarioimagen.net\/wp-content\/uploads\/2015\/09\/EL-RUEGO-DE-RIVERA-jose-luis-2690-420x347.jpg 420w, https:\/\/www.diarioimagen.net\/wp-content\/uploads\/2015\/09\/EL-RUEGO-DE-RIVERA-jose-luis-2690.jpg 1200w\" sizes=\"auto, (max-width: 240px) 100vw, 240px\" \/><\/a>Al rendir su Tercer Informe, el presidente Enrique Pe\u00f1a Nieto, no s\u00f3lo hizo un detallado recuento de logros, sino que reconoci\u00f3 que en \u201cel \u00faltimo a\u00f1o ha sido dif\u00edcil para M\u00e9xico\u201d.<\/p>\n<p>En ese lapso hemos vivido el asesinato y desaparici\u00f3n de los 43 normalistas de Ayotzinapa, la fuga de Joaqu\u00edn Guzm\u00e1n, \u201cEl Chapo\u201d, el tema del conflicto de inter\u00e9s que lo involucr\u00f3 a \u00e9l y su esposa y denuncias de corrupci\u00f3n de alcaldes, gobernadores, funcionarios federales y empresarios lo que ha generado irritaci\u00f3n e indignaci\u00f3n entre los ciudadanos, precis\u00f3.<\/p>\n<p>Por si fuese poco los mexicanos han entrado en la incertidumbre debido a la ca\u00edda del precio del petr\u00f3leo, el ascenso del d\u00f3lar frente al peso y por no saber c\u00f3mo afecta eso a la econom\u00eda nacional y de las familias.<\/p>\n<p>En este contexto, agreg\u00f3, la desigualdad social se ha incrementado no s\u00f3lo en M\u00e9xico sino en el mundo entero lo que se complica por un avance tecnol\u00f3gico que permite que, a trav\u00e9s de las redes sociales, se expanda la frustraci\u00f3n y el pesimismo, el desencanto y el malestar social que lo mismo afecta a las sociedades de Europa, que las de Asia y Am\u00e9rica.<\/p>\n<p>\u201cLos medios digitales y las redes sociales reflejan estos sentimientos de preocupaci\u00f3n y enojo; manifiestan que las cosas no funcionan y dan voz a una exigencia generalizada de cambio \u2500de cambio inmediato\u2500.<\/p>\n<p>En todas las naciones surgen dudas y se enfrentan dilemas sobre cu\u00e1l es el mejor camino a seguir\u201d, se\u00f1al\u00f3.<\/p>\n<p style=\"text-align: center;\"><strong>LOS RIESGOS<\/strong><\/p>\n<p>Y agreg\u00f3:<\/p>\n<p>\u201cEn este ambiente de incertidumbre, el riesgo es que en su af\u00e1n de encontrar salidas r\u00e1pidas, las sociedades opten por salidas falsas.<\/p>\n<p>\u201cMe refiero al riesgo de creer que la intolerancia, la demagogia o el populismo, son verdaderas soluciones.<\/p>\n<p>\u201cEsto no es nuevo. Es una amenaza recurrente que ha acechado a las naciones en el pasado.<\/p>\n<p>\u201cHay ejemplos en la historia, en donde los sentimientos de inconformidad tras crisis econ\u00f3micas globales, facilitaron el surgimiento de doctrinas contrarias a la tolerancia y a los derechos humanos.<\/p>\n<p>\u201cEn esos episodios, la insatisfacci\u00f3n social fue tal, que nubl\u00f3 la mente, desplaz\u00f3 a la raz\u00f3n y a la propia ciudadan\u00eda; permitiendo el ascenso de gobiernos que ofrec\u00edan supuestas soluciones m\u00e1gicas.<\/p>\n<p>\u201cSin embargo, esos mismos gobiernos, lejos de llevar a sus sociedades hacia mejores condiciones de vida, alentaron el encono y la discordia; destruyeron sus instituciones y socavaron los derechos y libertades de su poblaci\u00f3n.<\/p>\n<p>\u201cDe manera abierta o velada, la demagogia y el populismo erosionan la confianza de la poblaci\u00f3n; alientan su insatisfacci\u00f3n; y fomentan el odio en contra de instituciones o comunidades enteras.<\/p>\n<p>\u201cDonde se impone la intolerancia, la demagogia o el populismo, las naciones, lejos de alcanzar el cambio anhelado, encuentran divisi\u00f3n o retroceso.<\/p>\n<p>Los cambios positivos y duraderos de toda sociedad, se logran por la v\u00eda de la responsabilidad, de la institucionalidad, de la estabilidad econ\u00f3mica, del respeto a los dem\u00e1s y de la voluntad de construir sobre lo que ya se ha avanzado\u201d, subray\u00f3.<\/p>\n<p>Esa es mi responsabilidad, como Presidente de la Rep\u00fablica.<\/p>\n<p style=\"text-align: center;\"><strong>SIN DIVIDIR, EXCLUIR O DESTRUIR<\/strong><\/p>\n<p>Frente a este enorme reto, dijo, su responsabilidad como Presidente de la Rep\u00fablica es el de avanzar \u201csin dividir; reformar sin excluir; transformar sin destruir\u201d.<\/p>\n<p>Por ello, indic\u00f3, en los 3 a\u00f1os que le restan a su mandato se aplicar\u00e1n 10 medidas con las cuales buscar\u00e1 enfrentar y solucionar la crisis de credibilidad, la irritaci\u00f3n social, la incertidumbre econ\u00f3mica y fortalecer el desarrollo del pa\u00eds.<\/p>\n<p>Estas medidas incluyen la aprobaci\u00f3n de leyes que deber\u00e1n fortalecer el estado de Derecho y hacer realidad la llamada \u201cjusticia cotidiana\u201d, que surge de la aplicaci\u00f3n de normas y procedimientos para que, por ejemplo, un trabajador despedido encuentre respuesta favorable y r\u00e1pida en su demanda contra el patr\u00f3n; o que una querella entre vecinos sea resuelta no s\u00f3lo en forma expedita sino justa. O que una divorciada sea protegida en su reclamo de pensi\u00f3n alimenticia.<\/p>\n<p>Las medidas de mayor alcance ser\u00e1n quiz\u00e1 las que prev\u00e9n el desarrollo de las regiones.<\/p>\n<p>En este punto, Pe\u00f1a Nieto pidi\u00f3 a los otros poderes y al resto de la sociedad reconocer que en M\u00e9xico existen en realidad muchos M\u00e9xicos, regiones enteras donde no existe ni equidad ni desarrollo igualitario. Es as\u00ed que los estados del norte y centro del pa\u00eds presentan un desarrollo muy distinto al del sureste.<\/p>\n<p>Y eso define grados de pobreza y atraso social, dijo. Por eso propondr\u00e1 al Congreso iniciativas a fin de crear zonas econ\u00f3micas especiales que ofrezcan incentivos para que las empresas generen desarrollo y creen bienestar a trav\u00e9s de empleo y capacitaci\u00f3n.<\/p>\n<p>Al parejo de eso, indic\u00f3, su administraci\u00f3n comenzar\u00e1 el mayor proyecto de renovaci\u00f3n de infraestructura educativa a fin de dotar al mayor n\u00famero de escuelas p\u00fablicas de agua, luz, ba\u00f1os, inmobiliario dentro de un edificio que cuente con pisos y muros, ventanas y techos no s\u00f3lo adecuados sino seguros.<\/p>\n<p>\u201cAnte la magnitud del reto, los recursos fiscales invertidos hasta el momento, han resultado insuficientes.<\/p>\n<p>\u201cPor eso, hoy anuncio la pr\u00f3xima emisi\u00f3n de Bonos de Infraestructura Educativa, en la Bolsa Mexicana de Valores, con los que habremos de respaldar y ampliar los alcances del Programa de la Reforma Educativa.<\/p>\n<p>\u201cSe trata de un innovador instrumento de ingenier\u00eda financiera, que permitir\u00e1 multiplicar, en los pr\u00f3ximos tres a\u00f1os, los recursos del Fondo de Aportaciones M\u00faltiples, de las entidades federativas que se sumen a este programa.<\/p>\n<p>\u201cCon el apoyo de los gobiernos y la confianza de los inversionistas, ser\u00e1 posible canalizar a las escuelas de M\u00e9xico recursos adicionales, del orden de 50 mil millones de pesos, de aqu\u00ed hacia el a\u00f1o 2018\u201d, explic\u00f3.<\/p>\n<p>Esta medida se suma a otra de igual importancia que tiene que ver con la necesaria creaci\u00f3n de infraestructura.<\/p>\n<p>\u201cA partir de la confianza que hoy tiene el mundo en M\u00e9xico, vamos a acelerar el desarrollo de la infraestructura nacional.<\/p>\n<p>\u201cCon esta visi\u00f3n, M\u00e9xico desarrollar\u00e1 innovadores instrumentos financieros que nos permitan captar mayores flujos de capital \u2014de forma \u00e1gil, eficaz y transparente\u2014 y dirigirlos a proyectos de infraestructura, incluyendo el sector energ\u00e9tico.<\/p>\n<p>\u201cEl primer instrumento de inversi\u00f3n se llamar\u00e1 FIBRA E. Con \u00e9l, los inversionistas participar\u00e1n en proyectos en materia energ\u00e9tica y de infraestructura; en condiciones similares a las que ofrecen las FIBRAS inmobiliarias, que han sido muy exitosas en los \u00faltimos a\u00f1os.<\/p>\n<p>\u201cY el segundo instrumento, ser\u00e1n los Certificados de Proyectos de Inversi\u00f3n. \u00c9stos permitir\u00e1n a los fondos de pensiones, aseguradoras y otros inversionistas institucionales \u2014nacionales y extranjeros\u2014 invertir en una amplia gama de proyectos, en todos los sectores de la econom\u00eda.<\/p>\n<p>\u201cDe manera complementaria, para detonar una mayor inversi\u00f3n del sector privado, a partir de 2016 se impulsar\u00e1n m\u00e1s proyectos de infraestructura en la modalidad de Asociaci\u00f3n P\u00fablico-Privada.<\/p>\n<p>\u201cDe esta manera, M\u00e9xico se pondr\u00e1 nuevamente a la vanguardia, en el dise\u00f1o de instrumentos financieros que alienten el crecimiento econ\u00f3mico y la generaci\u00f3n de empleos\u201d, enumer\u00f3.<\/p>\n<p>Es decir, que su f\u00f3rmula para responder a la crisis financiera y econ\u00f3mica externa e interna pasar\u00e1 por la participaci\u00f3n de la iniciativa privada en inversiones p\u00fablicas y por la Bolsa de Valores.<\/p>\n<p>Otra medida tiene que ver con potenciar la cultura y dentro de eso, dijo, propondr\u00e1 la creaci\u00f3n de la Secretar\u00eda de Cultura.<\/p>\n<p><em><a href=\"mailto:rvizcainoa@gmail.com\" target=\"_blank\">rvizcainoa@gmail.com<\/a><\/em><\/p>\n","protected":false},"excerpt":{"rendered":"<p><span style=\"color: #005497;\"><strong>Roberto Vizca\u00edno<\/strong><\/span><br \/>\n<br \/>\nAl rendir su Tercer Informe, el presidente Enrique Pe\u00f1a Nieto, no s\u00f3lo hizo un detallado recuento de logros, sino que reconoci\u00f3 que en \u201cel \u00faltimo a\u00f1o ha sido dif\u00edcil para M\u00e9xico\u201d.<\/p>\n","protected":false},"author":3,"featured_media":233084,"comment_status":"open","ping_status":"open","sticky":false,"template":"","format":"standard","meta":{"_monsterinsights_skip_tracking":false,"_monsterinsights_sitenote_active":false,"_monsterinsights_sitenote_note":"","_monsterinsights_sitenote_category":0,"footnotes":""},"categories":[136],"tags":[43674,93,94],"class_list":["post-233048","post","type-post","status-publish","format-standard","has-post-thumbnail","hentry","category-roberto-vizcaino-opinion","tag-opinion","tag-roberto-vizcaino","tag-tras-la-puerta-del-poder"],"_links":{"self":[{"href":"https:\/\/www.diarioimagen.net\/index.php?rest_route=\/wp\/v2\/posts\/233048","targetHints":{"allow":["GET"]}}],"collection":[{"href":"https:\/\/www.diarioimagen.net\/index.php?rest_route=\/wp\/v2\/posts"}],"about":[{"href":"https:\/\/www.diarioimagen.net\/index.php?rest_route=\/wp\/v2\/types\/post"}],"author":[{"embeddable":true,"href":"https:\/\/www.diarioimagen.net\/index.php?rest_route=\/wp\/v2\/users\/3"}],"replies":[{"embeddable":true,"href":"https:\/\/www.diarioimagen.net\/index.php?rest_route=%2Fwp%2Fv2%2Fcomments&post=233048"}],"version-history":[{"count":0,"href":"https:\/\/www.diarioimagen.net\/index.php?rest_route=\/wp\/v2\/posts\/233048\/revisions"}],"wp:featuredmedia":[{"embeddable":true,"href":"https:\/\/www.diarioimagen.net\/index.php?rest_route=\/wp\/v2\/media\/233084"}],"wp:attachment":[{"href":"https:\/\/www.diarioimagen.net\/index.php?rest_route=%2Fwp%2Fv2%2Fmedia&parent=233048"}],"wp:term":[{"taxonomy":"category","embeddable":true,"href":"https:\/\/www.diarioimagen.net\/index.php?rest_route=%2Fwp%2Fv2%2Fcategories&post=233048"},{"taxonomy":"post_tag","embeddable":true,"href":"https:\/\/www.diarioimagen.net\/index.php?rest_route=%2Fwp%2Fv2%2Ftags&post=233048"}],"curies":[{"name":"wp","href":"https:\/\/api.w.org\/{rel}","templated":true}]}}