{"id":233169,"date":"2015-09-04T00:04:11","date_gmt":"2015-09-04T05:04:11","guid":{"rendered":"http:\/\/www.diarioimagen.net\/?p=233169"},"modified":"2015-09-07T00:14:03","modified_gmt":"2015-09-07T05:14:03","slug":"reforma-energetica-motor-de-desarrollo","status":"publish","type":"post","link":"https:\/\/www.diarioimagen.net\/?p=233169","title":{"rendered":"Reforma energ\u00e9tica, motor de desarrollo"},"content":{"rendered":"<ul>\n<li><strong><em>Instituto Mexicano de Ejecutivos de Finanzas<\/em><\/strong><\/li>\n<\/ul>\n<div id=\"attachment_233257\" style=\"width: 250px\" class=\"wp-caption alignleft\"><a href=\"http:\/\/www.diarioimagen.net\/?attachment_id=233257\" rel=\"attachment wp-att-233257\"><img loading=\"lazy\" decoding=\"async\" aria-describedby=\"caption-attachment-233257\" class=\"size-medium wp-image-233257\" src=\"http:\/\/www.diarioimagen.net\/wp-content\/uploads\/2015\/09\/gandara-2691-240x135.jpg\" alt=\"Joaqu\u00edn G\u00e1ndara Ruiz, vicepresidente del IMEF.\" width=\"240\" height=\"135\" srcset=\"https:\/\/www.diarioimagen.net\/wp-content\/uploads\/2015\/09\/gandara-2691-240x135.jpg 240w, https:\/\/www.diarioimagen.net\/wp-content\/uploads\/2015\/09\/gandara-2691-420x236.jpg 420w, https:\/\/www.diarioimagen.net\/wp-content\/uploads\/2015\/09\/gandara-2691-235x132.jpg 235w, https:\/\/www.diarioimagen.net\/wp-content\/uploads\/2015\/09\/gandara-2691-202x114.jpg 202w, https:\/\/www.diarioimagen.net\/wp-content\/uploads\/2015\/09\/gandara-2691-350x196.jpg 350w, https:\/\/www.diarioimagen.net\/wp-content\/uploads\/2015\/09\/gandara-2691-220x123.jpg 220w, https:\/\/www.diarioimagen.net\/wp-content\/uploads\/2015\/09\/gandara-2691-237x132.jpg 237w, https:\/\/www.diarioimagen.net\/wp-content\/uploads\/2015\/09\/gandara-2691.jpg 480w\" sizes=\"auto, (max-width: 240px) 100vw, 240px\" \/><\/a><p id=\"caption-attachment-233257\" class=\"wp-caption-text\">Joaqu\u00edn G\u00e1ndara Ruiz, vicepresidente del IMEF.<\/p><\/div>\n<p>Para la segunda mitad de este sexenio la reforma energ\u00e9tica atraer\u00e1 inversiones a M\u00e9xico y ser\u00e1 el motor de crecimiento, aunque ahora los bajos precios del petr\u00f3leo no la favorezcan, afirm\u00f3 el Instituto Mexicano de Ejecutivos de Finanzas (IMEF).<\/p>\n<p>El vicepresidente del IMEF, Joaqu\u00edn G\u00e1ndara Ruiz, dijo que si bien en la reciente licitaci\u00f3n de la Ronda Uno los resultados no fueron del todo favorables ni se lograron los objetivos que se buscaron, tambi\u00e9n hubo mucho aprendizaje.<\/p>\n<p>\u201cEstamos seguros que en las siguientes licitaciones de la Ronda Uno y las licitaciones posteriores, se lograr\u00e1n las inversiones que este pa\u00eds requiere para tener el crecimiento que todos estamos esperando\u201d.<\/p>\n<p>Durante la inauguraci\u00f3n del Foro IMEF \u201cLos efectos de la reforma energ\u00e9tica en la industria y el comercio en M\u00e9xico\u201d, afirm\u00f3 que esta reforma es la m\u00e1s importante de todas las que se aprobaron en 2013, y eran esperadas desde hace 20 a\u00f1os.<\/p>\n<p>Se\u00f1al\u00f3 que despu\u00e9s de 75 a\u00f1os de tener un sector energ\u00e9tico cerrado, finalmente \u00e9ste se logr\u00f3 abrir a la inversi\u00f3n privada, aunque lament\u00f3 que en la actualidad los bajos precios internacionales del petr\u00f3leo no favorecen a este cambio estructural.<\/p>\n<p>\u201cEn el IMEF estamos seguros que la reforma energ\u00e9tica atraer\u00e1 mucha inversi\u00f3n en M\u00e9xico y ser\u00e1 motor de crecimiento para la segunda mitad de este sexenio\u201d, sostuvo G\u00e1ndara Ruiz ante representantes de empresas y dependencias del sector.<\/p>\n<p>Expres\u00f3 que M\u00e9xico vive momentos de turbulencia financiera ocasionados por factores ajenos al pa\u00eds, como la crisis en Grecia, la desaceleraci\u00f3n de China, precios del petr\u00f3leo a la baja e incertidumbre sobre el momento y ritmo del alza de tasas por parte de la Reserva Federal de Estados Unidos.<\/p>\n<p>El vicepresidente del IMEF se\u00f1al\u00f3 que este escenario internacional ha afectado a M\u00e9xico en el tipo de cambio, pero tambi\u00e9n resalt\u00f3 que el pa\u00eds ha podido sortearlo ya que tiene un entorno internacional fuerte.<\/p>\n<p>Por su parte, el presidente de la Asociaci\u00f3n Nacional de Abogados de Empresas (ANADE), Ricardo Cervantes Vargas, coincidi\u00f3 que el comportamiento del precio del petr\u00f3leo y del tipo de cambio no han sido favorables para detonar el sector energ\u00e9tico.<\/p>\n<p>No obstante, subray\u00f3, lo importante es que con las reformas estructurales ya aprobadas se ha construido el andamiaje necesario para que este todo listo en el sector energ\u00e9tico en el momento en el que los factores econ\u00f3micos lo permitan, o los avances tecnol\u00f3gicos hagan m\u00e1s rentables la explotaci\u00f3n.<\/p>\n","protected":false},"excerpt":{"rendered":"<p>Para la segunda mitad de este sexenio la reforma energ\u00e9tica atraer\u00e1 inversiones a M\u00e9xico y ser\u00e1 el motor de crecimiento, aunque ahora los bajos precios del petr\u00f3leo no la favorezcan, afirm\u00f3 el Instituto Mexicano de Ejecutivos de Finanzas (IMEF).<\/p>\n","protected":false},"author":3,"featured_media":233257,"comment_status":"open","ping_status":"open","sticky":false,"template":"","format":"standard","meta":{"_monsterinsights_skip_tracking":false,"_monsterinsights_sitenote_active":false,"_monsterinsights_sitenote_note":"","_monsterinsights_sitenote_category":0,"footnotes":""},"categories":[3],"tags":[6373,2238,43673,18768],"class_list":["post-233169","post","type-post","status-publish","format-standard","has-post-thumbnail","hentry","category-nacional","tag-imei","tag-instituto-mexicano-de-ejecutivos-de-finanzas","tag-nacional","tag-reformas"],"_links":{"self":[{"href":"https:\/\/www.diarioimagen.net\/index.php?rest_route=\/wp\/v2\/posts\/233169","targetHints":{"allow":["GET"]}}],"collection":[{"href":"https:\/\/www.diarioimagen.net\/index.php?rest_route=\/wp\/v2\/posts"}],"about":[{"href":"https:\/\/www.diarioimagen.net\/index.php?rest_route=\/wp\/v2\/types\/post"}],"author":[{"embeddable":true,"href":"https:\/\/www.diarioimagen.net\/index.php?rest_route=\/wp\/v2\/users\/3"}],"replies":[{"embeddable":true,"href":"https:\/\/www.diarioimagen.net\/index.php?rest_route=%2Fwp%2Fv2%2Fcomments&post=233169"}],"version-history":[{"count":0,"href":"https:\/\/www.diarioimagen.net\/index.php?rest_route=\/wp\/v2\/posts\/233169\/revisions"}],"wp:featuredmedia":[{"embeddable":true,"href":"https:\/\/www.diarioimagen.net\/index.php?rest_route=\/wp\/v2\/media\/233257"}],"wp:attachment":[{"href":"https:\/\/www.diarioimagen.net\/index.php?rest_route=%2Fwp%2Fv2%2Fmedia&parent=233169"}],"wp:term":[{"taxonomy":"category","embeddable":true,"href":"https:\/\/www.diarioimagen.net\/index.php?rest_route=%2Fwp%2Fv2%2Fcategories&post=233169"},{"taxonomy":"post_tag","embeddable":true,"href":"https:\/\/www.diarioimagen.net\/index.php?rest_route=%2Fwp%2Fv2%2Ftags&post=233169"}],"curies":[{"name":"wp","href":"https:\/\/api.w.org\/{rel}","templated":true}]}}