{"id":233483,"date":"2015-09-07T00:08:08","date_gmt":"2015-09-07T05:08:08","guid":{"rendered":"http:\/\/www.diarioimagen.net\/?p=233483"},"modified":"2015-09-08T02:27:21","modified_gmt":"2015-09-08T07:27:21","slug":"publican-licitacion-para-venta-de-cinco-ingenios-azucareros","status":"publish","type":"post","link":"https:\/\/www.diarioimagen.net\/?p=233483","title":{"rendered":"Publican licitaci\u00f3n para vender cinco ingenios azucareros"},"content":{"rendered":"<ul>\n<li><strong><em>Operan en Veracruz y San Luis Potos\u00ed<\/em><\/strong><\/li>\n<\/ul>\n<div id=\"attachment_233484\" style=\"width: 250px\" class=\"wp-caption alignleft\"><a href=\"http:\/\/www.diarioimagen.net\/?attachment_id=233484\" rel=\"attachment wp-att-233484\"><img loading=\"lazy\" decoding=\"async\" aria-describedby=\"caption-attachment-233484\" class=\"wp-image-233484 size-medium\" src=\"http:\/\/www.diarioimagen.net\/wp-content\/uploads\/2015\/09\/CA\u00d1A-portal-240x140.jpg\" alt=\"Los cinco ingenios que est\u00e1n a la venta representan para el Estado un elevado costo en su administraci\u00f3n que impide atender otros bienes o servicios y satisfacer mayores necesidades colectivas.\" width=\"240\" height=\"140\" srcset=\"https:\/\/www.diarioimagen.net\/wp-content\/uploads\/2015\/09\/CA\u00d1A-portal-240x140.jpg 240w, https:\/\/www.diarioimagen.net\/wp-content\/uploads\/2015\/09\/CA\u00d1A-portal-420x245.jpg 420w, https:\/\/www.diarioimagen.net\/wp-content\/uploads\/2015\/09\/CA\u00d1A-portal.jpg 480w\" sizes=\"auto, (max-width: 240px) 100vw, 240px\" \/><\/a><p id=\"caption-attachment-233484\" class=\"wp-caption-text\">Los cinco ingenios que est\u00e1n a la venta representan para el Estado un elevado costo en su administraci\u00f3n que impide atender otros bienes o servicios y satisfacer mayores necesidades colectivas.<\/p><\/div>\n<p>Ayer se emiti\u00f3 la convocatoria de la licitaci\u00f3n para la venta de cinco unidades industriales que operan como ingenios azucareros en los estados de Veracruz y San Luis Potos\u00ed.<\/p>\n<p>En el <em>Diario Oficial de la Federaci\u00f3n<\/em> se expone que dichas unidades representan para el Estado un elevado costo en su administraci\u00f3n, que impide atender otros bienes o servicios y satisfacer mayores necesidades colectivas.<\/p>\n<p>En ese sentido, el Servicio de Administraci\u00f3n y Enajenaci\u00f3n de Bienes (SAE) destaca los beneficios de la venta de los ingenios \u201dEl Potrero\u201d y \u201cSan Miguelito\u201d, ubicados en Atoyac y C\u00f3rdoba, \u201cEl Modelo\u201d y \u201cLa Providencia\u201d, en La Antigua y Cuichapa, en Veracruz, y \u201cPlan de San Luis\u201d, en Ciudad Valles, San Luis Potos\u00ed.<\/p>\n<p>Asegura que con esa venta se podr\u00e1 generar inversiones que mejoren el desarrollo sustentable y sostenido en el sector agroindustrial y de productividad en beneficio de los consumidores, productores y trabajadores vinculados.<\/p>\n<p>En cuanto a los plazos del proceso de licitaci\u00f3n, que va desde la publicaci\u00f3n de la convocatoria, bases de venta, registro de participantes, presentaci\u00f3n y apertura de ofertas de compra hasta el fallo, el organismo precisa que \u00e9stas son del 7 de septiembre al 24 de noviembre pr\u00f3ximo.<\/p>\n<p>Indica que podr\u00e1n participar en la licitaci\u00f3n las personas morales, nacionales o extranjeras, constituidas y existentes conforme a las leyes que las rijan, as\u00ed como fideicomisos y veh\u00edculos de prop\u00f3sito espec\u00edfico.<\/p>\n<p>Tambi\u00e9n las personas f\u00edsicas, nacionales o extranjeras, que cuenten con plena capacidad de goce y ejercicio para ejercer el comercio conforme a lo previsto por las leyes mexicanas.<\/p>\n<p>Adem\u00e1s, gobiernos estatales o municipales o sus entidades u organismos, siempre y cuando el marco legal que los rija as\u00ed lo permita.<\/p>\n<p>A\u00f1ade que previa solicitud, a m\u00e1s tardar el 10 de noviembre, la Comisi\u00f3n Federal de Competencia (Cofece) notificar\u00e1 a los participantes las resoluciones que expida y remitir\u00e1 al SAE una lista con los nombres de hayan obtenido opini\u00f3n favorable para que sus ofertas de compra puedan ser consideradas.<\/p>\n","protected":false},"excerpt":{"rendered":"<p>Ayer se emiti\u00f3 la convocatoria de la licitaci\u00f3n para la venta de cinco unidades industriales que operan como ingenios azucareros en los estados de Veracruz y San Luis Potos\u00ed. En el <em>Diario Oficial de la Federaci\u00f3n<\/em> se expone que dichas unidades representan para el Estado un elevado costo en su administraci\u00f3n, que impide atender otros bienes o servicios y satisfacer mayores necesidades colectivas.<\/p>\n","protected":false},"author":5,"featured_media":233484,"comment_status":"open","ping_status":"open","sticky":false,"template":"","format":"standard","meta":{"_monsterinsights_skip_tracking":false,"_monsterinsights_sitenote_active":false,"_monsterinsights_sitenote_note":"","_monsterinsights_sitenote_category":0,"footnotes":""},"categories":[3],"tags":[5011,342,43673,48,52],"class_list":["post-233483","post","type-post","status-publish","format-standard","has-post-thumbnail","hentry","category-nacional","tag-diario-oficial-de-la-federacion","tag-licitacion","tag-nacional","tag-san-luis-potosi","tag-veracruz"],"_links":{"self":[{"href":"https:\/\/www.diarioimagen.net\/index.php?rest_route=\/wp\/v2\/posts\/233483","targetHints":{"allow":["GET"]}}],"collection":[{"href":"https:\/\/www.diarioimagen.net\/index.php?rest_route=\/wp\/v2\/posts"}],"about":[{"href":"https:\/\/www.diarioimagen.net\/index.php?rest_route=\/wp\/v2\/types\/post"}],"author":[{"embeddable":true,"href":"https:\/\/www.diarioimagen.net\/index.php?rest_route=\/wp\/v2\/users\/5"}],"replies":[{"embeddable":true,"href":"https:\/\/www.diarioimagen.net\/index.php?rest_route=%2Fwp%2Fv2%2Fcomments&post=233483"}],"version-history":[{"count":0,"href":"https:\/\/www.diarioimagen.net\/index.php?rest_route=\/wp\/v2\/posts\/233483\/revisions"}],"wp:featuredmedia":[{"embeddable":true,"href":"https:\/\/www.diarioimagen.net\/index.php?rest_route=\/wp\/v2\/media\/233484"}],"wp:attachment":[{"href":"https:\/\/www.diarioimagen.net\/index.php?rest_route=%2Fwp%2Fv2%2Fmedia&parent=233483"}],"wp:term":[{"taxonomy":"category","embeddable":true,"href":"https:\/\/www.diarioimagen.net\/index.php?rest_route=%2Fwp%2Fv2%2Fcategories&post=233483"},{"taxonomy":"post_tag","embeddable":true,"href":"https:\/\/www.diarioimagen.net\/index.php?rest_route=%2Fwp%2Fv2%2Ftags&post=233483"}],"curies":[{"name":"wp","href":"https:\/\/api.w.org\/{rel}","templated":true}]}}