{"id":233518,"date":"2015-09-08T00:13:03","date_gmt":"2015-09-08T05:13:03","guid":{"rendered":"http:\/\/www.diarioimagen.net\/?p=233518"},"modified":"2015-09-08T05:25:18","modified_gmt":"2015-09-08T10:25:18","slug":"respaldo-a-la-propuesta-de-cinco-regiones-educativas","status":"publish","type":"post","link":"https:\/\/www.diarioimagen.net\/?p=233518","title":{"rendered":"Respaldo a la propuesta de cinco regiones educativas"},"content":{"rendered":"<h2>Arco Norte<\/h2>\n<h5>Jos\u00e9 Luis Monta\u00f1ez Aguilar<\/h5>\n<p>&nbsp;<\/p>\n<div id=\"attachment_233585\" style=\"width: 250px\" class=\"wp-caption alignleft\"><a href=\"http:\/\/www.diarioimagen.net\/?attachment_id=233585\" rel=\"attachment wp-att-233585\"><img loading=\"lazy\" decoding=\"async\" aria-describedby=\"caption-attachment-233585\" class=\"size-medium wp-image-233585\" src=\"http:\/\/www.diarioimagen.net\/wp-content\/uploads\/2015\/09\/gem-2693-240x135.jpg\" alt=\"Eruviel \u00c1vila Villegas, gobernador del Estado de M\u00e9xico.\" width=\"240\" height=\"135\" srcset=\"https:\/\/www.diarioimagen.net\/wp-content\/uploads\/2015\/09\/gem-2693-240x135.jpg 240w, https:\/\/www.diarioimagen.net\/wp-content\/uploads\/2015\/09\/gem-2693-420x236.jpg 420w, https:\/\/www.diarioimagen.net\/wp-content\/uploads\/2015\/09\/gem-2693-235x132.jpg 235w, https:\/\/www.diarioimagen.net\/wp-content\/uploads\/2015\/09\/gem-2693-202x114.jpg 202w, https:\/\/www.diarioimagen.net\/wp-content\/uploads\/2015\/09\/gem-2693-350x196.jpg 350w, https:\/\/www.diarioimagen.net\/wp-content\/uploads\/2015\/09\/gem-2693-220x123.jpg 220w, https:\/\/www.diarioimagen.net\/wp-content\/uploads\/2015\/09\/gem-2693-237x132.jpg 237w, https:\/\/www.diarioimagen.net\/wp-content\/uploads\/2015\/09\/gem-2693.jpg 480w\" sizes=\"auto, (max-width: 240px) 100vw, 240px\" \/><\/a><p id=\"caption-attachment-233585\" class=\"wp-caption-text\">Eruviel \u00c1vila Villegas, gobernador del Estado de M\u00e9xico.<\/p><\/div>\n<p>Eruviel \u00c1vila Villegas, en su calidad de presidente de la Conferencia Nacional de Gobernadores (Conago), expres\u00f3 el respaldo de este organismo a la propuesta del titular de Educaci\u00f3n P\u00fablica, Aurelio Nu\u00f1o Mayer, de desconcentrar la labor de esta dependencia y la evaluaci\u00f3n en materia educativa, mediante la divisi\u00f3n del pa\u00eds en cinco regiones para llevar a cabo encuentros de manera regional, acci\u00f3n que permitir\u00e1 que las administraciones estatales puedan plantear las necesidades espec\u00edficas que cada entidad federativa tenga en este sector.<\/p>\n<p>\u201cDe acuerdo con la propuesta que est\u00e1 haciendo el secretario de Educaci\u00f3n, es ir cada tres meses, cuando menos cada tres meses al norte del pa\u00eds, al sur, al centro, por regiones para que los gobernadores podamos plantearle nuestras necesidades y podamos trabajar todos en equipo\u201d, apunt\u00f3.<\/p>\n<p>En este sentido adelant\u00f3 que este martes el secretario Nu\u00f1o Mayer realizar\u00e1 una gira de trabajo por el Edomex para inaugurar obras educativas. Eruviel \u00c1vila Villegas reiter\u00f3 que es necesario seguir trabajando en equipo y cerrar filas por el bien de la educaci\u00f3n mexicana, pero sobre todo por los ni\u00f1os y los j\u00f3venes del pa\u00eds, porque son el futuro y presente de M\u00e9xico.<\/p>\n<p>\u201cSi cerramos filas, por el bien de la educaci\u00f3n, si cerramos filas por las ni\u00f1as, por los ni\u00f1os por los j\u00f3venes, estoy cierto que otro gallo nos va a cantar para el bien de este gran pa\u00eds, y para el bien, especialmente, de lo m\u00e1s preciado que tenemos, que son las ni\u00f1as y ni\u00f1os, y j\u00f3venes de M\u00e9xico\u201d, concluy\u00f3.<\/p>\n<p><em><a href=\"mailto:montanezaguilar@gmail.com\" target=\"_blank\">montanezaguilar@gmail.com<\/a><\/em><\/p>\n","protected":false},"excerpt":{"rendered":"<p><span style=\"color: #005497;\"><strong>Jos\u00e9 Luis Monta\u00f1ez Aguilar<\/strong><\/span><br \/>\n<br \/>\nEruviel \u00c1vila Villegas, en su calidad de presidente de la Conferencia Nacional de Gobernadores (Conago), expres\u00f3 el respaldo de este organismo a la propuesta del titular de Educaci\u00f3n P\u00fablica, Aurelio Nu\u00f1o Mayer, de desconcentrar la labor de esta dependencia y la evaluaci\u00f3n en materia educativa, mediante la divisi\u00f3n del pa\u00eds en cinco regiones para llevar a cabo encuentros de manera regional, acci\u00f3n que permitir\u00e1 que las administraciones estatales puedan plantear las necesidades espec\u00edficas que cada entidad federativa tenga en este sector.<\/p>\n","protected":false},"author":3,"featured_media":233585,"comment_status":"open","ping_status":"open","sticky":false,"template":"","format":"standard","meta":{"_monsterinsights_skip_tracking":false,"_monsterinsights_sitenote_active":false,"_monsterinsights_sitenote_note":"","_monsterinsights_sitenote_category":0,"footnotes":""},"categories":[5],"tags":[13284,43704,43674],"class_list":["post-233518","post","type-post","status-publish","format-standard","has-post-thumbnail","hentry","category-estado-de-mexico","tag-arco-norte","tag-jose-luis-montanez-aguilar","tag-opinion"],"_links":{"self":[{"href":"https:\/\/www.diarioimagen.net\/index.php?rest_route=\/wp\/v2\/posts\/233518","targetHints":{"allow":["GET"]}}],"collection":[{"href":"https:\/\/www.diarioimagen.net\/index.php?rest_route=\/wp\/v2\/posts"}],"about":[{"href":"https:\/\/www.diarioimagen.net\/index.php?rest_route=\/wp\/v2\/types\/post"}],"author":[{"embeddable":true,"href":"https:\/\/www.diarioimagen.net\/index.php?rest_route=\/wp\/v2\/users\/3"}],"replies":[{"embeddable":true,"href":"https:\/\/www.diarioimagen.net\/index.php?rest_route=%2Fwp%2Fv2%2Fcomments&post=233518"}],"version-history":[{"count":0,"href":"https:\/\/www.diarioimagen.net\/index.php?rest_route=\/wp\/v2\/posts\/233518\/revisions"}],"wp:featuredmedia":[{"embeddable":true,"href":"https:\/\/www.diarioimagen.net\/index.php?rest_route=\/wp\/v2\/media\/233585"}],"wp:attachment":[{"href":"https:\/\/www.diarioimagen.net\/index.php?rest_route=%2Fwp%2Fv2%2Fmedia&parent=233518"}],"wp:term":[{"taxonomy":"category","embeddable":true,"href":"https:\/\/www.diarioimagen.net\/index.php?rest_route=%2Fwp%2Fv2%2Fcategories&post=233518"},{"taxonomy":"post_tag","embeddable":true,"href":"https:\/\/www.diarioimagen.net\/index.php?rest_route=%2Fwp%2Fv2%2Ftags&post=233518"}],"curies":[{"name":"wp","href":"https:\/\/api.w.org\/{rel}","templated":true}]}}