{"id":233534,"date":"2015-09-08T00:06:05","date_gmt":"2015-09-08T05:06:05","guid":{"rendered":"http:\/\/www.diarioimagen.net\/?p=233534"},"modified":"2015-09-08T05:29:12","modified_gmt":"2015-09-08T10:29:12","slug":"eruviel-avila-solidario-con-acciones-de-la-uaem","status":"publish","type":"post","link":"https:\/\/www.diarioimagen.net\/?p=233534","title":{"rendered":"Eruviel \u00c1vila, solidario con acciones de la UAEM"},"content":{"rendered":"<p><a href=\"http:\/\/www.diarioimagen.net\/?attachment_id=233589\" rel=\"attachment wp-att-233589\"><img loading=\"lazy\" decoding=\"async\" class=\"alignleft size-medium wp-image-233589\" src=\"http:\/\/www.diarioimagen.net\/wp-content\/uploads\/2015\/09\/uaem-2693-240x135.jpg\" alt=\"uaem-2693\" width=\"240\" height=\"135\" srcset=\"https:\/\/www.diarioimagen.net\/wp-content\/uploads\/2015\/09\/uaem-2693-240x135.jpg 240w, https:\/\/www.diarioimagen.net\/wp-content\/uploads\/2015\/09\/uaem-2693-420x236.jpg 420w, https:\/\/www.diarioimagen.net\/wp-content\/uploads\/2015\/09\/uaem-2693-235x132.jpg 235w, https:\/\/www.diarioimagen.net\/wp-content\/uploads\/2015\/09\/uaem-2693-202x114.jpg 202w, https:\/\/www.diarioimagen.net\/wp-content\/uploads\/2015\/09\/uaem-2693-350x196.jpg 350w, https:\/\/www.diarioimagen.net\/wp-content\/uploads\/2015\/09\/uaem-2693-220x123.jpg 220w, https:\/\/www.diarioimagen.net\/wp-content\/uploads\/2015\/09\/uaem-2693-237x132.jpg 237w, https:\/\/www.diarioimagen.net\/wp-content\/uploads\/2015\/09\/uaem-2693.jpg 480w\" sizes=\"auto, (max-width: 240px) 100vw, 240px\" \/><\/a>Las nuevas rutas de movilidad aprobadas para beneficio de los universitarios son una muestra de la solidaridad del gobernador Eruviel \u00c1vila Villegas hacia las acciones que emprende la Universidad Aut\u00f3noma del Estado de M\u00e9xico, sostuvo el rector Jorge Olvera Garc\u00eda, al entregar a los m\u00e1s de mil 500 estudiantes que conforman la matr\u00edcula de la Unidad Acad\u00e9mica Profesional UAEM Nezahualc\u00f3yotl una unidad del Potrob\u00fas. De gira por este espacio universitario, en el marco del Programa \u201cEscuchar y Trabajar para Transformar\u201d, el rector Jorge Olvera Garc\u00eda anunci\u00f3 que la Aut\u00f3noma mexiquense rendir\u00e1 un merecido homenaje al escritor, dramaturgo y promotor cultural Carlos Emilio Olvera Avelar.<\/p>\n<p>&nbsp;<\/p>\n","protected":false},"excerpt":{"rendered":"<p>Las nuevas rutas de movilidad aprobadas para beneficio de los universitarios son una muestra de la solidaridad del gobernador Eruviel \u00c1vila Villegas hacia las acciones que emprende la Universidad Aut\u00f3noma del Estado de M\u00e9xico, sostuvo el rector Jorge Olvera Garc\u00eda, al entregar a los m\u00e1s de mil 500 estudiantes que conforman la matr\u00edcula de la Unidad Acad\u00e9mica Profesional UAEM Nezahualc\u00f3yotl una unidad del Potrob\u00fas. De gira por este espacio universitario, en el marco del Programa \u201cEscuchar y Trabajar para Transformar\u201d, el rector Jorge Olvera Garc\u00eda anunci\u00f3 que la Aut\u00f3noma mexiquense rendir\u00e1 un merecido homenaje al escritor, dramaturgo y promotor cultural Carlos Emilio Olvera Avelar.<\/p>\n","protected":false},"author":3,"featured_media":233589,"comment_status":"open","ping_status":"open","sticky":false,"template":"","format":"standard","meta":{"_monsterinsights_skip_tracking":false,"_monsterinsights_sitenote_active":false,"_monsterinsights_sitenote_note":"","_monsterinsights_sitenote_category":0,"footnotes":""},"categories":[35155],"tags":[5828,43675,27015,1491],"class_list":["post-233534","post","type-post","status-publish","format-standard","has-post-thumbnail","hentry","category-estado-de-mexico-estado-de-mexico","tag-eruviel-avila-villegas","tag-estado-de-mexico","tag-jorge-olvera-garcia","tag-uaem"],"_links":{"self":[{"href":"https:\/\/www.diarioimagen.net\/index.php?rest_route=\/wp\/v2\/posts\/233534","targetHints":{"allow":["GET"]}}],"collection":[{"href":"https:\/\/www.diarioimagen.net\/index.php?rest_route=\/wp\/v2\/posts"}],"about":[{"href":"https:\/\/www.diarioimagen.net\/index.php?rest_route=\/wp\/v2\/types\/post"}],"author":[{"embeddable":true,"href":"https:\/\/www.diarioimagen.net\/index.php?rest_route=\/wp\/v2\/users\/3"}],"replies":[{"embeddable":true,"href":"https:\/\/www.diarioimagen.net\/index.php?rest_route=%2Fwp%2Fv2%2Fcomments&post=233534"}],"version-history":[{"count":0,"href":"https:\/\/www.diarioimagen.net\/index.php?rest_route=\/wp\/v2\/posts\/233534\/revisions"}],"wp:featuredmedia":[{"embeddable":true,"href":"https:\/\/www.diarioimagen.net\/index.php?rest_route=\/wp\/v2\/media\/233589"}],"wp:attachment":[{"href":"https:\/\/www.diarioimagen.net\/index.php?rest_route=%2Fwp%2Fv2%2Fmedia&parent=233534"}],"wp:term":[{"taxonomy":"category","embeddable":true,"href":"https:\/\/www.diarioimagen.net\/index.php?rest_route=%2Fwp%2Fv2%2Fcategories&post=233534"},{"taxonomy":"post_tag","embeddable":true,"href":"https:\/\/www.diarioimagen.net\/index.php?rest_route=%2Fwp%2Fv2%2Ftags&post=233534"}],"curies":[{"name":"wp","href":"https:\/\/api.w.org\/{rel}","templated":true}]}}