{"id":233541,"date":"2015-09-08T00:03:01","date_gmt":"2015-09-08T05:03:01","guid":{"rendered":"http:\/\/www.diarioimagen.net\/?p=233541"},"modified":"2015-09-08T23:54:35","modified_gmt":"2015-09-09T04:54:35","slug":"proyectos-productivos-por-mas-de-82-mil-mdd","status":"publish","type":"post","link":"https:\/\/www.diarioimagen.net\/?p=233541","title":{"rendered":"Proyectos productivos por m\u00e1s de 82 mil mdd"},"content":{"rendered":"<ul>\n<li><strong><em>M\u00e9xico, destino confiable: EPN<\/em><\/strong><\/li>\n<\/ul>\n<div id=\"attachment_233605\" style=\"width: 250px\" class=\"wp-caption alignleft\"><a href=\"http:\/\/www.diarioimagen.net\/?attachment_id=233605\" rel=\"attachment wp-att-233605\"><img loading=\"lazy\" decoding=\"async\" aria-describedby=\"caption-attachment-233605\" class=\"size-medium wp-image-233605\" src=\"http:\/\/www.diarioimagen.net\/wp-content\/uploads\/2015\/09\/epn-2693-240x135.jpg\" alt=\"El presidente Enrique Pe\u00f1a Nieto realiz\u00f3 ayer una gira de trabajo por el estado de Puebla.\" width=\"240\" height=\"135\" srcset=\"https:\/\/www.diarioimagen.net\/wp-content\/uploads\/2015\/09\/epn-2693-240x135.jpg 240w, https:\/\/www.diarioimagen.net\/wp-content\/uploads\/2015\/09\/epn-2693-420x236.jpg 420w, https:\/\/www.diarioimagen.net\/wp-content\/uploads\/2015\/09\/epn-2693-235x132.jpg 235w, https:\/\/www.diarioimagen.net\/wp-content\/uploads\/2015\/09\/epn-2693-202x114.jpg 202w, https:\/\/www.diarioimagen.net\/wp-content\/uploads\/2015\/09\/epn-2693-350x196.jpg 350w, https:\/\/www.diarioimagen.net\/wp-content\/uploads\/2015\/09\/epn-2693-220x123.jpg 220w, https:\/\/www.diarioimagen.net\/wp-content\/uploads\/2015\/09\/epn-2693-237x132.jpg 237w, https:\/\/www.diarioimagen.net\/wp-content\/uploads\/2015\/09\/epn-2693.jpg 480w\" sizes=\"auto, (max-width: 240px) 100vw, 240px\" \/><\/a><p id=\"caption-attachment-233605\" class=\"wp-caption-text\">El presidente Enrique Pe\u00f1a Nieto realiz\u00f3 ayer una gira de trabajo por el estado de Puebla.<\/p><\/div>\n<p>Al inaugurar el Bulevar Industria Automotriz y el Distribuidor Vial N\u00famero 9 del Anillo Perif\u00e9rico Ecol\u00f3gico, en San Jos\u00e9 Chiapa, Puebla, con una inversi\u00f3n del orden de mil 700 millones de pesos, el presidente Enrique Pe\u00f1a Nieto resalt\u00f3: \u201cM\u00e9xico se reafirma como un destino confiable para las inversiones productivas\u201d.<\/p>\n<p>A dos a\u00f1os nueve meses de la actual administraci\u00f3n, los proyectos e inversiones en el pa\u00eds constituyen una cifra hist\u00f3rica que supera los 82 mil millones de d\u00f3lares.<\/p>\n<p>El Presidente destac\u00f3 que junto a las ya existentes, se han hecho importantes anuncios de nuevas inversiones que habr\u00e1n de concretarse en los pr\u00f3ximos a\u00f1os, del orden de los 25 mil millones de d\u00f3lares.<\/p>\n<p>Durante la entrega de dos obras viales en este municipio poblano, dijo que las reformas estructurales aceleran la competitividad del pa\u00eds, \u201cpara volvernos m\u00e1s productivos, y sobre todo, para que seamos m\u00e1s atractivos a la inversi\u00f3n de empresarios nacionales y extranjeros\u201d.<\/p>\n<p>Acompa\u00f1ado del gobernador de Puebla, Rafael Moreno Valle, el jefe del Ejecutivo federal apunt\u00f3 que \u201cM\u00e9xico quiere seguir siendo un pa\u00eds confiable, quiere seguir despertando confianza para la propia sociedad mexicana y para aqu\u00e9llos que apuestan y se la juegan con M\u00e9xico\u201d.<\/p>\n<p>Mencion\u00f3 el caso de la empresa automotriz Audi, que se ubica en esa localidad, que permitir\u00e1 la creaci\u00f3n de empleo, y que junto con la construcci\u00f3n de infraestructura, favorecer\u00e1 el desarrollo de la regi\u00f3n.<\/p>\n<p>En este sentido, destac\u00f3 que hay un compromiso importante en el plan de infraestructura que permita elevar la calidad de vida de los habitantes de distintas regiones del pa\u00eds, para que lleguen nuevas inversiones y generen empleos, como es el caso de la automotriz de origen alem\u00e1n, en el que confluyen las v\u00edas inauguradas.<\/p>\n<p>Pe\u00f1a Nieto sostuvo que \u201cla decisi\u00f3n de Audi de establecerse aqu\u00ed no fue casual\u201d, pues tom\u00f3 en cuenta el clima de estabilidad laboral del pa\u00eds y el capital humano.<\/p>\n<p>Mencion\u00f3 que el Bulevar Industria Automotriz y el Distribuidor Vial D-9, son dos obras importantes que ha demando una inversi\u00f3n de mil 700 millones de pesos, que facilitar\u00e1 y agilizar\u00e1 el traslado de personas, incrementar\u00e1 y acelerar\u00e1 las condiciones de competitividad y har\u00e1 m\u00e1s seguros los viajes.<\/p>\n<p>En su oportunidad, el secretario de Comunicaciones y Transportes, Gerardo Ruiz Esparza, coincidi\u00f3 que estas obras de infraestructura promueven inversiones y crean fuentes de empleo con la participaci\u00f3n de empresas de talla internacional y altas especificaciones, como la planta ensambladora que por primera vez instala esa compa\u00f1\u00eda en M\u00e9xico.<\/p>\n<p>Dijo que las obras ayer inauguradas forman parte del Programa Nacional de Infraestructura y permitir\u00e1 la conexi\u00f3n con distintas vialidades.<\/p>\n<p>El funcionario dijo que de acuerdo a las 10 medidas instruidas por el Presidente en su Tercer Informe de Gobierno, enfatiz\u00f3 que la dependencia a su cargo est\u00e1 comprometida con el desa\u00adrrollo y la conclusi\u00f3n de la infraestructura nacional.<\/p>\n<p>Al t\u00e9rmino del acto, Pe\u00f1a Nieto realiz\u00f3 un recorrido por el Centro de Entrenamiento de Audi, donde observ\u00f3 el desarrollo de motores prototipo que la empresa fabricar\u00e1 en M\u00e9xico en su totalidad.<\/p>\n<p>&nbsp;<\/p>\n","protected":false},"excerpt":{"rendered":"<p>Al inaugurar el Bulevar Industria Automotriz y el Distribuidor Vial N\u00famero 9 del Anillo Perif\u00e9rico Ecol\u00f3gico, en San Jos\u00e9 Chiapa, Puebla, con una inversi\u00f3n del orden de mil 700 millones de pesos, el presidente Enrique Pe\u00f1a Nieto resalt\u00f3: \u201cM\u00e9xico se reafirma como un destino confiable para las inversiones productivas\u201d.<\/p>\n","protected":false},"author":3,"featured_media":233605,"comment_status":"open","ping_status":"open","sticky":false,"template":"","format":"standard","meta":{"_monsterinsights_skip_tracking":false,"_monsterinsights_sitenote_active":false,"_monsterinsights_sitenote_note":"","_monsterinsights_sitenote_category":0,"footnotes":""},"categories":[3],"tags":[18,10681,5247,43673],"class_list":["post-233541","post","type-post","status-publish","format-standard","has-post-thumbnail","hentry","category-nacional","tag-enrique-pena-nieto","tag-inauguracion","tag-inversion","tag-nacional"],"_links":{"self":[{"href":"https:\/\/www.diarioimagen.net\/index.php?rest_route=\/wp\/v2\/posts\/233541","targetHints":{"allow":["GET"]}}],"collection":[{"href":"https:\/\/www.diarioimagen.net\/index.php?rest_route=\/wp\/v2\/posts"}],"about":[{"href":"https:\/\/www.diarioimagen.net\/index.php?rest_route=\/wp\/v2\/types\/post"}],"author":[{"embeddable":true,"href":"https:\/\/www.diarioimagen.net\/index.php?rest_route=\/wp\/v2\/users\/3"}],"replies":[{"embeddable":true,"href":"https:\/\/www.diarioimagen.net\/index.php?rest_route=%2Fwp%2Fv2%2Fcomments&post=233541"}],"version-history":[{"count":0,"href":"https:\/\/www.diarioimagen.net\/index.php?rest_route=\/wp\/v2\/posts\/233541\/revisions"}],"wp:featuredmedia":[{"embeddable":true,"href":"https:\/\/www.diarioimagen.net\/index.php?rest_route=\/wp\/v2\/media\/233605"}],"wp:attachment":[{"href":"https:\/\/www.diarioimagen.net\/index.php?rest_route=%2Fwp%2Fv2%2Fmedia&parent=233541"}],"wp:term":[{"taxonomy":"category","embeddable":true,"href":"https:\/\/www.diarioimagen.net\/index.php?rest_route=%2Fwp%2Fv2%2Fcategories&post=233541"},{"taxonomy":"post_tag","embeddable":true,"href":"https:\/\/www.diarioimagen.net\/index.php?rest_route=%2Fwp%2Fv2%2Ftags&post=233541"}],"curies":[{"name":"wp","href":"https:\/\/api.w.org\/{rel}","templated":true}]}}