{"id":233596,"date":"2015-09-08T00:05:03","date_gmt":"2015-09-08T05:05:03","guid":{"rendered":"http:\/\/www.diarioimagen.net\/?p=233596"},"modified":"2015-09-08T05:33:11","modified_gmt":"2015-09-08T10:33:11","slug":"preparando-el-informe-capitalino","status":"publish","type":"post","link":"https:\/\/www.diarioimagen.net\/?p=233596","title":{"rendered":"Preparando el informe capitalino"},"content":{"rendered":"<h2>Detr\u00e1s del Poder<\/h2>\n<h5>Jos\u00e9 Antonio L\u00f3pez Sosa<\/h5>\n<p>&nbsp;<\/p>\n<p>Con una mayor\u00eda del naciente partido Morena, el 17 de septiembre el jefe de gobierno del Distrito Federal dar\u00e1 su informe anual, frente a la reci\u00e9n integrada VII Legislatura en la Asamblea Legislativa.<\/p>\n<p>Adem\u00e1s de los invitados especiales de Miguel \u00c1ngel Mancera en el recinto legislativo de Donceles, deber\u00e1n estar los 22 diputados de Morena, 19 del PRD, 10 del PAN, 6 del PRI, 3 del Partido Verde, 2 de Encuentro Social, 1 de Movimiento Ciudadano, 1 del extinto PT, 1 del PANAL y 1 del extinto Partido Humanista.<\/p>\n<p>Sin lugar a duda el escenario para Mancera ser\u00e1 distinto a lo que les toc\u00f3 vivir a Cuauht\u00e9moc C\u00e1rdenas, Rosario Robles, Andr\u00e9s Manuel L\u00f3pez Obrador y Marcelo Ebrard, los cuatro tuvieron una amplia mayor\u00eda perredista en su momento por lo que los informes anuales resultaban cosa m\u00e1s sencilla de lo que se espera en este 2015.<\/p>\n<p>La inc\u00f3gnita es la actitud y las reacciones de Mancera frente a los cuestionamientos que puedan surgir durante su informe, \u00e9l y su equipo vislumbr\u00e1ndose ya como candidato presidencial tienen muy poca tolerancia a las voces disidentes.<\/p>\n<p>Mientras tanto en las calles, la organizaci\u00f3n La Angostura, A.C. liderada por Rosa Mar\u00eda Ayala, ha se\u00f1alado que tendr\u00e1n una movilizaci\u00f3n fuera del recinto legislativo, exactamente durante el momento que Mancera rinda su informe para exigir derecho de audiencia con el jefe de gobierno.<\/p>\n<p>Este informe ser\u00e1 distinto, sin la operaci\u00f3n pol\u00edtica de H\u00e9ctor Serrano y con la responsabilidad a cuestas sobre Patricia Mercado, el escenario no luce nada sencillo para el doctor Mancera.<\/p>\n<p>Ahora bien, tambi\u00e9n el propio ejercicio de la presente administraci\u00f3n ha tenido como consecuencia una serie de inconformidades ciudadanas que no aparec\u00edan desde 1997 en el Distrito Federal.<\/p>\n<p>Mancera llega derrotado desde el momento que el PRD perdi\u00f3 la mayor\u00eda en la Asamblea, desde que las fuerzas internas de su partido \u2013por el que lleg\u00f3 al poder, aunque no sea militante&#8211;, no est\u00e1n con \u00e9l.<\/p>\n<p>Ahora falta esperar a ese d\u00eda, el 17 de septiembre pr\u00f3ximo y conocer el resultado del informe, tanto en el contenido del mismo como en lo que alrededor del mensaje de Mancera suceda.<\/p>\n<p><em><a href=\"http:\/\/www.lopezsosa.com\" target=\"_blank\">www.lopezsosa.com<\/a><br \/>\n<\/em><em><a href=\"mailto:joseantonio@lopezsosa.com\" target=\"_blank\">joseantonio@lopezsosa.com<\/a><\/em><br \/>\n<em><a href=\"http:\/\/twitter.com\/joseantonio1977\" target=\"_blank\">@joseantonio1977<\/a><\/em><\/p>\n","protected":false},"excerpt":{"rendered":"<p><span style=\"color: #005497;\"><strong>Jos\u00e9 Antonio L\u00f3pez Sosa<\/strong><\/span><\/p>\n","protected":false},"author":3,"featured_media":0,"comment_status":"open","ping_status":"open","sticky":false,"template":"","format":"standard","meta":{"_monsterinsights_skip_tracking":false,"_monsterinsights_sitenote_active":false,"_monsterinsights_sitenote_note":"","_monsterinsights_sitenote_category":0,"footnotes":""},"categories":[637],"tags":[],"class_list":["post-233596","post","type-post","status-publish","format-standard","hentry","category-jose-antonio-lopez-sosa"],"_links":{"self":[{"href":"https:\/\/www.diarioimagen.net\/index.php?rest_route=\/wp\/v2\/posts\/233596","targetHints":{"allow":["GET"]}}],"collection":[{"href":"https:\/\/www.diarioimagen.net\/index.php?rest_route=\/wp\/v2\/posts"}],"about":[{"href":"https:\/\/www.diarioimagen.net\/index.php?rest_route=\/wp\/v2\/types\/post"}],"author":[{"embeddable":true,"href":"https:\/\/www.diarioimagen.net\/index.php?rest_route=\/wp\/v2\/users\/3"}],"replies":[{"embeddable":true,"href":"https:\/\/www.diarioimagen.net\/index.php?rest_route=%2Fwp%2Fv2%2Fcomments&post=233596"}],"version-history":[{"count":0,"href":"https:\/\/www.diarioimagen.net\/index.php?rest_route=\/wp\/v2\/posts\/233596\/revisions"}],"wp:attachment":[{"href":"https:\/\/www.diarioimagen.net\/index.php?rest_route=%2Fwp%2Fv2%2Fmedia&parent=233596"}],"wp:term":[{"taxonomy":"category","embeddable":true,"href":"https:\/\/www.diarioimagen.net\/index.php?rest_route=%2Fwp%2Fv2%2Fcategories&post=233596"},{"taxonomy":"post_tag","embeddable":true,"href":"https:\/\/www.diarioimagen.net\/index.php?rest_route=%2Fwp%2Fv2%2Ftags&post=233596"}],"curies":[{"name":"wp","href":"https:\/\/api.w.org\/{rel}","templated":true}]}}