{"id":233764,"date":"2015-09-09T00:08:47","date_gmt":"2015-09-09T05:08:47","guid":{"rendered":"http:\/\/www.diarioimagen.net\/?p=233764"},"modified":"2015-09-09T02:26:42","modified_gmt":"2015-09-09T07:26:42","slug":"iguala-ayotzinapa-y-la-chiva","status":"publish","type":"post","link":"https:\/\/www.diarioimagen.net\/?p=233764","title":{"rendered":"Iguala, Ayotzinapa y \u201cla chiva\u201d"},"content":{"rendered":"<h2>\u00cdndice pol\u00edtico<\/h2>\n<h5>Francisco Rodr\u00edguez<\/h5>\n<p>&nbsp;<\/p>\n<p>Unos d\u00edas despu\u00e9s que sucediera la \u201cdesparici\u00f3n\u201d de 43 alumnos de la Escuela Normal Rural de Ayotzinapa, en Iguala, perpetrada por fuerzas oficiales \u2014estatales, municipales y federales\u2014, usted y yo coincidimos aqu\u00ed en 14 cuestiones fundamentales.<\/p>\n<p>Primera. Que la matanza ten\u00eda origen en el trasiego del narcotr\u00e1fico. Esencialmente, por un cargamento de amapola negra \u2014\u201dchiva\u201d, en el slang de fuerzas \u201cdel orden\u201d y delincuentes\u2014 que se encontraba en un cami\u00f3n de pasajeros que, supuestamente, los muchachos hab\u00edan secuestrado para trasladarse a la conmemoraci\u00f3n del 2 de octubre en la ciudad de M\u00e9xico.<\/p>\n<p>Segunda. Que al enterarse del \u201csecuestro de \u2018la chiva\u2019\u201d, los capos regionales, en absoluto acuerdo con los \u201cguardianes del orden\u201d, desconcertados por lo que pensaron que era robo, decidieron verlos como enemigos y liquidarlos.<\/p>\n<p>Tercera. Que el eslab\u00f3n de la cadena de mando hab\u00eda sido el secretario de Seguridad de Iguala, hoy desaparecido en extra\u00f1as condiciones \u2014se cree que fue eliminado o \u201cabatido\u201d, ahora en el slang de las autoridades sin autoridad\u2014, dependiente de Jos\u00e9 Luis Abarca y su esposa, hoy detenidos sin haber declarado una tilde ni un punto, mucho menos una jota, junto con 200 \u201csospechosos e implicados\u201d.<\/p>\n<p>Cuarta. Que el asunto fue de amplio conocimiento del \u201cgobernador\u201d de Guerrero \u00c1ngel Heladio Aguirre, hoy extra\u00f1amente libre de polvo y paja, a qui\u00e9n aceptaron su renuncia, sin haberlo implicado jam\u00e1s en los hechos, de los que no hay duda fue corresponsable.<\/p>\n<p>Quinta. Que las autoridades de la PGR, al mando del \u201ccansado\u201d Jes\u00fas Murillo Karam, jam\u00e1s fueron capaces de armar un solo expediente de averiguaci\u00f3n por incompetencia manifiesta, lo que resultaba altamente sospechoso.<\/p>\n<p>Sexta. Que la \u201cverdad hist\u00f3rica \u201c de Murillo sobre la incineraci\u00f3n de los cuerpos en el tiradero de basura de Cocula, era s\u00f3lo una distracci\u00f3n para ganar tiempo, toda vez que era material y f\u00edsicamente imposible no dejar una sola huella de algo que se hubiera convertido en un desastre forestal.<\/p>\n<p>S\u00e9ptima. Que los restos de los cuerpos enviados al laboratorio de Innsbruck, Austria, para realizar las pruebas de ADN, era material insuficiente para un estudio serio de los posibles cad\u00e1veres, cuyos cuerpos en vida posiblemente hubieran sido echados al mar o incinerados en otros hornos \u201cespeciales\u201d.<\/p>\n<p style=\"text-align: center;\"><strong>Nadie hizo caso<\/strong><\/p>\n<p>\u00a0Octava. Que en el trasiego de amapola negra, por su valor y cuant\u00eda, estaban involucrados los grandes c\u00e1rteles y capos estadunidenses que tomaban a los capos regionales de La Monta\u00f1a y Tierra Caliente de Guerrero, como simples operadores, sin derecho a voz ni a voto.<\/p>\n<p>Novena. Que los aparatos gubernamentales, helic\u00f3pteros, aviones y de algunos funcionarios estaban al servicio de ese negocio, que dejaba \u2014antes de \u201ccalentarse la plaza\u201d\u2014, varios miles de millones de d\u00f3lares al mes.<\/p>\n<p>D\u00e9cima. Que la apat\u00eda del gobierno, consistente en abstenerse de intervenir en lo que llamaron \u201cun asunto local\u201d, iba a prender la mecha, hasta lograr que el caso se convirtiera en un delito de lesa humanidad, atribuible por todas las cortes del mundo al gobierno mexicano.<\/p>\n<p>Decimaprimera. Que Pe\u00f1a Nieto deb\u00eda cancelar su gira de negocios a China para hacer frente a una situaci\u00f3n que estaba a punto de estallar.<\/p>\n<p>Decimasegunda. Que los participantes en la tragedia, v\u00edctimas y victimarios, formaban parte de la misma operaci\u00f3n, pues desde tiempos ancestrales se sab\u00eda que en La Monta\u00f1a de Guerrero, los normalistas de Ayotzinapa hab\u00edan convivido con los \u201cburros\u201d del trasiego, orillados por el desamparo y la miseria en la que viven.<\/p>\n<p>Decimatercera. Que era necesario aplicar la ley hasta sus \u00faltimas consecuencias, so pena de verse rebasado, hasta que el macabro crimen se convirtiera en la tragedia sexenal, que marcar\u00eda para siempre el sexenio.<\/p>\n<p>Decimacuarta. Que la aprehensi\u00f3n de los esposos Abarca se convirti\u00f3 en una necesidad de Estado, para poder tapar el sol con un dedo y hasta montaron una escenograf\u00eda televisiva \u2014tipo Garc\u00eda Luna, \u201cel polic\u00eda de titanio\u201d, jejeje\u2014, para que todos \u201cdesquitaran la chuleta\u201d.\u200e Hasta Monte Rubido qued\u00f3 bien parado.<\/p>\n<p>Nadie hizo caso. Todos se hicieron de la \u201cvista gorda\u201d o que \u201cla virgen les hablaba\u201d.\u200e Y lo que ten\u00eda que pasar, pas\u00f3. Dejaron madurar el asunto, hasta que se convirti\u00f3 en una papa caliente que ya nadie pudo cachar.<\/p>\n<p style=\"text-align: center;\"><strong>\u00bfY Aguirre Rivero? \u00bfY los Abarca? \u00bfY lo que queda del PRD?<\/strong><\/p>\n<p>\u00a0El Estado mexicano qued\u00f3 exhibido ante el mundo. Horrorizados, hasta los grandes depredadores del universo se retiraron y se han negado a hacer cualquier trato, en cualquier materia, aunque les ofrezcan las perlas de la Virgen o toda la riqueza del subsuelo a precio de regalo.<\/p>\n<p>Ahora que el Grupo de Investigadores de la Corte Intera\u00admericana de Derechos Humanos han ofrecido un informe deslavado, s\u00f3lo se quejan de que les hayan impedido hacer alguna pregunta a los corresponsables.<\/p>\n<p>Informe descremado, como que saben a qui\u00e9n lo dirigen. En ninguna parte del documento se menciona responsabilidad alguna para Aguirre Rivero, los Abarca, el jefe de Seguridad de Iguala, el director de la Normal de Ayotzinapa\u2026<\/p>\n<p>En ninguna parte se menciona el supuesto grado de responsabilidad de alg\u00fan grupo armado del aparato, parece que el delito lo cometi\u00f3 un santo milagroso, posiblemente San mamerto, el de las causas in\u00fatiles.<\/p>\n<p>Tambi\u00e9n soslayan la participaci\u00f3n del PRD que hoy causa su desmoronamiento.<\/p>\n<p>Todo el contenido del dichoso informe de expertos, se centra en desmentir a Murillo Karam y en aseverar que era imposible la cremaci\u00f3n de los cad\u00e1veres en el tiradero de Cocula. \u00bfPara llegar a esa conclusi\u00f3n tanto tiempo, tanto dinero y tanta alharaca?<\/p>\n<p>Ya lo sab\u00edamos. Lo que pasa es que ese documento parece haber sido hecho con el prop\u00f3sito de exonerar a los verdaderos responsables, y lo peor, a poner en bandeja la respuesta \u201coficial\u201d.<\/p>\n<p>Y la respuesta, se dio unos minutos despu\u00e9s, cuando se mont\u00f3 la escenograf\u00eda televisiva para que Arely G\u00f3mez hiciera una \u201ctonante\u201d declaraci\u00f3n&#8230; &#8230; que repitieron, casi como si fuera un bolet\u00edn pagado todos los noticieros impresos y le\u00eddos a modo: \u201c\u00a1Se har\u00e1 una nueva investigaci\u00f3n, con modernos peritajes!\u201d \u00bfD\u00f3nde habremos o\u00eddo esto?<\/p>\n<p>Con lo que se demostr\u00f3 una vez m\u00e1s que nunca hemos estado equivocados los que pensamos siempre mal de los documentos oficiales. \u00a1Parec\u00eda que todos los bandos estaban interesados en ponerle el corolario mensaje del 2 de septiembre en Palacio Nacional!<\/p>\n<p>S\u00f3lo que hoy, est\u00e1n inodados, desde el laboratorio de expertos de Innsbruck, pasando por la CIDH, la OEA, la CNDH, la secretar\u00edas encargadas de la seguridad, el gobierno y los medios.<\/p>\n<p>Ya no hay qui\u00e9n se salve. Ni al grito de \u200e\u00a1s\u00e1lvese quien pueda! hay quien pueda tirar ni los botes, ni los salvavidas. No hay en quien puedan confiar los que insisten en esclarecer el asunto.<\/p>\n<p>Un silencio c\u00f3mplice, una burla al colectivo. Un birlibirloque al tama\u00f1o del sexenio, que s\u00f3lo Dios sabe c\u00f3mo ser\u00e1 juzgado.<\/p>\n<p>S\u00f3lo que ahora, con la infame compa\u00f1\u00eda de los lenguaraces expertos en desaparecidos y campeones de derechos humanos.<\/p>\n<p>No cabe duda, en este mundo todo tiene un precio, aunque se pague con las l\u00e1grimas de los hijos de nuestros nietos.<\/p>\n<p>Y todav\u00eda quieren adornar el show \u00a1Ya p\u00e1renle! \u00bfQu\u00e9 quieren provocar?<\/p>\n<p>\u00bfPara eso sirve la lana de \u201cla chiva\u201d?<\/p>\n<p><strong><em>\u00cdndice Flam\u00edgero: <\/em><\/strong>\u00bfSabe usted quien es el ingeniero Manuel Sayavedra? Bueno, este hombre es el encargado de operar la mayor parte del presupuesto que tiene la delegaci\u00f3n Coyoac\u00e1n del DF. Se le identifica claramente porque el 80% de las obras que se generan en esa delegaci\u00f3n son llevadas a cabo por \u00e9l, aunque con diferentes empresas y claro nombres diferentes, as\u00ed como proveedores, todas absolutamente todas orquestadas por \u00e9l gracias al poder que le dio el anterior delegado -hoy diputado electo a la ALDF. En el medio se le conoce como \u201cel Higa de Coyoac\u00e1n\u201d, o como el brazo derecho de Mauricio Toledo. Los dem\u00e1s constructores del \u00e1rea denuncian que en reiteradas ocasiones buscaron ingresar y participar en alg\u00fan concurso de obra, y \u201csiempre fuimos impedidos y se nos cerraban las puertas para participar. No cabe duda que toda la red de corrupci\u00f3n y complicidad que teji\u00f3 en esta dependencia, con todo el poder a su disposici\u00f3n manej\u00f3 a su antojo la delegaci\u00f3n: Es de mencionar que dentro de esa red se encuentran funcionarios de las diferentes \u00e1reas que tuvo a su disposici\u00f3n para verse favorecido y poder obtener el mejor de los beneficios: personal de Obras, Servicios Urbanos, Participaci\u00f3n Ciudadana y Administraci\u00f3n, que tiene a su disposici\u00f3n y se les identifica claramente.\u201d \u00bfTendr\u00e1n una comisi\u00f3n de \u00e9tica en la ALDF para que rinda cuentas Mauricio Toledo?<\/p>\n<p><em><a href=\"http:\/\/www.indicepolitico.com\" target=\"_blank\">www.indicepolitico.com<\/a><\/em><br \/>\n<em><a href=\"mailto:pacorodriguez@journalist.com\" target=\"_blank\">pacorodriguez@journalist.com<\/a><\/em><\/p>\n","protected":false},"excerpt":{"rendered":"<p><span style=\"color: #005497;\"><strong>Francisco Rodr\u00edguez<\/strong><\/span><\/p>\n","protected":false},"author":3,"featured_media":0,"comment_status":"open","ping_status":"open","sticky":false,"template":"","format":"standard","meta":{"_monsterinsights_skip_tracking":false,"_monsterinsights_sitenote_active":false,"_monsterinsights_sitenote_note":"","_monsterinsights_sitenote_category":0,"footnotes":""},"categories":[549],"tags":[43689,550,43674],"class_list":["post-233764","post","type-post","status-publish","format-standard","hentry","category-francisco-rodriguez","tag-francisco-rodriguez","tag-indice-politico","tag-opinion"],"_links":{"self":[{"href":"https:\/\/www.diarioimagen.net\/index.php?rest_route=\/wp\/v2\/posts\/233764","targetHints":{"allow":["GET"]}}],"collection":[{"href":"https:\/\/www.diarioimagen.net\/index.php?rest_route=\/wp\/v2\/posts"}],"about":[{"href":"https:\/\/www.diarioimagen.net\/index.php?rest_route=\/wp\/v2\/types\/post"}],"author":[{"embeddable":true,"href":"https:\/\/www.diarioimagen.net\/index.php?rest_route=\/wp\/v2\/users\/3"}],"replies":[{"embeddable":true,"href":"https:\/\/www.diarioimagen.net\/index.php?rest_route=%2Fwp%2Fv2%2Fcomments&post=233764"}],"version-history":[{"count":0,"href":"https:\/\/www.diarioimagen.net\/index.php?rest_route=\/wp\/v2\/posts\/233764\/revisions"}],"wp:attachment":[{"href":"https:\/\/www.diarioimagen.net\/index.php?rest_route=%2Fwp%2Fv2%2Fmedia&parent=233764"}],"wp:term":[{"taxonomy":"category","embeddable":true,"href":"https:\/\/www.diarioimagen.net\/index.php?rest_route=%2Fwp%2Fv2%2Fcategories&post=233764"},{"taxonomy":"post_tag","embeddable":true,"href":"https:\/\/www.diarioimagen.net\/index.php?rest_route=%2Fwp%2Fv2%2Ftags&post=233764"}],"curies":[{"name":"wp","href":"https:\/\/api.w.org\/{rel}","templated":true}]}}