{"id":233839,"date":"2015-09-10T00:02:16","date_gmt":"2015-09-10T05:02:16","guid":{"rendered":"http:\/\/www.diarioimagen.net\/?p=233839"},"modified":"2015-10-01T04:40:48","modified_gmt":"2015-10-01T09:40:48","slug":"atletas-demuestran-que-si-es-posible-una-mejor-nacion-pena-nieto","status":"publish","type":"post","link":"https:\/\/www.diarioimagen.net\/?p=233839","title":{"rendered":"Reconoce EPN logros de atletas mexicanos en Toronto"},"content":{"rendered":"<ul>\n<li><strong><em>Encuentro en Los Pinos<\/em><\/strong><\/li>\n<\/ul>\n<div id=\"attachment_233840\" style=\"width: 250px\" class=\"wp-caption alignleft\"><a href=\"http:\/\/www.diarioimagen.net\/?attachment_id=233840\" rel=\"attachment wp-att-233840\"><img loading=\"lazy\" decoding=\"async\" aria-describedby=\"caption-attachment-233840\" class=\"wp-image-233840 size-medium\" src=\"http:\/\/www.diarioimagen.net\/wp-content\/uploads\/2015\/09\/PE\u00d1A-portal3-240x140.jpg\" alt=\"Enrique Pe\u00f1a Nieto recibi\u00f3 a las delegaciones de atletas que participaron en los Juegos Panamericanos y Parapanamericanos en Toronto.\" width=\"240\" height=\"140\" srcset=\"https:\/\/www.diarioimagen.net\/wp-content\/uploads\/2015\/09\/PE\u00d1A-portal3-240x140.jpg 240w, https:\/\/www.diarioimagen.net\/wp-content\/uploads\/2015\/09\/PE\u00d1A-portal3-420x245.jpg 420w, https:\/\/www.diarioimagen.net\/wp-content\/uploads\/2015\/09\/PE\u00d1A-portal3.jpg 480w\" sizes=\"auto, (max-width: 240px) 100vw, 240px\" \/><\/a><p id=\"caption-attachment-233840\" class=\"wp-caption-text\">El presidente Pe\u00f1a Nieto recibi\u00f3 en Los Pinos a los atletas y resalt\u00f3 el esfuerzo que cada uno de ellos hizo para poner el nombre de M\u00e9xico en alto.<\/p><\/div>\n<p>Las delegaciones mexicanas que participaron en los Juegos Pana\u00admericanos y Parapanamericanos Toronto 2015 fueron recibidas en la residencia oficial de Los Pinos por el presidente Enrique Pe\u00f1a Nieto para reconocer su esfuerzo por los logros en ambas competiciones.<\/p>\n<p>En nombre de los deportistas de cada una de las representaciones hablaron el mediofondista Juan Luis Barrios y la multimedallista en powerlifting, Amalia P\u00e9rez, quienes destacaron el esfuerzo de acudir a un evento de este tipo y representar a M\u00e9xico de la mejor manera.<\/p>\n<p>En la ceremonia el director general la Nacional de Cultura F\u00edsica y Deporte (Conade), Alfredo Castillo, realiz\u00f3 un recuento de los logros de los mexicanos en las justas deportivas de Canad\u00e1.<\/p>\n<p>Se\u00f1al\u00f3 que los atletas de las dos representaciones escribieron historias de \u00e9xito y superaci\u00f3n, adem\u00e1s de conseguir pasaporte a los juegos de R\u00edo 2016.<\/p>\n<p>Por su parte, el presidente Pe\u00f1a Nieto expuso que est\u00e1 orgulloso de tener en Los Pinos a deportistas triunfadores y resalt\u00f3 el esfuerzo que cada uno de ellos hizo para poner el nombre de M\u00e9xico en alto.<\/p>\n<p>En el pres\u00eddium estuvieron los competidores paral\u00edmpicos Gustavo S\u00e1nchez y Dora Mitzi Gonz\u00e1lez en nataci\u00f3n, as\u00ed como los clavadistas Paola Espinosa e Ivan Garc\u00eda, el ciclista Ignacio Prado y la esgrimista Julieta Toledo, entre otros, junto al presidente del Comit\u00e9 Ol\u00edmpico Mexicano, Carlos Padilla Becerra.<\/p>\n<p>&nbsp;<\/p>\n<p>&nbsp;<\/p>\n","protected":false},"excerpt":{"rendered":"<p>Las delegaciones mexicanas que participaron en los Juegos Pana\u00admericanos y Parapanamericanos Toronto 2015 fueron recibidas en la residencia oficial de Los Pinos por el presidente Enrique Pe\u00f1a Nieto para reconocer su esfuerzo por los logros en ambas competiciones.<\/p>\n","protected":false},"author":5,"featured_media":233840,"comment_status":"open","ping_status":"open","sticky":false,"template":"","format":"standard","meta":{"_monsterinsights_skip_tracking":false,"_monsterinsights_sitenote_active":false,"_monsterinsights_sitenote_note":"","_monsterinsights_sitenote_category":0,"footnotes":""},"categories":[10],"tags":[18,1546,16737],"class_list":["post-233839","post","type-post","status-publish","format-standard","has-post-thumbnail","hentry","category-deportes","tag-enrique-pena-nieto","tag-los-pinos","tag-toronto"],"_links":{"self":[{"href":"https:\/\/www.diarioimagen.net\/index.php?rest_route=\/wp\/v2\/posts\/233839","targetHints":{"allow":["GET"]}}],"collection":[{"href":"https:\/\/www.diarioimagen.net\/index.php?rest_route=\/wp\/v2\/posts"}],"about":[{"href":"https:\/\/www.diarioimagen.net\/index.php?rest_route=\/wp\/v2\/types\/post"}],"author":[{"embeddable":true,"href":"https:\/\/www.diarioimagen.net\/index.php?rest_route=\/wp\/v2\/users\/5"}],"replies":[{"embeddable":true,"href":"https:\/\/www.diarioimagen.net\/index.php?rest_route=%2Fwp%2Fv2%2Fcomments&post=233839"}],"version-history":[{"count":0,"href":"https:\/\/www.diarioimagen.net\/index.php?rest_route=\/wp\/v2\/posts\/233839\/revisions"}],"wp:featuredmedia":[{"embeddable":true,"href":"https:\/\/www.diarioimagen.net\/index.php?rest_route=\/wp\/v2\/media\/233840"}],"wp:attachment":[{"href":"https:\/\/www.diarioimagen.net\/index.php?rest_route=%2Fwp%2Fv2%2Fmedia&parent=233839"}],"wp:term":[{"taxonomy":"category","embeddable":true,"href":"https:\/\/www.diarioimagen.net\/index.php?rest_route=%2Fwp%2Fv2%2Fcategories&post=233839"},{"taxonomy":"post_tag","embeddable":true,"href":"https:\/\/www.diarioimagen.net\/index.php?rest_route=%2Fwp%2Fv2%2Ftags&post=233839"}],"curies":[{"name":"wp","href":"https:\/\/api.w.org\/{rel}","templated":true}]}}