{"id":233881,"date":"2015-09-10T00:06:08","date_gmt":"2015-09-10T05:06:08","guid":{"rendered":"http:\/\/www.diarioimagen.net\/?p=233881"},"modified":"2015-09-11T00:30:37","modified_gmt":"2015-09-11T05:30:37","slug":"supervisa-eruviel-avila-trabajos-del-teatro-morelos","status":"publish","type":"post","link":"https:\/\/www.diarioimagen.net\/?p=233881","title":{"rendered":"Supervisa Eruviel \u00c1vila trabajos del Teatro Morelos"},"content":{"rendered":"<p><strong><a href=\"http:\/\/www.diarioimagen.net\/?attachment_id=233976\" rel=\"attachment wp-att-233976\"><img loading=\"lazy\" decoding=\"async\" class=\"alignleft size-medium wp-image-233976\" src=\"http:\/\/www.diarioimagen.net\/wp-content\/uploads\/2015\/09\/eruviel-2695-240x135.jpg\" alt=\"eruviel-2695\" width=\"240\" height=\"135\" srcset=\"https:\/\/www.diarioimagen.net\/wp-content\/uploads\/2015\/09\/eruviel-2695-240x135.jpg 240w, https:\/\/www.diarioimagen.net\/wp-content\/uploads\/2015\/09\/eruviel-2695-420x236.jpg 420w, https:\/\/www.diarioimagen.net\/wp-content\/uploads\/2015\/09\/eruviel-2695-235x132.jpg 235w, https:\/\/www.diarioimagen.net\/wp-content\/uploads\/2015\/09\/eruviel-2695-202x114.jpg 202w, https:\/\/www.diarioimagen.net\/wp-content\/uploads\/2015\/09\/eruviel-2695-350x196.jpg 350w, https:\/\/www.diarioimagen.net\/wp-content\/uploads\/2015\/09\/eruviel-2695-220x123.jpg 220w, https:\/\/www.diarioimagen.net\/wp-content\/uploads\/2015\/09\/eruviel-2695-237x132.jpg 237w, https:\/\/www.diarioimagen.net\/wp-content\/uploads\/2015\/09\/eruviel-2695.jpg 480w\" sizes=\"auto, (max-width: 240px) 100vw, 240px\" \/><\/a>Toluca, Estado de M\u00e9xico<\/strong>.- El gobernador Eruviel \u00c1vila Villegas realiz\u00f3 un recorrido de supervisi\u00f3n de las obras de rehabilitaci\u00f3n que se realizan en el Teatro Morelos de la capital mexiquense, cuya estructura no hab\u00eda sido remodelada hace casi 50 a\u00f1os y ahora contar\u00e1 con elementos esc\u00e9nicos que lo colocar\u00e1n a la altura de recintos internacionales y se convertir\u00e1 en un lugar propicio para espect\u00e1culos de talla internacional.<\/p>\n<p>\u201cQuiero dirigirme a la comunidad art\u00edstica de nuestro pa\u00eds, a quienes hacen teatro, a quienes hacen cine, a quienes\u00a0 hacen televisi\u00f3n, mujeres y hombres, j\u00f3venes con experiencia que han actuado aqu\u00ed en este Teatro Morelos;\u00a0 ellos me dejaban recados y quiero decirles que les escuch\u00e9, ellos dejaban recados en el sentido de que necesit\u00e1bamos remodelarlo, actualizarlo, que el recinto no ten\u00eda las condiciones ideales para que nuestros artistas demostraran su talento, demostrar su calidad art\u00edstica, no ten\u00eda las condiciones para que la gente pudiese recibir un espect\u00e1culo y estar en las condiciones que merece.<\/p>\n<p>\u201cHoy le digo a la comunidad art\u00edstica, a la comunidad cultural que este es un gobierno que escucha y con apoyo del presidente Pe\u00f1a Nieto y trabajando en equipo con autoridades locales estamos llevando a cabo esta gran obra que no es promesa y ya se est\u00e1 ejecutando y habremos de inaugurar este mismo a\u00f1o\u201d, expres\u00f3.<\/p>\n<p>Despu\u00e9s de escuchar y platicar con los trabajadores de la obra, el gobernador refiri\u00f3 que se trata de un nuevo teatro, ya que tendr\u00e1 una caja esc\u00e9nica de m\u00e1s de 35 metros, un foso, 35 bambalinas, terraza verde, un mirador y se mejorar\u00e1 la visibilidad para que los espectadores en su totalidad disfruten del espect\u00e1culo.<\/p>\n","protected":false},"excerpt":{"rendered":"<p>El gobernador Eruviel \u00c1vila Villegas realiz\u00f3 un recorrido de supervisi\u00f3n de las obras de rehabilitaci\u00f3n que se realizan en el Teatro Morelos de la capital mexiquense, cuya estructura no hab\u00eda sido remodelada hace casi 50 a\u00f1os y ahora contar\u00e1 con elementos esc\u00e9nicos que lo colocar\u00e1n a la altura de recintos internacionales y se convertir\u00e1 en un lugar propicio para espect\u00e1culos de talla internacional.<\/p>\n","protected":false},"author":3,"featured_media":233976,"comment_status":"open","ping_status":"open","sticky":false,"template":"","format":"standard","meta":{"_monsterinsights_skip_tracking":false,"_monsterinsights_sitenote_active":false,"_monsterinsights_sitenote_note":"","_monsterinsights_sitenote_category":0,"footnotes":""},"categories":[3],"tags":[5828,43675,25048,10760,452],"class_list":["post-233881","post","type-post","status-publish","format-standard","has-post-thumbnail","hentry","category-nacional","tag-eruviel-avila-villegas","tag-estado-de-mexico","tag-reconstruccion","tag-teatro-morelos","tag-toluca"],"_links":{"self":[{"href":"https:\/\/www.diarioimagen.net\/index.php?rest_route=\/wp\/v2\/posts\/233881","targetHints":{"allow":["GET"]}}],"collection":[{"href":"https:\/\/www.diarioimagen.net\/index.php?rest_route=\/wp\/v2\/posts"}],"about":[{"href":"https:\/\/www.diarioimagen.net\/index.php?rest_route=\/wp\/v2\/types\/post"}],"author":[{"embeddable":true,"href":"https:\/\/www.diarioimagen.net\/index.php?rest_route=\/wp\/v2\/users\/3"}],"replies":[{"embeddable":true,"href":"https:\/\/www.diarioimagen.net\/index.php?rest_route=%2Fwp%2Fv2%2Fcomments&post=233881"}],"version-history":[{"count":0,"href":"https:\/\/www.diarioimagen.net\/index.php?rest_route=\/wp\/v2\/posts\/233881\/revisions"}],"wp:featuredmedia":[{"embeddable":true,"href":"https:\/\/www.diarioimagen.net\/index.php?rest_route=\/wp\/v2\/media\/233976"}],"wp:attachment":[{"href":"https:\/\/www.diarioimagen.net\/index.php?rest_route=%2Fwp%2Fv2%2Fmedia&parent=233881"}],"wp:term":[{"taxonomy":"category","embeddable":true,"href":"https:\/\/www.diarioimagen.net\/index.php?rest_route=%2Fwp%2Fv2%2Fcategories&post=233881"},{"taxonomy":"post_tag","embeddable":true,"href":"https:\/\/www.diarioimagen.net\/index.php?rest_route=%2Fwp%2Fv2%2Ftags&post=233881"}],"curies":[{"name":"wp","href":"https:\/\/api.w.org\/{rel}","templated":true}]}}