{"id":233900,"date":"2015-09-10T00:04:59","date_gmt":"2015-09-10T05:04:59","guid":{"rendered":"http:\/\/www.diarioimagen.net\/?p=233900"},"modified":"2015-09-11T03:59:37","modified_gmt":"2015-09-11T08:59:37","slug":"suicidio-tercera-causa-de-muerte-entre-jovenes","status":"publish","type":"post","link":"https:\/\/www.diarioimagen.net\/?p=233900","title":{"rendered":"Suicidio, tercera causa de muerte entre j\u00f3venes"},"content":{"rendered":"<ul>\n<li><strong><em>Es el reflejo de una \u201csociedad fracturada\u201d<\/em><\/strong><\/li>\n<\/ul>\n<h6>Claudia Arellano<\/h6>\n<p>&nbsp;<\/p>\n<p>&nbsp;<\/p>\n<div id=\"attachment_234017\" style=\"width: 250px\" class=\"wp-caption alignleft\"><a href=\"http:\/\/www.diarioimagen.net\/?attachment_id=234017\" rel=\"attachment wp-att-234017\"><img loading=\"lazy\" decoding=\"async\" aria-describedby=\"caption-attachment-234017\" class=\"size-medium wp-image-234017\" src=\"http:\/\/www.diarioimagen.net\/wp-content\/uploads\/2015\/09\/suicidio-2695-240x135.jpg\" alt=\"Las redes sociales generan frustraci\u00f3n entre los j\u00f3venes, que muestran un estilo de vida diferente al que en realidad afrontan; lo siguiente es el suicidio.\" width=\"240\" height=\"135\" srcset=\"https:\/\/www.diarioimagen.net\/wp-content\/uploads\/2015\/09\/suicidio-2695-240x135.jpg 240w, https:\/\/www.diarioimagen.net\/wp-content\/uploads\/2015\/09\/suicidio-2695-420x236.jpg 420w, https:\/\/www.diarioimagen.net\/wp-content\/uploads\/2015\/09\/suicidio-2695-235x132.jpg 235w, https:\/\/www.diarioimagen.net\/wp-content\/uploads\/2015\/09\/suicidio-2695-202x114.jpg 202w, https:\/\/www.diarioimagen.net\/wp-content\/uploads\/2015\/09\/suicidio-2695-350x196.jpg 350w, https:\/\/www.diarioimagen.net\/wp-content\/uploads\/2015\/09\/suicidio-2695-220x123.jpg 220w, https:\/\/www.diarioimagen.net\/wp-content\/uploads\/2015\/09\/suicidio-2695-237x132.jpg 237w, https:\/\/www.diarioimagen.net\/wp-content\/uploads\/2015\/09\/suicidio-2695.jpg 480w\" sizes=\"auto, (max-width: 240px) 100vw, 240px\" \/><\/a><p id=\"caption-attachment-234017\" class=\"wp-caption-text\">Las redes sociales generan frustraci\u00f3n entre los j\u00f3venes, que muestran un estilo de vida diferente al que en realidad afrontan; lo siguiente es el suicidio.<\/p><\/div>\n<p>Las redes sociales han sido factor para propiciar depresi\u00f3n entre personas de 15 y 29 a\u00f1os de edad, pues diversas fuentes aseguran que el \u201cestilo de vida\u201d que suelen mostrar los j\u00f3venes suelen causar frustraci\u00f3n en aquellos que se consideran menos favorecidos econ\u00f3mica y socialmente, lo que por desgracia ha derivado en aumento en el n\u00famero de suicidios en nuestro pa\u00eds.<\/p>\n<p>En entrevista con <strong>DIARIOIMAGEN<\/strong>, el psic\u00f3logo Abraham Castillo, quien brinda atenci\u00f3n como operador telef\u00f3nico de la Secretar\u00eda de Desarrollo Social del DF, indic\u00f3 que las delegaciones con m\u00e1s casos de intento de suicidio en lo que va del segundo trimestre del a\u00f1o fueron: Iztapalapa, Milpa Alta y Xochimilco, agregando que la situaci\u00f3n se considera un problema de salud p\u00fablica, ya que es la tercera causa de muerte entre personas de 15 a 29 a\u00f1os.<\/p>\n<p>Cabe destacar que las redes sociales tienen gran importancia en la sociedad, reflejan la necesidad del ser humano de expresi\u00f3n y reconocimiento. Hoy en d\u00eda formar parte de una red social se ha convertido en una necesidad, las personas necesitan estar actualizadas y \u201cpresentes socialmente\u201d. Los expertos aseguran que aparentemente es muy f\u00e1cil integrarse a una red, pero eso no es lo dif\u00edcil, lo realmente duro es aceptar la cr\u00edtica e incluso burlas en caso de que los comentarios o estilo de vida no sea el que marca la tendencia actual.<\/p>\n<p>\u201c\u00danicamente hay que dar de alta nuestro perfil y comenzar a armarlo, invitando a algunas de nuestras amistades. Pero como todo tiene ventajas y desventajas y el uso de estos nuevos medios de comunicaci\u00f3n no son la excepci\u00f3n, este medio se ha utilizado para reflejar tambi\u00e9n la peor parte del ser humano, salen a la luz infidelidades, carencias e incluso m\u00e1s recientemente asesinatos y ahora suicidios anunciados en la red\u201d, dijo el psic\u00f3logo, quien record\u00f3 el anuncio de la muerte del joven Leonel Padilla Ch\u00e1vez, de 20 a\u00f1os, quien se suicid\u00f3 luego de comentarlo en Facebook.<\/p>\n<p style=\"text-align: center;\"><strong>Leonel desapareci\u00f3 el domingo por la noche<\/strong><\/p>\n<p>Cabe destacar que Leonel era conocido entre los diversos clanes de \u201ccholos\u201d que pululan por las calles en Aguascalientes. Era conocido como \u201cEl Nene\u201d. \u201cLeonel desapareci\u00f3 de su domicilio la noche del domingo pasado, sin que sus familiares se percataran de las ideas suicidas que le rondaban, eso pasa con la mayor\u00eda de la gente que termina con su vida, sobre todo con los j\u00f3venes, pues de pronto sin raz\u00f3n alguna lo hacen, aunque si dan manifestaciones de depresi\u00f3n mayormente causada por todo lo que llegan a ver que poseen otros y ellos creen que carecen\u201d.<\/p>\n<p>Recientemente reson\u00f3 fuerte el caso de Leonel, quien termin\u00f3 con su vida anunciando el hecho previo en su cuenta de Facebook. El joven fue hallado colgado de la rama de un mezquite. Durante la integraci\u00f3n de las diligencias para deslindar responsabilidades, se encontr\u00f3 en un equipo de c\u00f3mputo que aparte de haber modificado su galer\u00eda de fotograf\u00edas y cambiar la de su perfil, hab\u00eda redactado: \u201cpos hoy me les boy (sic) banda los espero en mi entierro\u201d, seguido de: \u201cme siento terrible\u201d. A la publicaci\u00f3n anex\u00f3 un video musical titulado \u201cMi vida sin ti\u201d de la banda Pelillos.<\/p>\n<p>Como el caso de Leonel se han dado muchos en el mundo en el \u00faltimo lustro. Castillo refiere que en el DF han logrado evitar muchos desenlaces fatales y que los d\u00edas que llegan a tener m\u00e1s llamadas para brindar atenci\u00f3n son los fines de semana por la noche. Recuerda el caso de una mujer de 27 a\u00f1os, quien al iniciar la conversaci\u00f3n refiri\u00f3 sentirse \u201ctorpe\u201d en todo lo que realizaba, su relato comenz\u00f3 con la \u201cexcelente vida\u201d que a diferencia de ella llevaban amigas de su edad.<\/p>\n<p style=\"text-align: center;\"><strong>Protocolo de alerta<\/strong><\/p>\n<p>Ante situaciones as\u00ed, los operadores del Consejo Ciudadano de la Ciudad de M\u00e9xico detectan de manera casi \u201colfativa\u201d las intenciones de quienes solicitan ayuda y al tener la alerta activan el protocolo de intervenci\u00f3n en crisis y de ese modo evitan un desenlace fatal. Afirma que se trata de una especie de terapia expr\u00e9s y en caso de ser preciso dan aviso a la Secretar\u00eda de Seguridad P\u00fablica y cuerpos de emergencia para dirigirse al domicilio del posible suicida.<\/p>\n<p>&nbsp;<\/p>\n","protected":false},"excerpt":{"rendered":"<p>Las redes sociales han sido factor para propiciar depresi\u00f3n entre personas de 15 y 29 a\u00f1os de edad, pues diversas fuentes aseguran que el \u201cestilo de vida\u201d que suelen mostrar los j\u00f3venes suelen causar frustraci\u00f3n en aquellos que se consideran menos favorecidos econ\u00f3mica y socialmente, lo que por desgracia ha derivado en aumento en el n\u00famero de suicidios en nuestro pa\u00eds.<\/p>\n","protected":false},"author":3,"featured_media":234017,"comment_status":"open","ping_status":"open","sticky":false,"template":"","format":"standard","meta":{"_monsterinsights_skip_tracking":false,"_monsterinsights_sitenote_active":false,"_monsterinsights_sitenote_note":"","_monsterinsights_sitenote_category":0,"footnotes":""},"categories":[3],"tags":[252,260,8202,43677,2973],"class_list":["post-233900","post","type-post","status-publish","format-standard","has-post-thumbnail","hentry","category-nacional","tag-facebook","tag-jovenes","tag-muerte","tag-seguridad","tag-suicidio"],"_links":{"self":[{"href":"https:\/\/www.diarioimagen.net\/index.php?rest_route=\/wp\/v2\/posts\/233900","targetHints":{"allow":["GET"]}}],"collection":[{"href":"https:\/\/www.diarioimagen.net\/index.php?rest_route=\/wp\/v2\/posts"}],"about":[{"href":"https:\/\/www.diarioimagen.net\/index.php?rest_route=\/wp\/v2\/types\/post"}],"author":[{"embeddable":true,"href":"https:\/\/www.diarioimagen.net\/index.php?rest_route=\/wp\/v2\/users\/3"}],"replies":[{"embeddable":true,"href":"https:\/\/www.diarioimagen.net\/index.php?rest_route=%2Fwp%2Fv2%2Fcomments&post=233900"}],"version-history":[{"count":0,"href":"https:\/\/www.diarioimagen.net\/index.php?rest_route=\/wp\/v2\/posts\/233900\/revisions"}],"wp:featuredmedia":[{"embeddable":true,"href":"https:\/\/www.diarioimagen.net\/index.php?rest_route=\/wp\/v2\/media\/234017"}],"wp:attachment":[{"href":"https:\/\/www.diarioimagen.net\/index.php?rest_route=%2Fwp%2Fv2%2Fmedia&parent=233900"}],"wp:term":[{"taxonomy":"category","embeddable":true,"href":"https:\/\/www.diarioimagen.net\/index.php?rest_route=%2Fwp%2Fv2%2Fcategories&post=233900"},{"taxonomy":"post_tag","embeddable":true,"href":"https:\/\/www.diarioimagen.net\/index.php?rest_route=%2Fwp%2Fv2%2Ftags&post=233900"}],"curies":[{"name":"wp","href":"https:\/\/api.w.org\/{rel}","templated":true}]}}