{"id":233914,"date":"2015-09-10T00:03:58","date_gmt":"2015-09-10T05:03:58","guid":{"rendered":"http:\/\/www.diarioimagen.net\/?p=233914"},"modified":"2015-09-10T06:53:59","modified_gmt":"2015-09-10T11:53:59","slug":"sacar-la-casta-pide-vuoso-a-cementeros","status":"publish","type":"post","link":"https:\/\/www.diarioimagen.net\/?p=233914","title":{"rendered":"Sacar la casta, pide Vuoso a cementeros"},"content":{"rendered":"<ul>\n<li><strong><em>Se mide a Rayados este s\u00e1bado<\/em><\/strong><\/li>\n<\/ul>\n<div id=\"attachment_234012\" style=\"width: 250px\" class=\"wp-caption alignleft\"><a href=\"http:\/\/www.diarioimagen.net\/?attachment_id=234012\" rel=\"attachment wp-att-234012\"><img loading=\"lazy\" decoding=\"async\" aria-describedby=\"caption-attachment-234012\" class=\"size-medium wp-image-234012\" src=\"http:\/\/www.diarioimagen.net\/wp-content\/uploads\/2015\/09\/deportes-2295-240x135.jpg\" alt=\"Mat\u00edas Vuoso conf\u00eda en recomponer el camino en el Cruz Azul.\" width=\"240\" height=\"135\" srcset=\"https:\/\/www.diarioimagen.net\/wp-content\/uploads\/2015\/09\/deportes-2295-240x135.jpg 240w, https:\/\/www.diarioimagen.net\/wp-content\/uploads\/2015\/09\/deportes-2295-420x236.jpg 420w, https:\/\/www.diarioimagen.net\/wp-content\/uploads\/2015\/09\/deportes-2295-235x132.jpg 235w, https:\/\/www.diarioimagen.net\/wp-content\/uploads\/2015\/09\/deportes-2295-202x114.jpg 202w, https:\/\/www.diarioimagen.net\/wp-content\/uploads\/2015\/09\/deportes-2295-350x196.jpg 350w, https:\/\/www.diarioimagen.net\/wp-content\/uploads\/2015\/09\/deportes-2295-220x123.jpg 220w, https:\/\/www.diarioimagen.net\/wp-content\/uploads\/2015\/09\/deportes-2295-237x132.jpg 237w, https:\/\/www.diarioimagen.net\/wp-content\/uploads\/2015\/09\/deportes-2295.jpg 480w\" sizes=\"auto, (max-width: 240px) 100vw, 240px\" \/><\/a><p id=\"caption-attachment-234012\" class=\"wp-caption-text\">Mat\u00edas Vuoso conf\u00eda en recomponer el camino en el Cruz Azul.<\/p><\/div>\n<p>Cruz Azul atraviesa un momento complicado en el Torneo Apertura 2015 de la Liga MX, por tal raz\u00f3n el atacante Mat\u00edas Vuoso pidi\u00f3 sacar la casta para recomponer el camino en el certamen.<\/p>\n<p>La \u201cM\u00e1quina\u201d se medir\u00e1 a Rayados de Monterrey este s\u00e1bado en actividad de la fecha ocho y lo har\u00e1 con algunas ausencias y con una racha de cuatro derrotas seguidas en el torneo, as\u00ed que el resto del plantel deber\u00e1 de responder con prosapia.<\/p>\n<p>\u201cQuiz\u00e1 si las cosas estuvieran bien seria un momento menos complicado para debutar gente. Los que estamos tendremos que sacar la casta por nuestro compa\u00f1eros\u201d, asegur\u00f3 en las instalaciones de La Noria.<\/p>\n<p>Declar\u00f3 que la presi\u00f3n existe ante el mal paso del equipo, pero conf\u00eda en recomponer el camino, \u201cpresi\u00f3n en un equipo as\u00ed siempre hay y m\u00e1s sino se sacan los resultados, pero creo que la gente que est\u00e1 va a tratar de sacar la casta y hacer las cosas bien por el beneficio del equipo\u201d.<\/p>\n<p>Para encarar a Rayados, las ausencias no ser\u00e1n pretexto para no buscar el triunfo que le d\u00e9 tranquilidad al club y sobre todo al entrenador Sergio Bueno.<\/p>\n<p>\u201cTener al equipo mermado no es lo ideal, pero hay gente de sobra para sustituir a los que no est\u00e1n y trataremos de hacerlo lo mejor posible\u201d, expuso.<\/p>\n<p>Sabe que ya no se podr\u00e1 regalar nada en lo que resta del campeonato si Cruz Azul quiere llegar a la liguilla y pelear por el trofeo que se le niega desde 1997.<\/p>\n<p>&nbsp;<\/p>\n","protected":false},"excerpt":{"rendered":"<p>Cruz Azul atraviesa un momento complicado en el Torneo Apertura 2015 de la Liga MX, por tal raz\u00f3n el atacante Mat\u00edas Vuoso pidi\u00f3 sacar la casta para recomponer el camino en el certamen.<\/p>\n","protected":false},"author":3,"featured_media":234012,"comment_status":"open","ping_status":"open","sticky":false,"template":"","format":"standard","meta":{"_monsterinsights_skip_tracking":false,"_monsterinsights_sitenote_active":false,"_monsterinsights_sitenote_note":"","_monsterinsights_sitenote_category":0,"footnotes":""},"categories":[10],"tags":[504,43680],"class_list":["post-233914","post","type-post","status-publish","format-standard","has-post-thumbnail","hentry","category-deportes","tag-cruz-azul","tag-deportes"],"_links":{"self":[{"href":"https:\/\/www.diarioimagen.net\/index.php?rest_route=\/wp\/v2\/posts\/233914","targetHints":{"allow":["GET"]}}],"collection":[{"href":"https:\/\/www.diarioimagen.net\/index.php?rest_route=\/wp\/v2\/posts"}],"about":[{"href":"https:\/\/www.diarioimagen.net\/index.php?rest_route=\/wp\/v2\/types\/post"}],"author":[{"embeddable":true,"href":"https:\/\/www.diarioimagen.net\/index.php?rest_route=\/wp\/v2\/users\/3"}],"replies":[{"embeddable":true,"href":"https:\/\/www.diarioimagen.net\/index.php?rest_route=%2Fwp%2Fv2%2Fcomments&post=233914"}],"version-history":[{"count":0,"href":"https:\/\/www.diarioimagen.net\/index.php?rest_route=\/wp\/v2\/posts\/233914\/revisions"}],"wp:featuredmedia":[{"embeddable":true,"href":"https:\/\/www.diarioimagen.net\/index.php?rest_route=\/wp\/v2\/media\/234012"}],"wp:attachment":[{"href":"https:\/\/www.diarioimagen.net\/index.php?rest_route=%2Fwp%2Fv2%2Fmedia&parent=233914"}],"wp:term":[{"taxonomy":"category","embeddable":true,"href":"https:\/\/www.diarioimagen.net\/index.php?rest_route=%2Fwp%2Fv2%2Fcategories&post=233914"},{"taxonomy":"post_tag","embeddable":true,"href":"https:\/\/www.diarioimagen.net\/index.php?rest_route=%2Fwp%2Fv2%2Ftags&post=233914"}],"curies":[{"name":"wp","href":"https:\/\/api.w.org\/{rel}","templated":true}]}}